{"id":4867,"date":"2014-11-25T06:56:02","date_gmt":"2014-11-25T04:56:02","guid":{"rendered":"http:\/\/www.sabine-seyffert.de\/blog\/?p=4867"},"modified":"2017-03-02T14:34:09","modified_gmt":"2017-03-02T12:34:09","slug":"leuchtende-zapfen-herbstliche-deko-idee","status":"publish","type":"post","link":"https:\/\/www.sabine-seyffert.de\/blog\/leuchtende-zapfen-herbstliche-deko-idee\/","title":{"rendered":"Leuchtende Zapfen \/ Herbstliche Deko Idee"},"content":{"rendered":"<p style=\"text-align: justify;\"><img loading=\"lazy\" decoding=\"async\" src=\"https:\/\/ssl-vg03.met.vgwort.de\/na\/a1d0632dc1214d03b5db50e2b4088e32\" alt=\"\" width=\"1\" height=\"1\" \/>Ich mag das Licht von Kerzen \u2013 jederzeit! Und in der <a href=\"http:\/\/www.sabine-seyffert.de\/blog\/?cat=25\" target=\"_blank\">Herbst<\/a>&#8211; und <a href=\"http:\/\/www.sabine-seyffert.de\/blog\/?cat=22\" target=\"_blank\">Winterzeit<\/a> ganz besonders. Denn wenn sich die Dunkelheit wie ein warmer Mantel \u00fcber die Stadt legt, dann bringt das Kerzenlicht nicht nur einen zauberhaften Glanz ins traute Heim, sondern eine gro\u00dfe Portion Gem\u00fctlichkeit. Und Kerzenglanz ist einfach stimmungsvoll!<\/p>\n<p style=\"text-align: center;\"><a href=\"http:\/\/www.sabine-seyffert.de\/blog\/wp-content\/uploads\/2014\/11\/K-61.jpg\"><img loading=\"lazy\" decoding=\"async\" class=\"alignnone size-full wp-image-4868\" src=\"http:\/\/www.sabine-seyffert.de\/blog\/wp-content\/uploads\/2014\/11\/K-61.jpg\" alt=\"K 6\" width=\"800\" height=\"600\" srcset=\"https:\/\/www.sabine-seyffert.de\/blog\/wp-content\/uploads\/2014\/11\/K-61.jpg 800w, https:\/\/www.sabine-seyffert.de\/blog\/wp-content\/uploads\/2014\/11\/K-61-300x225.jpg 300w\" sizes=\"auto, (max-width: 800px) 100vw, 800px\" \/><\/a><\/p>\n<p style=\"text-align: justify;\">Da <a href=\"http:\/\/www.sabine-seyffert.de\/blog\/?cat=41\" target=\"_blank\">die Zeit<\/a> f\u00fcr einen Adventskranz vor einer Woche doch noch etwas verfr\u00fcht war, habe ich nach einer passenden Alternative gesucht. Gerade morgens beim Fr\u00fchst\u00fcck oder auch beim Abendbrot mag ich es, wenn brennende Kerzen auf dem Tisch stehen.<\/p>\n<p style=\"text-align: center;\"><a href=\"http:\/\/www.sabine-seyffert.de\/blog\/wp-content\/uploads\/2014\/11\/K-51.jpg\"><img loading=\"lazy\" decoding=\"async\" class=\"alignnone size-full wp-image-4869\" src=\"http:\/\/www.sabine-seyffert.de\/blog\/wp-content\/uploads\/2014\/11\/K-51.jpg\" alt=\"K 5\" width=\"800\" height=\"600\" srcset=\"https:\/\/www.sabine-seyffert.de\/blog\/wp-content\/uploads\/2014\/11\/K-51.jpg 800w, https:\/\/www.sabine-seyffert.de\/blog\/wp-content\/uploads\/2014\/11\/K-51-300x225.jpg 300w\" sizes=\"auto, (max-width: 800px) 100vw, 800px\" \/><\/a><\/p>\n<p style=\"text-align: justify;\"><strong>Das wird gebraucht:<\/strong><br \/>\nEin rundes Holztablett (meins hat einen Durchmesser von ca. 30-35 cm), eine gro\u00dfe Kerze und jede Menge Zapfen, m\u00f6glichst verschiedener Art, Form und Gr\u00f6\u00dfe<\/p>\n<p style=\"text-align: center;\"><a href=\"http:\/\/www.sabine-seyffert.de\/blog\/wp-content\/uploads\/2014\/11\/K-4.jpg\"><img loading=\"lazy\" decoding=\"async\" class=\"alignnone size-full wp-image-4870\" src=\"http:\/\/www.sabine-seyffert.de\/blog\/wp-content\/uploads\/2014\/11\/K-4.jpg\" alt=\"K 4\" width=\"800\" height=\"600\" srcset=\"https:\/\/www.sabine-seyffert.de\/blog\/wp-content\/uploads\/2014\/11\/K-4.jpg 800w, https:\/\/www.sabine-seyffert.de\/blog\/wp-content\/uploads\/2014\/11\/K-4-300x225.jpg 300w\" sizes=\"auto, (max-width: 800px) 100vw, 800px\" \/><\/a><\/p>\n<p style=\"text-align: justify;\"><strong>So wird\u2019s gemacht:<\/strong><br \/>\nVon verschiedenen Spazierg\u00e4ngen durch die herbstlichen W\u00e4lder, haben sich zahlreiche Zapfen bei uns eingefunden. Denn immer wieder haben wie unterwegs neue Zapfenarten finden k\u00f6nnen, die sich prima zum Basteln und auch Dekorieren eignen:<\/p>\n<p style=\"text-align: center;\"><a href=\"http:\/\/www.sabine-seyffert.de\/blog\/wp-content\/uploads\/2014\/11\/K-3.jpg\"><img loading=\"lazy\" decoding=\"async\" class=\"alignnone size-full wp-image-4871\" src=\"http:\/\/www.sabine-seyffert.de\/blog\/wp-content\/uploads\/2014\/11\/K-3.jpg\" alt=\"K 3\" width=\"600\" height=\"800\" srcset=\"https:\/\/www.sabine-seyffert.de\/blog\/wp-content\/uploads\/2014\/11\/K-3.jpg 600w, https:\/\/www.sabine-seyffert.de\/blog\/wp-content\/uploads\/2014\/11\/K-3-225x300.jpg 225w\" sizes=\"auto, (max-width: 600px) 100vw, 600px\" \/><\/a><\/p>\n<p style=\"text-align: justify;\">Angefangen vom Mammutbaum, verschiedene Kiefernzapfen, Pinienzapfen, Fichtenzapfen, kleine Zapfen von der L\u00e4rche bis hin zu einigen anderen Arten, die ich nicht allesamt zuordnen kann.<\/p>\n<p style=\"text-align: center;\"><a href=\"http:\/\/www.sabine-seyffert.de\/blog\/wp-content\/uploads\/2014\/11\/K-91.jpg\"><img loading=\"lazy\" decoding=\"async\" class=\"alignnone size-full wp-image-4872\" src=\"http:\/\/www.sabine-seyffert.de\/blog\/wp-content\/uploads\/2014\/11\/K-91.jpg\" alt=\"K 9\" width=\"800\" height=\"600\" srcset=\"https:\/\/www.sabine-seyffert.de\/blog\/wp-content\/uploads\/2014\/11\/K-91.jpg 800w, https:\/\/www.sabine-seyffert.de\/blog\/wp-content\/uploads\/2014\/11\/K-91-300x225.jpg 300w\" sizes=\"auto, (max-width: 800px) 100vw, 800px\" \/><\/a><\/p>\n<p style=\"text-align: justify;\">Eine Kerze hatte ich auch noch im Fundus. Die wanderte schnurstracks auf das h\u00f6lzerne Tablett und das Zapfenallerlei ebenso. Die Zapfen wurden um die Kerze herum verteilt und m\u00f6glichst so, dass der Docht in gen\u00fcgend Sicherheitsabstand zu finden ist.<\/p>\n<p style=\"text-align: center;\"><a href=\"http:\/\/www.sabine-seyffert.de\/blog\/wp-content\/uploads\/2014\/11\/K-8.jpg\"><img loading=\"lazy\" decoding=\"async\" class=\"alignnone size-full wp-image-4873\" src=\"http:\/\/www.sabine-seyffert.de\/blog\/wp-content\/uploads\/2014\/11\/K-8.jpg\" alt=\"K 8\" width=\"800\" height=\"600\" srcset=\"https:\/\/www.sabine-seyffert.de\/blog\/wp-content\/uploads\/2014\/11\/K-8.jpg 800w, https:\/\/www.sabine-seyffert.de\/blog\/wp-content\/uploads\/2014\/11\/K-8-300x225.jpg 300w\" sizes=\"auto, (max-width: 800px) 100vw, 800px\" \/><\/a><\/p>\n<p style=\"text-align: justify;\">Das dekorierte Tablett hat nun seinen festen Platz auf unserem Esstisch gefunden und bei jeder Mahlzeit k\u00f6nnen wir uns nun an dem herbstlichen Lichterglanz erfreuen.<\/p>\n<p style=\"text-align: center;\"><a href=\"http:\/\/www.sabine-seyffert.de\/blog\/wp-content\/uploads\/2014\/11\/K-21.jpg\"><img loading=\"lazy\" decoding=\"async\" class=\"alignnone size-full wp-image-4874\" src=\"http:\/\/www.sabine-seyffert.de\/blog\/wp-content\/uploads\/2014\/11\/K-21.jpg\" alt=\"K 2\" width=\"800\" height=\"600\" srcset=\"https:\/\/www.sabine-seyffert.de\/blog\/wp-content\/uploads\/2014\/11\/K-21.jpg 800w, https:\/\/www.sabine-seyffert.de\/blog\/wp-content\/uploads\/2014\/11\/K-21-300x225.jpg 300w\" sizes=\"auto, (max-width: 800px) 100vw, 800px\" \/><\/a><\/p>\n<p style=\"text-align: justify;\">Die gro\u00dfe Kerze auf dem Zapfentablett leuchtet nun mit unseren <a href=\"http:\/\/www.sabine-seyffert.de\/blog\/?p=4749\" target=\"_blank\">Herbstlichen Lichtern<\/a> kr\u00e4ftig um die Wette und sorgt f\u00fcr eine behagliche Stimmung.<\/p>\n<p style=\"text-align: center;\"><a href=\"http:\/\/www.sabine-seyffert.de\/blog\/wp-content\/uploads\/2014\/11\/K-101.jpg\"><img loading=\"lazy\" decoding=\"async\" class=\"alignnone size-full wp-image-4875\" src=\"http:\/\/www.sabine-seyffert.de\/blog\/wp-content\/uploads\/2014\/11\/K-101.jpg\" alt=\"K 10\" width=\"800\" height=\"600\" srcset=\"https:\/\/www.sabine-seyffert.de\/blog\/wp-content\/uploads\/2014\/11\/K-101.jpg 800w, https:\/\/www.sabine-seyffert.de\/blog\/wp-content\/uploads\/2014\/11\/K-101-300x225.jpg 300w\" sizes=\"auto, (max-width: 800px) 100vw, 800px\" \/><\/a><\/p>\n<p style=\"text-align: justify;\">Alles zum Thema Herbst findet Ihr <a href=\"http:\/\/www.sabine-seyffert.de\/blog\/?cat=25\" target=\"_blank\">hier<\/a>, Deko Ideen <a href=\"http:\/\/www.sabine-seyffert.de\/blog\/?cat=12\" target=\"_blank\">dort<\/a> und weitere kreative Dinge <a href=\"http:\/\/www.creadienstag.de\/2014\/11\/151.html\" target=\"_blank\">da<\/a>!<\/p>\n<p style=\"text-align: center;\"><a href=\"http:\/\/www.sabine-seyffert.de\/blog\/wp-content\/uploads\/2014\/11\/K-111.jpg\"><img loading=\"lazy\" decoding=\"async\" class=\"alignnone size-full wp-image-4876\" src=\"http:\/\/www.sabine-seyffert.de\/blog\/wp-content\/uploads\/2014\/11\/K-111.jpg\" alt=\"K 11\" width=\"800\" height=\"600\" srcset=\"https:\/\/www.sabine-seyffert.de\/blog\/wp-content\/uploads\/2014\/11\/K-111.jpg 800w, https:\/\/www.sabine-seyffert.de\/blog\/wp-content\/uploads\/2014\/11\/K-111-300x225.jpg 300w\" sizes=\"auto, (max-width: 800px) 100vw, 800px\" \/><\/a><\/p>\n<p style=\"text-align: justify;\"><a href=\"http:\/\/www.sabine-seyffert.de\/blog\/?page_id=32#urheberrecht\">urheberrechtlich gesch\u00fctzt<\/a>, \u00a9 Sabine Seyffert<\/p>\n","protected":false},"excerpt":{"rendered":"<p>Ich mag das Licht von Kerzen \u2013 jederzeit! Und in der Herbst&#8211; und Winterzeit ganz besonders. Denn wenn sich die Dunkelheit wie ein warmer Mantel \u00fcber die Stadt legt, dann bringt das Kerzenlicht nicht nur einen zauberhaften Glanz ins traute Heim, sondern eine gro\u00dfe Portion Gem\u00fctlichkeit. Und Kerzenglanz ist einfach stimmungsvoll! Da die Zeit f\u00fcr&#8230; <a href=\"https:\/\/www.sabine-seyffert.de\/blog\/leuchtende-zapfen-herbstliche-deko-idee\/\" class=\"more-link\">Read more: Leuchtende Zapfen \/ Herbstliche Deko Idee<\/a><\/p>\n","protected":false},"author":2,"featured_media":0,"comment_status":"open","ping_status":"open","sticky":false,"template":"","format":"standard","meta":{"_metis_text_type":"","_metis_text_length":1890,"_post_count":0,"footnotes":""},"categories":[12,25,47],"tags":[],"class_list":["post-4867","post","type-post","status-publish","format-standard","hentry","category-deko-ideen","category-herbst","category-upcyceltes"],"_links":{"self":[{"href":"https:\/\/www.sabine-seyffert.de\/blog\/wp-json\/wp\/v2\/posts\/4867","targetHints":{"allow":["GET"]}}],"collection":[{"href":"https:\/\/www.sabine-seyffert.de\/blog\/wp-json\/wp\/v2\/posts"}],"about":[{"href":"https:\/\/www.sabine-seyffert.de\/blog\/wp-json\/wp\/v2\/types\/post"}],"author":[{"embeddable":true,"href":"https:\/\/www.sabine-seyffert.de\/blog\/wp-json\/wp\/v2\/users\/2"}],"replies":[{"embeddable":true,"href":"https:\/\/www.sabine-seyffert.de\/blog\/wp-json\/wp\/v2\/comments?post=4867"}],"version-history":[{"count":2,"href":"https:\/\/www.sabine-seyffert.de\/blog\/wp-json\/wp\/v2\/posts\/4867\/revisions"}],"predecessor-version":[{"id":4878,"href":"https:\/\/www.sabine-seyffert.de\/blog\/wp-json\/wp\/v2\/posts\/4867\/revisions\/4878"}],"wp:attachment":[{"href":"https:\/\/www.sabine-seyffert.de\/blog\/wp-json\/wp\/v2\/media?parent=4867"}],"wp:term":[{"taxonomy":"category","embeddable":true,"href":"https:\/\/www.sabine-seyffert.de\/blog\/wp-json\/wp\/v2\/categories?post=4867"},{"taxonomy":"post_tag","embeddable":true,"href":"https:\/\/www.sabine-seyffert.de\/blog\/wp-json\/wp\/v2\/tags?post=4867"}],"curies":[{"name":"wp","href":"https:\/\/api.w.org\/{rel}","templated":true}]}}