{"id":4857,"date":"2014-11-21T16:10:02","date_gmt":"2014-11-21T14:10:02","guid":{"rendered":"http:\/\/www.sabine-seyffert.de\/blog\/?p=4857"},"modified":"2017-03-02T14:41:14","modified_gmt":"2017-03-02T12:41:14","slug":"koestlicher-curry-senf-dip","status":"publish","type":"post","link":"https:\/\/www.sabine-seyffert.de\/blog\/koestlicher-curry-senf-dip\/","title":{"rendered":"K\u00f6stlicher Curry Senf Dip"},"content":{"rendered":"<p style=\"text-align: justify;\"><img loading=\"lazy\" decoding=\"async\" src=\"https:\/\/ssl-vg03.met.vgwort.de\/na\/3c843f1a69d74c42903ad595d05aa0dc\" alt=\"\" width=\"1\" height=\"1\" \/><br \/>\nAbendlicher Besuch hat sich angek\u00fcndigt. Und seit einem l\u00e4nger zur\u00fcckliegenden Fest habe ich den betreffenden G\u00e4sten fest versprochen das Rezept zu dem Curry Senf Dip zu verraten. Normalerweise agiere ich stets nach dem Motto: \u201eWas du heute kannst besorgen\u2026\u201c Das Problem dabei ist nur jedoch, das ich solche Art Aufstriche meistens nach Lust und Laune anr\u00fchre und dabei nicht wirklich auf die genaue Menge achte. (Oder bedauerlicherweise auch schon mal gerne vergesse um welchen Dip \/ Aufstrich es \u00fcberhaupt geht\u2026) Da mir noch ausreichend Zeit blieb, habe ich mein Versprechend gehalten und nicht nur auf die Schnelle den gew\u00fcnschten Curry-Senf-Dip anger\u00fchrt, sondern dabei auch gleich notiert, welche Zutaten, in welcher Menge dort hineingewandert sind.<\/p>\n<p style=\"text-align: center;\"><a href=\"http:\/\/www.sabine-seyffert.de\/blog\/wp-content\/uploads\/2014\/11\/Unbenannt-24.jpg\"><img loading=\"lazy\" decoding=\"async\" class=\"alignnone size-full wp-image-4858\" src=\"http:\/\/www.sabine-seyffert.de\/blog\/wp-content\/uploads\/2014\/11\/Unbenannt-24.jpg\" alt=\"Unbenannt - 24\" width=\"800\" height=\"600\" srcset=\"https:\/\/www.sabine-seyffert.de\/blog\/wp-content\/uploads\/2014\/11\/Unbenannt-24.jpg 800w, https:\/\/www.sabine-seyffert.de\/blog\/wp-content\/uploads\/2014\/11\/Unbenannt-24-300x225.jpg 300w\" sizes=\"auto, (max-width: 800px) 100vw, 800px\" \/><\/a><\/p>\n<p style=\"text-align: justify;\"><strong>Das wird gebraucht:<\/strong><br \/>\n200 gr Frischk\u00e4se, 2-3 E\u00dfl gek\u00f6rnter Senf, 1 TL Curry, 1-2 E\u00dfl Creme Fraiche, 1 TL fl\u00fcssiger Honig, Salz, Pfeffer<\/p>\n<p style=\"text-align: center;\"><a href=\"http:\/\/www.sabine-seyffert.de\/blog\/wp-content\/uploads\/2014\/11\/Unbenannt-23.jpg\"><img loading=\"lazy\" decoding=\"async\" class=\"alignnone size-full wp-image-4859\" src=\"http:\/\/www.sabine-seyffert.de\/blog\/wp-content\/uploads\/2014\/11\/Unbenannt-23.jpg\" alt=\"Unbenannt - 23\" width=\"800\" height=\"600\" srcset=\"https:\/\/www.sabine-seyffert.de\/blog\/wp-content\/uploads\/2014\/11\/Unbenannt-23.jpg 800w, https:\/\/www.sabine-seyffert.de\/blog\/wp-content\/uploads\/2014\/11\/Unbenannt-23-300x225.jpg 300w\" sizes=\"auto, (max-width: 800px) 100vw, 800px\" \/><\/a><\/p>\n<p style=\"text-align: justify;\"><strong>So wird\u2019s gemacht:<\/strong><br \/>\nDen gesamten Frischk\u00e4se f\u00fcllt man in eine kleine Sch\u00fcssel und gibt den gek\u00f6rnten Senf dazu. Diese Zutaten vermengt man solange, bis sich der Senf gleichm\u00e4\u00dfig im K\u00e4se verteilt hat. Jetzt gibt man einen Teel\u00f6ffel fl\u00fcssigen Honig dazu sowie die Gew\u00fcrze: Curry, Salz und Pfeffer. Diese r\u00fchrt man ebenso unter und verfeinert den Dip mit etwas Creme Fraiche. Anschlie\u00dfend schmeckt man den Dip ab und w\u00fcrzt ggf. nochmals nach. Je nach Geschmack und Vorlieben kann man die Menge an Senf und Curry auch erh\u00f6hen oder etwas reduzieren. In der o.g. Menge ist es zumindest in unserem Fall \u201ekindertauglich\u201c gewesen.<\/p>\n<p style=\"text-align: center;\"><a href=\"http:\/\/www.sabine-seyffert.de\/blog\/wp-content\/uploads\/2014\/11\/Unbenannt-27.jpg\"><img loading=\"lazy\" decoding=\"async\" class=\"alignnone size-full wp-image-4860\" src=\"http:\/\/www.sabine-seyffert.de\/blog\/wp-content\/uploads\/2014\/11\/Unbenannt-27.jpg\" alt=\"Unbenannt - 27\" width=\"800\" height=\"600\" srcset=\"https:\/\/www.sabine-seyffert.de\/blog\/wp-content\/uploads\/2014\/11\/Unbenannt-27.jpg 800w, https:\/\/www.sabine-seyffert.de\/blog\/wp-content\/uploads\/2014\/11\/Unbenannt-27-300x225.jpg 300w\" sizes=\"auto, (max-width: 800px) 100vw, 800px\" \/><\/a><\/p>\n<p style=\"text-align: justify;\">Der Dip eignet sich wunderbar f\u00fcr frisches Baguette, salzige Cracker oder auch Rohkost. Nett verpackt ist dieser auch ein sch\u00f6nes Geschenk aus der K\u00fcche!<\/p>\n<p style=\"text-align: center;\"><a href=\"http:\/\/www.sabine-seyffert.de\/blog\/wp-content\/uploads\/2014\/11\/Unbenannt-25.jpg\"><img loading=\"lazy\" decoding=\"async\" class=\"alignnone size-full wp-image-4861\" src=\"http:\/\/www.sabine-seyffert.de\/blog\/wp-content\/uploads\/2014\/11\/Unbenannt-25.jpg\" alt=\"Unbenannt - 25\" width=\"800\" height=\"600\" srcset=\"https:\/\/www.sabine-seyffert.de\/blog\/wp-content\/uploads\/2014\/11\/Unbenannt-25.jpg 800w, https:\/\/www.sabine-seyffert.de\/blog\/wp-content\/uploads\/2014\/11\/Unbenannt-25-300x225.jpg 300w\" sizes=\"auto, (max-width: 800px) 100vw, 800px\" \/><\/a><\/p>\n<p style=\"text-align: justify;\"><strong>Ein kleiner Tipp:<\/strong><br \/>\nWenn man das Creme Fraiche wegl\u00e4sst wird der Dip von seiner Konsistenz her etwas fester, so dass man diesen auch gut als deftigen Brotaufstrich f\u00fcrs Abendbrot verwenden kann! Schmeckt \u00fcbrigens auch auf Br\u00f6tchen super lecker!<\/p>\n<p style=\"text-align: center;\"><a href=\"http:\/\/www.sabine-seyffert.de\/blog\/wp-content\/uploads\/2014\/11\/Unbenannt-26.jpg\"><img loading=\"lazy\" decoding=\"async\" class=\"alignnone size-full wp-image-4862\" src=\"http:\/\/www.sabine-seyffert.de\/blog\/wp-content\/uploads\/2014\/11\/Unbenannt-26.jpg\" alt=\"Unbenannt - 26\" width=\"600\" height=\"800\" srcset=\"https:\/\/www.sabine-seyffert.de\/blog\/wp-content\/uploads\/2014\/11\/Unbenannt-26.jpg 600w, https:\/\/www.sabine-seyffert.de\/blog\/wp-content\/uploads\/2014\/11\/Unbenannt-26-225x300.jpg 225w\" sizes=\"auto, (max-width: 600px) 100vw, 600px\" \/><\/a><\/p>\n<p style=\"text-align: justify;\"><a href=\"http:\/\/www.sabine-seyffert.de\/blog\/?page_id=32#urheberrecht\">urheberrechtlich gesch\u00fctzt<\/a>, \u00a9 Sabine Seyffert<\/p>\n","protected":false},"excerpt":{"rendered":"<p>Abendlicher Besuch hat sich angek\u00fcndigt. Und seit einem l\u00e4nger zur\u00fcckliegenden Fest habe ich den betreffenden G\u00e4sten fest versprochen das Rezept zu dem Curry Senf Dip zu verraten. Normalerweise agiere ich stets nach dem Motto: \u201eWas du heute kannst besorgen\u2026\u201c Das Problem dabei ist nur jedoch, das ich solche Art Aufstriche meistens nach Lust und Laune&#8230; <a href=\"https:\/\/www.sabine-seyffert.de\/blog\/koestlicher-curry-senf-dip\/\" class=\"more-link\">Read more: K\u00f6stlicher Curry Senf Dip<\/a><\/p>\n","protected":false},"author":2,"featured_media":0,"comment_status":"open","ping_status":"open","sticky":false,"template":"","format":"standard","meta":{"_metis_text_type":"","_metis_text_length":1952,"_post_count":0,"footnotes":""},"categories":[30],"tags":[],"class_list":["post-4857","post","type-post","status-publish","format-standard","hentry","category-rezepte-herzhaft"],"_links":{"self":[{"href":"https:\/\/www.sabine-seyffert.de\/blog\/wp-json\/wp\/v2\/posts\/4857","targetHints":{"allow":["GET"]}}],"collection":[{"href":"https:\/\/www.sabine-seyffert.de\/blog\/wp-json\/wp\/v2\/posts"}],"about":[{"href":"https:\/\/www.sabine-seyffert.de\/blog\/wp-json\/wp\/v2\/types\/post"}],"author":[{"embeddable":true,"href":"https:\/\/www.sabine-seyffert.de\/blog\/wp-json\/wp\/v2\/users\/2"}],"replies":[{"embeddable":true,"href":"https:\/\/www.sabine-seyffert.de\/blog\/wp-json\/wp\/v2\/comments?post=4857"}],"version-history":[{"count":2,"href":"https:\/\/www.sabine-seyffert.de\/blog\/wp-json\/wp\/v2\/posts\/4857\/revisions"}],"predecessor-version":[{"id":4864,"href":"https:\/\/www.sabine-seyffert.de\/blog\/wp-json\/wp\/v2\/posts\/4857\/revisions\/4864"}],"wp:attachment":[{"href":"https:\/\/www.sabine-seyffert.de\/blog\/wp-json\/wp\/v2\/media?parent=4857"}],"wp:term":[{"taxonomy":"category","embeddable":true,"href":"https:\/\/www.sabine-seyffert.de\/blog\/wp-json\/wp\/v2\/categories?post=4857"},{"taxonomy":"post_tag","embeddable":true,"href":"https:\/\/www.sabine-seyffert.de\/blog\/wp-json\/wp\/v2\/tags?post=4857"}],"curies":[{"name":"wp","href":"https:\/\/api.w.org\/{rel}","templated":true}]}}