{"id":4794,"date":"2014-11-07T10:27:30","date_gmt":"2014-11-07T08:27:30","guid":{"rendered":"http:\/\/www.sabine-seyffert.de\/blog\/?p=4794"},"modified":"2018-06-26T09:00:51","modified_gmt":"2018-06-26T07:00:51","slug":"ein-prachtvoller-garten-wasser-ein-schloss-ein-auflugtipp","status":"publish","type":"post","link":"https:\/\/www.sabine-seyffert.de\/blog\/ein-prachtvoller-garten-wasser-ein-schloss-ein-auflugtipp\/","title":{"rendered":"Ein prachtvoller Garten, Wasser &#038; ein Schloss \/ Ein Auflugstipp"},"content":{"rendered":"<p style=\"text-align: center;\"><img loading=\"lazy\" decoding=\"async\" src=\"https:\/\/ssl-vg03.met.vgwort.de\/na\/8be1176efc8d4c20a1ba9bda02d350c8\" alt=\"\" width=\"1\" height=\"1\" \/><a href=\"http:\/\/www.sabine-seyffert.de\/blog\/wp-content\/uploads\/2014\/11\/A-13.jpg\"><img loading=\"lazy\" decoding=\"async\" class=\"alignnone size-full wp-image-4795\" src=\"http:\/\/www.sabine-seyffert.de\/blog\/wp-content\/uploads\/2014\/11\/A-13.jpg\" alt=\"A 13\" width=\"600\" height=\"800\" srcset=\"https:\/\/www.sabine-seyffert.de\/blog\/wp-content\/uploads\/2014\/11\/A-13.jpg 600w, https:\/\/www.sabine-seyffert.de\/blog\/wp-content\/uploads\/2014\/11\/A-13-225x300.jpg 225w\" sizes=\"auto, (max-width: 600px) 100vw, 600px\" \/><\/a><\/p>\n<p style=\"text-align: justify;\">Ende Oktober haben wir das herrliche Herbstwetter f\u00fcr einen kleinen <a href=\"http:\/\/www.sabine-seyffert.de\/blog\/?cat=39\" target=\"_blank\" rel=\"noopener\">Familienausflug<\/a> genutzt. Das Wetter mit seinem herbstlichen Sonnenschein und den milden Temperaturen luden ja geradezu dazu ein. So haben wir gleich nach dem Fr\u00fchst\u00fcck den Rucksack gepackt und haben uns auf den Weg zu <a href=\"vhttp:\/\/www.stiftung-schloss-dyck.de\/\" target=\"_blank\" rel=\"noopener\">Schloss Dyck<\/a> in J\u00fcchen gemacht.<\/p>\n<p style=\"text-align: center;\"><a href=\"http:\/\/www.sabine-seyffert.de\/blog\/wp-content\/uploads\/2014\/11\/A-15.jpg\"><img loading=\"lazy\" decoding=\"async\" class=\"alignnone size-full wp-image-4796\" src=\"http:\/\/www.sabine-seyffert.de\/blog\/wp-content\/uploads\/2014\/11\/A-15.jpg\" alt=\"A 15\" width=\"600\" height=\"800\" srcset=\"https:\/\/www.sabine-seyffert.de\/blog\/wp-content\/uploads\/2014\/11\/A-15.jpg 600w, https:\/\/www.sabine-seyffert.de\/blog\/wp-content\/uploads\/2014\/11\/A-15-225x300.jpg 225w\" sizes=\"auto, (max-width: 600px) 100vw, 600px\" \/><\/a><\/p>\n<p style=\"text-align: justify;\">Der gro\u00dfe Parkplatz war noch ganz leer. Von dort aus ging es dann durch eine kleine Allee zum Eingang. Von hier aus sind wir erst einmal in den Schlossgarten spaziert. Dieser ist wirklich riesengro\u00df.<\/p>\n<p style=\"text-align: center;\"><a href=\"http:\/\/www.sabine-seyffert.de\/blog\/wp-content\/uploads\/2014\/11\/A-5.jpg\"><img loading=\"lazy\" decoding=\"async\" class=\"alignnone size-full wp-image-4797\" src=\"http:\/\/www.sabine-seyffert.de\/blog\/wp-content\/uploads\/2014\/11\/A-5.jpg\" alt=\"A 5\" width=\"800\" height=\"600\" srcset=\"https:\/\/www.sabine-seyffert.de\/blog\/wp-content\/uploads\/2014\/11\/A-5.jpg 800w, https:\/\/www.sabine-seyffert.de\/blog\/wp-content\/uploads\/2014\/11\/A-5-300x225.jpg 300w\" sizes=\"auto, (max-width: 800px) 100vw, 800px\" \/><\/a><\/p>\n<p style=\"text-align: justify;\">Zuerst haben wir uns hier die kleinen G\u00e4rten angeschaut, die von verschiedenen Landschaftsg\u00e4rtnern mit viel Liebe zum Detail gestaltet wurden. Hier kann man sich f\u00fcr den eigenen Garten wirklich sch\u00f6ne Anregungen holen.<\/p>\n<p style=\"text-align: center;\"><a href=\"http:\/\/www.sabine-seyffert.de\/blog\/wp-content\/uploads\/2014\/11\/A-9.jpg\"><img loading=\"lazy\" decoding=\"async\" class=\"alignnone size-full wp-image-4798\" src=\"http:\/\/www.sabine-seyffert.de\/blog\/wp-content\/uploads\/2014\/11\/A-9.jpg\" alt=\"A 9\" width=\"800\" height=\"600\" srcset=\"https:\/\/www.sabine-seyffert.de\/blog\/wp-content\/uploads\/2014\/11\/A-9.jpg 800w, https:\/\/www.sabine-seyffert.de\/blog\/wp-content\/uploads\/2014\/11\/A-9-300x225.jpg 300w\" sizes=\"auto, (max-width: 800px) 100vw, 800px\" \/><\/a><\/p>\n<p style=\"text-align: justify;\">F\u00fcr jeden Geschmack ist hier etwas dabei. Wer mag kann verschiedene Obstb\u00e4ume bewundern, den Gem\u00fcsegarten, der Lust aufs Kochen macht, sch\u00f6ne Pflanzen, B\u00fcsche &amp; Hecken, angelegte Teiche und allerhand einladende Sitzgelegenheiten um die kleinen G\u00e4rten in vollen Z\u00fcgen genie\u00dfen zu k\u00f6nnen.<\/p>\n<p style=\"text-align: center;\"><a href=\"http:\/\/www.sabine-seyffert.de\/blog\/wp-content\/uploads\/2014\/11\/A-7.jpg\"><img loading=\"lazy\" decoding=\"async\" class=\"alignnone size-full wp-image-4799\" src=\"http:\/\/www.sabine-seyffert.de\/blog\/wp-content\/uploads\/2014\/11\/A-7.jpg\" alt=\"A 7\" width=\"600\" height=\"800\" srcset=\"https:\/\/www.sabine-seyffert.de\/blog\/wp-content\/uploads\/2014\/11\/A-7.jpg 600w, https:\/\/www.sabine-seyffert.de\/blog\/wp-content\/uploads\/2014\/11\/A-7-225x300.jpg 225w\" sizes=\"auto, (max-width: 600px) 100vw, 600px\" \/><\/a><\/p>\n<p style=\"text-align: justify;\">F\u00fcr kleine Abenteurer ist der Teil zu empfehlen, bei dem sich hoher Bambus gen Himmel reckt und die schmalen Pfade wie Geheimwege aussehen l\u00e4sst. Hier und dort sind die angelegten G\u00e4rten mit kunstvollen Skulpturen versehen. Leider habe ich vergessen mir die entsprechenden K\u00fcnstler zu notieren, daher kann ich diese hier leider nicht zeigen.<\/p>\n<p style=\"text-align: center;\"><a href=\"http:\/\/www.sabine-seyffert.de\/blog\/wp-content\/uploads\/2014\/11\/A-8.jpg\"><img loading=\"lazy\" decoding=\"async\" class=\"alignnone size-full wp-image-4800\" src=\"http:\/\/www.sabine-seyffert.de\/blog\/wp-content\/uploads\/2014\/11\/A-8.jpg\" alt=\"A 8\" width=\"600\" height=\"800\" srcset=\"https:\/\/www.sabine-seyffert.de\/blog\/wp-content\/uploads\/2014\/11\/A-8.jpg 600w, https:\/\/www.sabine-seyffert.de\/blog\/wp-content\/uploads\/2014\/11\/A-8-225x300.jpg 225w\" sizes=\"auto, (max-width: 600px) 100vw, 600px\" \/><\/a><\/p>\n<p style=\"text-align: justify;\">Aber es gibt au\u00dfer den Skulpturen wirklich so unz\u00e4hlige andere Dinge zu entdecken, dass man aus dem Staunen gar nicht mehr rauskommt!<\/p>\n<p style=\"text-align: center;\"><a href=\"http:\/\/www.sabine-seyffert.de\/blog\/wp-content\/uploads\/2014\/11\/A-12.jpg\"><img loading=\"lazy\" decoding=\"async\" class=\"alignnone size-full wp-image-4801\" src=\"http:\/\/www.sabine-seyffert.de\/blog\/wp-content\/uploads\/2014\/11\/A-12.jpg\" alt=\"A 12\" width=\"800\" height=\"600\" srcset=\"https:\/\/www.sabine-seyffert.de\/blog\/wp-content\/uploads\/2014\/11\/A-12.jpg 800w, https:\/\/www.sabine-seyffert.de\/blog\/wp-content\/uploads\/2014\/11\/A-12-300x225.jpg 300w\" sizes=\"auto, (max-width: 800px) 100vw, 800px\" \/><\/a><\/p>\n<p style=\"text-align: justify;\">Nachdem wir den ersten Teil ausgiebig erforscht hatten, ging es im gro\u00dfen Schlosspark weiter. Hier sind die Wege breiter und f\u00fcr jedermann problemlos begehbar (auch mit Kinderwagen!). Hohe B\u00e4ume, reichlich Wasser und ebenfalls zahlreiche Wege gibt es hier zu entdecken. Leider waren die F\u00fc\u00dfe schon etwas m\u00fcde. Daher haben wir nur einen kleinen Teil des Schlossgartens angeschaut.<\/p>\n<p style=\"text-align: center;\"><a href=\"http:\/\/www.sabine-seyffert.de\/blog\/wp-content\/uploads\/2014\/11\/A-16.jpg\"><img loading=\"lazy\" decoding=\"async\" class=\"alignnone size-full wp-image-4802\" src=\"http:\/\/www.sabine-seyffert.de\/blog\/wp-content\/uploads\/2014\/11\/A-16.jpg\" alt=\"A 16\" width=\"800\" height=\"612\" srcset=\"https:\/\/www.sabine-seyffert.de\/blog\/wp-content\/uploads\/2014\/11\/A-16.jpg 800w, https:\/\/www.sabine-seyffert.de\/blog\/wp-content\/uploads\/2014\/11\/A-16-300x229.jpg 300w\" sizes=\"auto, (max-width: 800px) 100vw, 800px\" \/><\/a><\/p>\n<p style=\"text-align: justify;\">\u00dcber eine prachtvolle Br\u00fccke f\u00fchrt der Weg zum Schloss. Vorbei an dem Gew\u00e4chshaus, in dessen Fenster sich der blaue Himmel munter spiegelte, ging es weiter.<\/p>\n<p style=\"text-align: center;\"><a href=\"http:\/\/www.sabine-seyffert.de\/blog\/wp-content\/uploads\/2014\/11\/A-17.jpg\"><img loading=\"lazy\" decoding=\"async\" class=\"alignnone size-full wp-image-4803\" src=\"http:\/\/www.sabine-seyffert.de\/blog\/wp-content\/uploads\/2014\/11\/A-17.jpg\" alt=\"A 17\" width=\"800\" height=\"600\" srcset=\"https:\/\/www.sabine-seyffert.de\/blog\/wp-content\/uploads\/2014\/11\/A-17.jpg 800w, https:\/\/www.sabine-seyffert.de\/blog\/wp-content\/uploads\/2014\/11\/A-17-300x225.jpg 300w\" sizes=\"auto, (max-width: 800px) 100vw, 800px\" \/><\/a><\/p>\n<p style=\"text-align: justify;\">Von alten Gem\u00e4uern, \u00fcber verschiedene Br\u00fccken, unter dem Torbogen hindurch und kleinen H\u00f6fen.<\/p>\n<p style=\"text-align: center;\"><a href=\"http:\/\/www.sabine-seyffert.de\/blog\/wp-content\/uploads\/2014\/11\/A-19.jpg\"><img loading=\"lazy\" decoding=\"async\" class=\"alignnone size-full wp-image-4804\" src=\"http:\/\/www.sabine-seyffert.de\/blog\/wp-content\/uploads\/2014\/11\/A-19.jpg\" alt=\"A 19\" width=\"600\" height=\"800\" srcset=\"https:\/\/www.sabine-seyffert.de\/blog\/wp-content\/uploads\/2014\/11\/A-19.jpg 600w, https:\/\/www.sabine-seyffert.de\/blog\/wp-content\/uploads\/2014\/11\/A-19-225x300.jpg 225w\" sizes=\"auto, (max-width: 600px) 100vw, 600px\" \/><\/a><\/p>\n<p style=\"text-align: justify;\">Auch hier h\u00e4lt das Anwesen einiges zum Anschauen f\u00fcr seine Besucher bereit. Das Schloss selbst kann man \u00fcbrigens ebenfalls besichtigen.<\/p>\n<p style=\"text-align: center;\"><a href=\"http:\/\/www.sabine-seyffert.de\/blog\/wp-content\/uploads\/2014\/11\/A-21.jpg\"><img loading=\"lazy\" decoding=\"async\" class=\"alignnone size-full wp-image-4805\" src=\"http:\/\/www.sabine-seyffert.de\/blog\/wp-content\/uploads\/2014\/11\/A-21.jpg\" alt=\"A 21\" width=\"600\" height=\"800\" srcset=\"https:\/\/www.sabine-seyffert.de\/blog\/wp-content\/uploads\/2014\/11\/A-21.jpg 600w, https:\/\/www.sabine-seyffert.de\/blog\/wp-content\/uploads\/2014\/11\/A-21-225x300.jpg 225w\" sizes=\"auto, (max-width: 600px) 100vw, 600px\" \/><\/a><\/p>\n<p style=\"text-align: justify;\">Warum sich der Besuch auch f\u00fcr und mit Kindern lohnt, erfahrt Ihr <a href=\"http:\/\/www.sabine-seyffert.de\/blog\/?p=4825\" target=\"_blank\" rel=\"noopener\">hier<\/a> \ud83d\ude42<\/p>\n<p style=\"text-align: justify;\"><a href=\"http:\/\/www.sabine-seyffert.de\/blog\/?page_id=32#urheberrecht\">urheberrechtlich gesch\u00fctzt<\/a>, \u00a9 Sabine Seyffert<\/p>\n","protected":false},"excerpt":{"rendered":"<p>Ende Oktober haben wir das herrliche Herbstwetter f\u00fcr einen kleinen Familienausflug genutzt. Das Wetter mit seinem herbstlichen Sonnenschein und den milden Temperaturen luden ja geradezu dazu ein. So haben wir gleich nach dem Fr\u00fchst\u00fcck den Rucksack gepackt und haben uns auf den Weg zu Schloss Dyck in J\u00fcchen gemacht. Der gro\u00dfe Parkplatz war noch ganz&#8230; <a href=\"https:\/\/www.sabine-seyffert.de\/blog\/ein-prachtvoller-garten-wasser-ein-schloss-ein-auflugtipp\/\" class=\"more-link\">Read more: Ein prachtvoller Garten, Wasser &#038; ein Schloss \/ Ein Auflugstipp<\/a><\/p>\n","protected":false},"author":2,"featured_media":0,"comment_status":"open","ping_status":"open","sticky":false,"template":"","format":"standard","meta":{"_metis_text_type":"","_metis_text_length":2389,"_post_count":0,"footnotes":""},"categories":[39,25],"tags":[],"class_list":["post-4794","post","type-post","status-publish","format-standard","hentry","category-ausfluge-co","category-herbst"],"_links":{"self":[{"href":"https:\/\/www.sabine-seyffert.de\/blog\/wp-json\/wp\/v2\/posts\/4794","targetHints":{"allow":["GET"]}}],"collection":[{"href":"https:\/\/www.sabine-seyffert.de\/blog\/wp-json\/wp\/v2\/posts"}],"about":[{"href":"https:\/\/www.sabine-seyffert.de\/blog\/wp-json\/wp\/v2\/types\/post"}],"author":[{"embeddable":true,"href":"https:\/\/www.sabine-seyffert.de\/blog\/wp-json\/wp\/v2\/users\/2"}],"replies":[{"embeddable":true,"href":"https:\/\/www.sabine-seyffert.de\/blog\/wp-json\/wp\/v2\/comments?post=4794"}],"version-history":[{"count":7,"href":"https:\/\/www.sabine-seyffert.de\/blog\/wp-json\/wp\/v2\/posts\/4794\/revisions"}],"predecessor-version":[{"id":12835,"href":"https:\/\/www.sabine-seyffert.de\/blog\/wp-json\/wp\/v2\/posts\/4794\/revisions\/12835"}],"wp:attachment":[{"href":"https:\/\/www.sabine-seyffert.de\/blog\/wp-json\/wp\/v2\/media?parent=4794"}],"wp:term":[{"taxonomy":"category","embeddable":true,"href":"https:\/\/www.sabine-seyffert.de\/blog\/wp-json\/wp\/v2\/categories?post=4794"},{"taxonomy":"post_tag","embeddable":true,"href":"https:\/\/www.sabine-seyffert.de\/blog\/wp-json\/wp\/v2\/tags?post=4794"}],"curies":[{"name":"wp","href":"https:\/\/api.w.org\/{rel}","templated":true}]}}