{"id":4762,"date":"2014-10-31T11:46:40","date_gmt":"2014-10-31T09:46:40","guid":{"rendered":"http:\/\/www.sabine-seyffert.de\/blog\/?p=4762"},"modified":"2018-10-26T10:03:43","modified_gmt":"2018-10-26T08:03:43","slug":"laternenumzug-einmal-ganz-anders","status":"publish","type":"post","link":"https:\/\/www.sabine-seyffert.de\/blog\/laternenumzug-einmal-ganz-anders\/","title":{"rendered":"Laternenumzug einmal ganz anders&#8230;"},"content":{"rendered":"<p style=\"text-align: justify;\"><img loading=\"lazy\" decoding=\"async\" src=\"https:\/\/ssl-vg03.met.vgwort.de\/na\/2dc0a9611fe7412e8f8e2262f6ca56c0\" alt=\"\" width=\"1\" height=\"1\" \/>Der erste Laternenumzug in diesem Jahr liegt bereits hinter uns. Ein Laternenzug mal ganz anders als man ihn kennt: Ohne Pferd, ohne St. Martin &#8211; daf\u00fcr mit einem musikalischen Schifffahrtsklavier und einer wunderbar frischen Nordseebrise um die Nase. Habt Ihr das schon mal erlebt? Ein Erlebnis, kann ich euch verraten!<\/p>\n<p style=\"text-align: center;\"><a href=\"http:\/\/www.sabine-seyffert.de\/blog\/wp-content\/uploads\/2014\/10\/Unbenannt-23.jpg\"><img loading=\"lazy\" decoding=\"async\" class=\"alignnone size-full wp-image-4763\" src=\"http:\/\/www.sabine-seyffert.de\/blog\/wp-content\/uploads\/2014\/10\/Unbenannt-23.jpg\" alt=\"Unbenannt - 2\" width=\"600\" height=\"784\" srcset=\"https:\/\/www.sabine-seyffert.de\/blog\/wp-content\/uploads\/2014\/10\/Unbenannt-23.jpg 600w, https:\/\/www.sabine-seyffert.de\/blog\/wp-content\/uploads\/2014\/10\/Unbenannt-23-229x300.jpg 229w\" sizes=\"auto, (max-width: 600px) 100vw, 600px\" \/><\/a><\/p>\n<p style=\"text-align: justify;\">Schon oft waren wir zu dieser Jahreszeit an der See und haben von diesem Ereignis gelesen. Bislang hat es jedoch zeitlich nie geklappt. Umso mehr hat es mich gefreut in diesem Jahr endlich einmal mit dabei zu sein. Und das bei rundum fantastischem Herbstwetter, wie man es sich nur w\u00fcnschen kann.<\/p>\n<p style=\"text-align: center;\"><a href=\"http:\/\/www.sabine-seyffert.de\/blog\/wp-content\/uploads\/2014\/10\/Unbenannt-9.jpg\"><img loading=\"lazy\" decoding=\"async\" class=\"alignnone size-full wp-image-4764\" src=\"http:\/\/www.sabine-seyffert.de\/blog\/wp-content\/uploads\/2014\/10\/Unbenannt-9.jpg\" alt=\"Unbenannt - 9\" width=\"800\" height=\"600\" srcset=\"https:\/\/www.sabine-seyffert.de\/blog\/wp-content\/uploads\/2014\/10\/Unbenannt-9.jpg 800w, https:\/\/www.sabine-seyffert.de\/blog\/wp-content\/uploads\/2014\/10\/Unbenannt-9-300x225.jpg 300w\" sizes=\"auto, (max-width: 800px) 100vw, 800px\" \/><\/a><\/p>\n<p style=\"text-align: justify;\">So spazierten wir am besagten Abend zum Treffpunkt, an dem sich schon zahlreiche Familien versammelten hatten. Das Akkordeon stimmte bereits die ersten Laternenlieder an. Zum &#8220;warm Singen&#8221; sozusagen \ud83d\ude42<\/p>\n<p style=\"text-align: center;\"><a href=\"http:\/\/www.sabine-seyffert.de\/blog\/wp-content\/uploads\/2014\/10\/Unbenannt-38.jpg\"><img loading=\"lazy\" decoding=\"async\" class=\"alignnone size-full wp-image-4765\" src=\"http:\/\/www.sabine-seyffert.de\/blog\/wp-content\/uploads\/2014\/10\/Unbenannt-38.jpg\" alt=\"Unbenannt - 3\" width=\"600\" height=\"800\" srcset=\"https:\/\/www.sabine-seyffert.de\/blog\/wp-content\/uploads\/2014\/10\/Unbenannt-38.jpg 600w, https:\/\/www.sabine-seyffert.de\/blog\/wp-content\/uploads\/2014\/10\/Unbenannt-38-225x300.jpg 225w\" sizes=\"auto, (max-width: 600px) 100vw, 600px\" \/><\/a><\/p>\n<p style=\"text-align: justify;\">Schlie\u00dflich setzte sich der Laternenzug in Bewegung. Zu erst ein St\u00fcck die Stra\u00dfe entlang. Doch dann ging es den schmalen Weg zu den D\u00fcnen hinauf. Singend und musizierend wanderten die kleinen und gro\u00dfen Laternens\u00e4nger den Pfad weiter nach oben. Mit herrlichem Blick auf das Meer. Die bunten Laternen leuchteten an diesem Abend mit der untergehenden Abendsonne um die Wette.<\/p>\n<p style=\"text-align: center;\"><a href=\"http:\/\/www.sabine-seyffert.de\/blog\/wp-content\/uploads\/2014\/10\/Unbenannt-51.jpg\"><img loading=\"lazy\" decoding=\"async\" class=\"alignnone size-full wp-image-4768\" src=\"http:\/\/www.sabine-seyffert.de\/blog\/wp-content\/uploads\/2014\/10\/Unbenannt-51.jpg\" alt=\"Unbenannt - 5\" width=\"600\" height=\"800\" srcset=\"https:\/\/www.sabine-seyffert.de\/blog\/wp-content\/uploads\/2014\/10\/Unbenannt-51.jpg 600w, https:\/\/www.sabine-seyffert.de\/blog\/wp-content\/uploads\/2014\/10\/Unbenannt-51-225x300.jpg 225w\" sizes=\"auto, (max-width: 600px) 100vw, 600px\" \/><\/a><\/p>\n<p style=\"text-align: justify;\">Wie eine gro\u00dfe, runde Laterne versank die Sonne schlie\u00dflich am Horizont im Meer. Ein unglaublicher Anblick. Von einem kleinen Ausguck auf der D\u00fcne, versammelten sich alle und sangen gemeinsam. Wer die Liedtexte nicht kannte, bekam zum Singen die Liedtexte auf einem Blatt. Gemeinsam singt es sich schlie\u00dflich am sch\u00f6nsten!<\/p>\n<p style=\"text-align: center;\"><a href=\"http:\/\/www.sabine-seyffert.de\/blog\/wp-content\/uploads\/2014\/10\/Unbenannt-41.jpg\"><img loading=\"lazy\" decoding=\"async\" class=\"alignnone size-full wp-image-4769\" src=\"http:\/\/www.sabine-seyffert.de\/blog\/wp-content\/uploads\/2014\/10\/Unbenannt-41.jpg\" alt=\"Unbenannt - 4\" width=\"800\" height=\"600\" srcset=\"https:\/\/www.sabine-seyffert.de\/blog\/wp-content\/uploads\/2014\/10\/Unbenannt-41.jpg 800w, https:\/\/www.sabine-seyffert.de\/blog\/wp-content\/uploads\/2014\/10\/Unbenannt-41-300x225.jpg 300w\" sizes=\"auto, (max-width: 800px) 100vw, 800px\" \/><\/a><\/p>\n<p style=\"text-align: justify;\">So zog der &#8220;maritime&#8221; Laternenumzug weiter durch die D\u00fcnenlandschaft dahin und verzauberte die Abendd\u00e4mmerung mit seinen Lichtern. Zum Schluss versammelte sich der ganze Trupp noch auf einer gro\u00dfen Wiese zum Abschlu\u00dfsingen.<\/p>\n<p style=\"text-align: center;\"><a href=\"http:\/\/www.sabine-seyffert.de\/blog\/wp-content\/uploads\/2014\/10\/Unbenannt-6.jpg\"><img loading=\"lazy\" decoding=\"async\" class=\"alignnone size-full wp-image-4770\" src=\"http:\/\/www.sabine-seyffert.de\/blog\/wp-content\/uploads\/2014\/10\/Unbenannt-6.jpg\" alt=\"Unbenannt - 6\" width=\"600\" height=\"800\" srcset=\"https:\/\/www.sabine-seyffert.de\/blog\/wp-content\/uploads\/2014\/10\/Unbenannt-6.jpg 600w, https:\/\/www.sabine-seyffert.de\/blog\/wp-content\/uploads\/2014\/10\/Unbenannt-6-225x300.jpg 225w\" sizes=\"auto, (max-width: 600px) 100vw, 600px\" \/><\/a><\/p>\n<p style=\"text-align: justify;\">Hier gab es noch einen kleinen Wettbewerb als kr\u00f6nenden Abschluss des gemeinsamen Laternenlaufs. Alle Mamas, Papas und Kinder durften gegeneinander antreten. Der wahre Sieger im Laternenliedersingen wurde dann von den Kindern gek\u00fcrt.<\/p>\n<p style=\"text-align: center;\"><a href=\"http:\/\/www.sabine-seyffert.de\/blog\/wp-content\/uploads\/2014\/10\/Unbenannt-7.jpg\"><img loading=\"lazy\" decoding=\"async\" class=\"alignnone size-full wp-image-4771\" src=\"http:\/\/www.sabine-seyffert.de\/blog\/wp-content\/uploads\/2014\/10\/Unbenannt-7.jpg\" alt=\"Unbenannt - 7\" width=\"800\" height=\"600\" srcset=\"https:\/\/www.sabine-seyffert.de\/blog\/wp-content\/uploads\/2014\/10\/Unbenannt-7.jpg 800w, https:\/\/www.sabine-seyffert.de\/blog\/wp-content\/uploads\/2014\/10\/Unbenannt-7-300x225.jpg 300w\" sizes=\"auto, (max-width: 800px) 100vw, 800px\" \/><\/a><\/p>\n<p style=\"text-align: justify;\">Der Laternenumzug am Meer hat mir ausgesprochen gut gefallen und war mal etwas ganz anderes!<\/p>\n<p style=\"text-align: justify;\">Eine traumhaft entspannte &#8220;Laternenreise&#8221; findet Ihr \u00fcbrigens <a href=\"http:\/\/www.sabine-seyffert.de\/blog\/?p=3105\" target=\"_blank\" rel=\"noopener\">hier<\/a> und weitere Ideen rund um die Laternenzeit werden folgen \ud83d\ude42<\/p>\n<p style=\"text-align: justify;\"><a href=\"http:\/\/www.sabine-seyffert.de\/blog\/?page_id=32#urheberrecht\">urheberrechtlich gesch\u00fctzt<\/a>, \u00a9 Sabine Seyffert<\/p>\n","protected":false},"excerpt":{"rendered":"<p>Der erste Laternenumzug in diesem Jahr liegt bereits hinter uns. Ein Laternenzug mal ganz anders als man ihn kennt: Ohne Pferd, ohne St. Martin &#8211; daf\u00fcr mit einem musikalischen Schifffahrtsklavier und einer wunderbar frischen Nordseebrise um die Nase. Habt Ihr das schon mal erlebt? Ein Erlebnis, kann ich euch verraten! Schon oft waren wir zu&#8230; <a href=\"https:\/\/www.sabine-seyffert.de\/blog\/laternenumzug-einmal-ganz-anders\/\" class=\"more-link\">Read more: Laternenumzug einmal ganz anders&#8230;<\/a><\/p>\n","protected":false},"author":2,"featured_media":0,"comment_status":"open","ping_status":"open","sticky":false,"template":"","format":"standard","meta":{"_metis_text_type":"","_metis_text_length":2280,"_post_count":0,"footnotes":""},"categories":[39,25,54],"tags":[],"class_list":["post-4762","post","type-post","status-publish","format-standard","hentry","category-ausfluge-co","category-herbst","category-laterne-co"],"_links":{"self":[{"href":"https:\/\/www.sabine-seyffert.de\/blog\/wp-json\/wp\/v2\/posts\/4762","targetHints":{"allow":["GET"]}}],"collection":[{"href":"https:\/\/www.sabine-seyffert.de\/blog\/wp-json\/wp\/v2\/posts"}],"about":[{"href":"https:\/\/www.sabine-seyffert.de\/blog\/wp-json\/wp\/v2\/types\/post"}],"author":[{"embeddable":true,"href":"https:\/\/www.sabine-seyffert.de\/blog\/wp-json\/wp\/v2\/users\/2"}],"replies":[{"embeddable":true,"href":"https:\/\/www.sabine-seyffert.de\/blog\/wp-json\/wp\/v2\/comments?post=4762"}],"version-history":[{"count":7,"href":"https:\/\/www.sabine-seyffert.de\/blog\/wp-json\/wp\/v2\/posts\/4762\/revisions"}],"predecessor-version":[{"id":13507,"href":"https:\/\/www.sabine-seyffert.de\/blog\/wp-json\/wp\/v2\/posts\/4762\/revisions\/13507"}],"wp:attachment":[{"href":"https:\/\/www.sabine-seyffert.de\/blog\/wp-json\/wp\/v2\/media?parent=4762"}],"wp:term":[{"taxonomy":"category","embeddable":true,"href":"https:\/\/www.sabine-seyffert.de\/blog\/wp-json\/wp\/v2\/categories?post=4762"},{"taxonomy":"post_tag","embeddable":true,"href":"https:\/\/www.sabine-seyffert.de\/blog\/wp-json\/wp\/v2\/tags?post=4762"}],"curies":[{"name":"wp","href":"https:\/\/api.w.org\/{rel}","templated":true}]}}