{"id":476,"date":"2013-02-21T12:05:13","date_gmt":"2013-02-21T10:05:13","guid":{"rendered":"http:\/\/www.sabine-seyffert.de\/blog\/?p=476"},"modified":"2013-02-21T12:05:13","modified_gmt":"2013-02-21T10:05:13","slug":"blau-himmelblau-knallblau","status":"publish","type":"post","link":"https:\/\/www.sabine-seyffert.de\/blog\/blau-himmelblau-knallblau\/","title":{"rendered":"Blau, Himmelblau, Knallblau&#8230;"},"content":{"rendered":"<p style=\"text-align: justify;\"><img loading=\"lazy\" decoding=\"async\" alt=\"\" src=\"https:\/\/ssl-vg03.met.vgwort.de\/na\/508d4cc309654803bf3ada66170fabff\" width=\"1\" height=\"1\" \/><\/p>\n<p>Bei <a href=\"http:\/\/luziapimpinella.blogspot.de\/2013\/02\/beauty-is-where-you-find-it-53.html\" target=\"_blank\">Luzia Pimpinella<\/a> dreht es sich in dieser Woche um \u201eKnallblau \u2013 bright blue\u201c. Blau ist eine meiner Lieblingsfarben. Und so taucht die Farbe Blau auch in vielen meiner Geschichten und Fantasiereisen auf: Ob als kleines Abenteuer auf hoher See, als Unterwasserreise im tiefen, blauen Meer, bei einer zauberhaften Wolkenreise, einem Besuch im strahlend blauen Himmel oder einem Spaziergang am dunkelblauen Abendhimmel unter dem Sternenzelt\u2026<\/p>\n<p style=\"text-align: justify;\">Weil mir durch Zufall ein Foto in die H\u00e4nde fiel, das im letzten Jahr bei einem tollen Wochenendausflug entstanden ist, gibt es heute mal wieder eine kurze Entspannungseinheit f\u00fcr die \u201eGro\u00dfen\u201c, die ich zu dem Bild so wunderbar passend finde. Sowohl bei dem Bild als auch bei der Geschichte hat man das Gef\u00fchl dem Himmel ganz nah zu sein! Viel Freude bei dem kleinen Ausflug ins Land der Fantasie\u2026<\/p>\n<p>\u00a0<a href=\"http:\/\/www.sabine-seyffert.de\/blog\/wp-content\/uploads\/2013\/02\/blau-copy.jpg\"><img loading=\"lazy\" decoding=\"async\" class=\"size-full wp-image-477 aligncenter\" alt=\"blau copy\" src=\"http:\/\/www.sabine-seyffert.de\/blog\/wp-content\/uploads\/2013\/02\/blau-copy.jpg\" width=\"526\" height=\"702\" srcset=\"https:\/\/www.sabine-seyffert.de\/blog\/wp-content\/uploads\/2013\/02\/blau-copy.jpg 800w, https:\/\/www.sabine-seyffert.de\/blog\/wp-content\/uploads\/2013\/02\/blau-copy-224x300.jpg 224w, https:\/\/www.sabine-seyffert.de\/blog\/wp-content\/uploads\/2013\/02\/blau-copy-767x1024.jpg 767w\" sizes=\"auto, (max-width: 526px) 100vw, 526px\" \/><\/a><\/p>\n<p style=\"text-align: justify;\"><strong>Eine Wanderung in den Bergen<\/strong><\/p>\n<p style=\"text-align: justify;\">Stell dir einmal vor, es ist ein wundersch\u00f6ner Tag. Die Sonne scheint und am Himmel zieht keine einzige Wolke entlang. Der Himmel ist einfach nur blau, knallig blau, herrlich himmelblau\u2026 <em>Du bist ganz ruhig und entspann<\/em>t\u2026 So nimmst du deinen Rucksack und setzt ihn dir auf die Schultern. Und als du deine festen Wanderschuhe angezogen hast, machst du dich auf den Weg in die Berge. Ein kleiner, sch\u00f6ner Pfad schl\u00e4ngelt sich den Berghang hinauf. Mit gem\u00fctlichen Schritten erklimmst du den Berg Schritt f\u00fcr Schritt&#8230; Immer h\u00f6her steigst du hinauf\u2026 Als du schlie\u00dflich den Berggipfel erreicht hast, ist es Zeit f\u00fcr eine Pause. Die hast du dir wirklich verdient. So legst du dich der L\u00e4nge nach auf die weiche, kuschelige Decke, die du in deinem Rucksack mitgenommen hast&#8230; Die wunderbar frische Luft hier oben, macht deinen Kopf ganz frei und l\u00e4sst dich alles andere f\u00fcr eine Weile vergessen&#8230; Du hast eine herrliche Aussicht von hier oben. Aber das Beste ist der strahlend blaue Himmel direkt \u00fcber dir. Du hast das Gef\u00fchl den Himmel direkt mit deinen H\u00e4nden greifen zu k\u00f6nnen. Einfach herrlich!<\/p>\n<p style=\"text-align: justify;\"><i>Du sp\u00fcrst den Boden unter dir, ganz bequem liegst du da und bist nun ganz ruhig und ent\u00adspannt&#8230; In deinen Armen und Beinen sp\u00fcrst du ein angenehmes Gef\u00fchl von Schwe\u00adre&#8230; Ganz schwer sind deine Arme und Beine&#8230; Sp\u00fcre die Schwere in deinen Ar\u00admen und Beinen\u2026 Beide Arme und Beine sind schwer&#8230; Die Sonne, die heute so wunderbar scheint, w\u00e4rmt dich mit ihren Strahlen\u2026 Wohlig warm f\u00fchlen sich die Sonnenstrahlen auf deinen Armen und Beinen an\u2026 Beide Arme und Beine sind warm, wunderbar warm\u2026 Du kannst richtig sp\u00fcren, wie die wohltuende W\u00e4rme durch deine Arme und Beine hindurchstr\u00f6mt\u2026 Die W\u00e4rme tut gut und schenkt dir neue Kraft\u2026 W\u00e4hrend du daliegst, bemerkst du deinen Atem\u2026 Dein Atem geht ganz ruhig und regelm\u00e4\u00dfig\u2026 Vollkommen ruhig und gleichm\u00e4\u00dfig geht dein Atem\u2026 Lass es einfach in dir atmen, ruhig und regelm\u00e4\u00dfig\u2026 Und du bist vollkommen ruhig und entspannt&#8230;<\/i><\/p>\n<p style=\"text-align: justify;\">Schlie\u00dflich f\u00fchlst du dich rundum erholt und voller Kraft. Du genie\u00dft noch einen Moment die Aussicht von hier oben und dann machst du dich langsam aber sicher auf den Heimweg\u2026<\/p>\n<p style=\"text-align: justify;\"><i>=&gt;Die \u00dcbung bitte anschlie\u00dfend durch das Zur\u00fccknehmen beenden!<\/i><\/p>\n<p><a href=\"http:\/\/www.sabine-seyffert.de\/blog\/?page_id=32#urheberrecht\">urherrechtlich gesch\u00fctzt<\/a>, \u00a9 Sabine Seyffert<\/p>\n","protected":false},"excerpt":{"rendered":"<p>Bei Luzia Pimpinella dreht es sich in dieser Woche um \u201eKnallblau \u2013 bright blue\u201c. Blau ist eine meiner Lieblingsfarben. Und so taucht die Farbe Blau auch in vielen meiner Geschichten und Fantasiereisen auf: Ob als kleines Abenteuer auf hoher See, als Unterwasserreise im tiefen, blauen Meer, bei einer zauberhaften Wolkenreise, einem Besuch im strahlend blauen&#8230; <a href=\"https:\/\/www.sabine-seyffert.de\/blog\/blau-himmelblau-knallblau\/\" class=\"more-link\">Read more: Blau, Himmelblau, Knallblau&#8230;<\/a><\/p>\n","protected":false},"author":1,"featured_media":0,"comment_status":"open","ping_status":"open","sticky":false,"template":"","format":"standard","meta":{"_metis_text_type":"","_metis_text_length":3149,"_post_count":0,"footnotes":""},"categories":[4],"tags":[],"class_list":["post-476","post","type-post","status-publish","format-standard","hentry","category-fantasiereisen"],"_links":{"self":[{"href":"https:\/\/www.sabine-seyffert.de\/blog\/wp-json\/wp\/v2\/posts\/476","targetHints":{"allow":["GET"]}}],"collection":[{"href":"https:\/\/www.sabine-seyffert.de\/blog\/wp-json\/wp\/v2\/posts"}],"about":[{"href":"https:\/\/www.sabine-seyffert.de\/blog\/wp-json\/wp\/v2\/types\/post"}],"author":[{"embeddable":true,"href":"https:\/\/www.sabine-seyffert.de\/blog\/wp-json\/wp\/v2\/users\/1"}],"replies":[{"embeddable":true,"href":"https:\/\/www.sabine-seyffert.de\/blog\/wp-json\/wp\/v2\/comments?post=476"}],"version-history":[{"count":13,"href":"https:\/\/www.sabine-seyffert.de\/blog\/wp-json\/wp\/v2\/posts\/476\/revisions"}],"predecessor-version":[{"id":508,"href":"https:\/\/www.sabine-seyffert.de\/blog\/wp-json\/wp\/v2\/posts\/476\/revisions\/508"}],"wp:attachment":[{"href":"https:\/\/www.sabine-seyffert.de\/blog\/wp-json\/wp\/v2\/media?parent=476"}],"wp:term":[{"taxonomy":"category","embeddable":true,"href":"https:\/\/www.sabine-seyffert.de\/blog\/wp-json\/wp\/v2\/categories?post=476"},{"taxonomy":"post_tag","embeddable":true,"href":"https:\/\/www.sabine-seyffert.de\/blog\/wp-json\/wp\/v2\/tags?post=476"}],"curies":[{"name":"wp","href":"https:\/\/api.w.org\/{rel}","templated":true}]}}