{"id":4721,"date":"2014-10-21T05:57:38","date_gmt":"2014-10-21T03:57:38","guid":{"rendered":"http:\/\/www.sabine-seyffert.de\/blog\/?p=4721"},"modified":"2017-03-02T16:35:35","modified_gmt":"2017-03-02T14:35:35","slug":"herbstlicher-kerzenglanz-diy","status":"publish","type":"post","link":"https:\/\/www.sabine-seyffert.de\/blog\/herbstlicher-kerzenglanz-diy\/","title":{"rendered":"Herbstlicher Kerzenglanz \/ DIY"},"content":{"rendered":"<p style=\"text-align: justify;\"><img loading=\"lazy\" decoding=\"async\" src=\"https:\/\/ssl-vg03.met.vgwort.de\/na\/81e79dac2ba74820b855d7a5cf2396d8\" alt=\"\" width=\"1\" height=\"1\" \/>Im Herbst, wenn die Tage drau\u00dfen k\u00fcrzer und dunkler werden, dann zieht bei uns immer \u00f6fter warmer Kerzenschein ins Haus. Gerade an tr\u00fcben Regentagen hellt dieses Licht die Stimmung deutlich auf. Noch gem\u00fctlicher wird es nat\u00fcrlich, wenn es drinnen im Haus herbstlich geschm\u00fcckt ist.<\/p>\n<p style=\"text-align: center;\"><a href=\"http:\/\/www.sabine-seyffert.de\/blog\/wp-content\/uploads\/2014\/10\/Unbenannt-36.jpg\"><img loading=\"lazy\" decoding=\"async\" class=\"alignnone size-full wp-image-4722\" src=\"http:\/\/www.sabine-seyffert.de\/blog\/wp-content\/uploads\/2014\/10\/Unbenannt-36.jpg\" alt=\"Unbenannt - 36\" width=\"800\" height=\"600\" srcset=\"https:\/\/www.sabine-seyffert.de\/blog\/wp-content\/uploads\/2014\/10\/Unbenannt-36.jpg 800w, https:\/\/www.sabine-seyffert.de\/blog\/wp-content\/uploads\/2014\/10\/Unbenannt-36-300x225.jpg 300w\" sizes=\"auto, (max-width: 800px) 100vw, 800px\" \/><\/a><\/p>\n<p style=\"text-align: justify;\">Aus den herbstlichen Sch\u00e4tzen, die die Natur in dieser Jahreszeit bereit h\u00e4lt, sind auch bei uns wieder einmal kleine Dekorationen entstanden, die sich ganz einfach nachbasteln lassen. Wie beispielsweise unsere Kr\u00e4nze aus Bucheckern und Hagebutten.<\/p>\n<p style=\"text-align: center;\"><a href=\"http:\/\/www.sabine-seyffert.de\/blog\/wp-content\/uploads\/2014\/10\/Unbenannt-221.jpg\"><img loading=\"lazy\" decoding=\"async\" class=\"alignnone size-full wp-image-4723\" src=\"http:\/\/www.sabine-seyffert.de\/blog\/wp-content\/uploads\/2014\/10\/Unbenannt-221.jpg\" alt=\"Unbenannt - 22\" width=\"800\" height=\"600\" srcset=\"https:\/\/www.sabine-seyffert.de\/blog\/wp-content\/uploads\/2014\/10\/Unbenannt-221.jpg 800w, https:\/\/www.sabine-seyffert.de\/blog\/wp-content\/uploads\/2014\/10\/Unbenannt-221-300x225.jpg 300w\" sizes=\"auto, (max-width: 800px) 100vw, 800px\" \/><\/a><\/p>\n<p style=\"text-align: justify;\"><strong>Das wird gebraucht:<\/strong><br \/>\nHagebutten mit Stiel, Bucheckern, ganz d\u00fcnner Basteldraht, eine Schere<\/p>\n<p style=\"text-align: center;\"><a href=\"http:\/\/www.sabine-seyffert.de\/blog\/wp-content\/uploads\/2014\/10\/Unbenannt-16.jpg\"><img loading=\"lazy\" decoding=\"async\" class=\"alignnone size-full wp-image-4729\" src=\"http:\/\/www.sabine-seyffert.de\/blog\/wp-content\/uploads\/2014\/10\/Unbenannt-16.jpg\" alt=\"Unbenannt - 16\" width=\"800\" height=\"600\" srcset=\"https:\/\/www.sabine-seyffert.de\/blog\/wp-content\/uploads\/2014\/10\/Unbenannt-16.jpg 800w, https:\/\/www.sabine-seyffert.de\/blog\/wp-content\/uploads\/2014\/10\/Unbenannt-16-300x225.jpg 300w\" sizes=\"auto, (max-width: 800px) 100vw, 800px\" \/><\/a><\/p>\n<p style=\"text-align: justify;\"><strong>So wird\u2019s gemacht:<\/strong><br \/>\nZuerst sammelt man auf einem Spaziergang einige Hagebutten und Bucheckern. Die Hagebutten sollten ca. 4-6 cm Stiel haben, damit sie sich besser binden lassen.<\/p>\n<p><a href=\"http:\/\/www.sabine-seyffert.de\/blog\/wp-content\/uploads\/2014\/10\/Unbenannt-211.jpg\"><img loading=\"lazy\" decoding=\"async\" class=\"size-full wp-image-4724 aligncenter\" src=\"http:\/\/www.sabine-seyffert.de\/blog\/wp-content\/uploads\/2014\/10\/Unbenannt-211.jpg\" alt=\"Unbenannt - 21\" width=\"600\" height=\"800\" srcset=\"https:\/\/www.sabine-seyffert.de\/blog\/wp-content\/uploads\/2014\/10\/Unbenannt-211.jpg 600w, https:\/\/www.sabine-seyffert.de\/blog\/wp-content\/uploads\/2014\/10\/Unbenannt-211-225x300.jpg 225w\" sizes=\"auto, (max-width: 600px) 100vw, 600px\" \/><\/a><\/p>\n<p style=\"text-align: justify;\">Nun nimmt man eine Buchecker und dreht deren Stielansatz so in den Basteldraht, bis diese fest sitzt und nichts mehr rutscht. Anschlie\u00dfend bindet man eine Hagebutte samt Stiel daran. Das klappt ganz leicht, wenn man immer ein kleines St\u00fcck des Drahts 2-3 mal eng um den Stiel wickelt. So w\u00e4chst die herbstliche Naturdeko nach und nach zu einer langen Kette.<\/p>\n<p style=\"text-align: center;\"><a href=\"http:\/\/www.sabine-seyffert.de\/blog\/wp-content\/uploads\/2014\/10\/Unbenannt-201.jpg\"><img loading=\"lazy\" decoding=\"async\" class=\"alignnone size-full wp-image-4725\" src=\"http:\/\/www.sabine-seyffert.de\/blog\/wp-content\/uploads\/2014\/10\/Unbenannt-201.jpg\" alt=\"Unbenannt - 20\" width=\"600\" height=\"800\" srcset=\"https:\/\/www.sabine-seyffert.de\/blog\/wp-content\/uploads\/2014\/10\/Unbenannt-201.jpg 600w, https:\/\/www.sabine-seyffert.de\/blog\/wp-content\/uploads\/2014\/10\/Unbenannt-201-225x300.jpg 225w\" sizes=\"auto, (max-width: 600px) 100vw, 600px\" \/><\/a><\/p>\n<p style=\"text-align: justify;\">Ist diese lang genug, durchtrennt man den Draht mit der Schere und wickelt das Drahtende mit dem Kettenanfang so zusammen, da dies einen kleinen Ring ergibt. Am sch\u00f6nsten sieht es aus, wenn man die Bucheckern und Hagebutten m\u00f6glichst dicht aneinanderreiht und keine gro\u00dfen L\u00fccken dazwischen entstehen.<\/p>\n<p style=\"text-align: center;\"><a href=\"http:\/\/www.sabine-seyffert.de\/blog\/wp-content\/uploads\/2014\/10\/Unbenannt-181.jpg\"><img loading=\"lazy\" decoding=\"async\" class=\"alignnone size-full wp-image-4726\" src=\"http:\/\/www.sabine-seyffert.de\/blog\/wp-content\/uploads\/2014\/10\/Unbenannt-181.jpg\" alt=\"Unbenannt - 18\" width=\"800\" height=\"600\" srcset=\"https:\/\/www.sabine-seyffert.de\/blog\/wp-content\/uploads\/2014\/10\/Unbenannt-181.jpg 800w, https:\/\/www.sabine-seyffert.de\/blog\/wp-content\/uploads\/2014\/10\/Unbenannt-181-300x225.jpg 300w\" sizes=\"auto, (max-width: 800px) 100vw, 800px\" \/><\/a><\/p>\n<p style=\"text-align: justify;\">Den fertigen \u201eRing\u201c kann man nun \u00fcber eine Kerze legen, die Kerze anz\u00fcnden und so den herbstlichen Lichterglanz genie\u00dfen, der in der Wohnung einzieht\u2026<\/p>\n<p style=\"text-align: center;\"><a href=\"http:\/\/www.sabine-seyffert.de\/blog\/wp-content\/uploads\/2014\/10\/Unbenannt-19.jpg\"><img loading=\"lazy\" decoding=\"async\" class=\"alignnone size-full wp-image-4727\" src=\"http:\/\/www.sabine-seyffert.de\/blog\/wp-content\/uploads\/2014\/10\/Unbenannt-19.jpg\" alt=\"Unbenannt - 19\" width=\"600\" height=\"800\" srcset=\"https:\/\/www.sabine-seyffert.de\/blog\/wp-content\/uploads\/2014\/10\/Unbenannt-19.jpg 600w, https:\/\/www.sabine-seyffert.de\/blog\/wp-content\/uploads\/2014\/10\/Unbenannt-19-225x300.jpg 225w\" sizes=\"auto, (max-width: 600px) 100vw, 600px\" \/><\/a><\/p>\n<p style=\"text-align: justify;\">Alternativ kann man daraus nat\u00fcrlich auch einen gr\u00f6\u00dferen Kranz f\u00fcr die Haust\u00fcr binden. Daf\u00fcr ben\u00f6tigt man dann allerdings eine gro\u00dfe Menge an Bucheckern und Hagebutten. Und nat\u00fcrlich mehr Zeit um diesen anzufertigen. Die kleinen Kr\u00e4nze f\u00fcr Kerzenleuchter &amp; Co. dagegen, sind wirklich schnell gemacht.<\/p>\n<p style=\"text-align: center;\"><a href=\"http:\/\/www.sabine-seyffert.de\/blog\/wp-content\/uploads\/2014\/10\/Unbenannt-17.jpg\"><img loading=\"lazy\" decoding=\"async\" class=\"alignnone size-full wp-image-4728\" src=\"http:\/\/www.sabine-seyffert.de\/blog\/wp-content\/uploads\/2014\/10\/Unbenannt-17.jpg\" alt=\"Unbenannt - 17\" width=\"600\" height=\"800\" srcset=\"https:\/\/www.sabine-seyffert.de\/blog\/wp-content\/uploads\/2014\/10\/Unbenannt-17.jpg 600w, https:\/\/www.sabine-seyffert.de\/blog\/wp-content\/uploads\/2014\/10\/Unbenannt-17-225x300.jpg 225w\" sizes=\"auto, (max-width: 600px) 100vw, 600px\" \/><\/a><\/p>\n<p style=\"text-align: justify;\">Mehr Herbst gibt es <a href=\"http:\/\/www.sabine-seyffert.de\/blog\/?cat=25\" target=\"_blank\">hier<\/a>, eine herbstliche DIY Idee mit Hagebutten <a href=\"http:\/\/www.sabine-seyffert.de\/blog\/?p=4682\" target=\"_blank\">dort<\/a> und andere kreative Sachen tummeln sich bei <a href=\"http:\/\/www.creadienstag.de\/2014\/10\/146.html\" target=\"_blank\">Anke<\/a>!<\/p>\n<p><a href=\"http:\/\/www.sabine-seyffert.de\/blog\/?page_id=32#urheberrecht\">urheberrechtlich gesch\u00fctzt<\/a>, \u00a9 Sabine Seyffert<\/p>\n","protected":false},"excerpt":{"rendered":"<p>Im Herbst, wenn die Tage drau\u00dfen k\u00fcrzer und dunkler werden, dann zieht bei uns immer \u00f6fter warmer Kerzenschein ins Haus. Gerade an tr\u00fcben Regentagen hellt dieses Licht die Stimmung deutlich auf. Noch gem\u00fctlicher wird es nat\u00fcrlich, wenn es drinnen im Haus herbstlich geschm\u00fcckt ist. Aus den herbstlichen Sch\u00e4tzen, die die Natur in dieser Jahreszeit bereit&#8230; <a href=\"https:\/\/www.sabine-seyffert.de\/blog\/herbstlicher-kerzenglanz-diy\/\" class=\"more-link\">Read more: Herbstlicher Kerzenglanz \/ DIY<\/a><\/p>\n","protected":false},"author":2,"featured_media":0,"comment_status":"open","ping_status":"open","sticky":false,"template":"","format":"standard","meta":{"_metis_text_type":"","_metis_text_length":2083,"_post_count":0,"footnotes":""},"categories":[12,25],"tags":[],"class_list":["post-4721","post","type-post","status-publish","format-standard","hentry","category-deko-ideen","category-herbst"],"_links":{"self":[{"href":"https:\/\/www.sabine-seyffert.de\/blog\/wp-json\/wp\/v2\/posts\/4721","targetHints":{"allow":["GET"]}}],"collection":[{"href":"https:\/\/www.sabine-seyffert.de\/blog\/wp-json\/wp\/v2\/posts"}],"about":[{"href":"https:\/\/www.sabine-seyffert.de\/blog\/wp-json\/wp\/v2\/types\/post"}],"author":[{"embeddable":true,"href":"https:\/\/www.sabine-seyffert.de\/blog\/wp-json\/wp\/v2\/users\/2"}],"replies":[{"embeddable":true,"href":"https:\/\/www.sabine-seyffert.de\/blog\/wp-json\/wp\/v2\/comments?post=4721"}],"version-history":[{"count":6,"href":"https:\/\/www.sabine-seyffert.de\/blog\/wp-json\/wp\/v2\/posts\/4721\/revisions"}],"predecessor-version":[{"id":4735,"href":"https:\/\/www.sabine-seyffert.de\/blog\/wp-json\/wp\/v2\/posts\/4721\/revisions\/4735"}],"wp:attachment":[{"href":"https:\/\/www.sabine-seyffert.de\/blog\/wp-json\/wp\/v2\/media?parent=4721"}],"wp:term":[{"taxonomy":"category","embeddable":true,"href":"https:\/\/www.sabine-seyffert.de\/blog\/wp-json\/wp\/v2\/categories?post=4721"},{"taxonomy":"post_tag","embeddable":true,"href":"https:\/\/www.sabine-seyffert.de\/blog\/wp-json\/wp\/v2\/tags?post=4721"}],"curies":[{"name":"wp","href":"https:\/\/api.w.org\/{rel}","templated":true}]}}