{"id":4701,"date":"2014-10-17T17:32:08","date_gmt":"2014-10-17T15:32:08","guid":{"rendered":"http:\/\/www.sabine-seyffert.de\/blog\/?p=4701"},"modified":"2018-06-26T09:02:41","modified_gmt":"2018-06-26T07:02:41","slug":"es-war-einmal-ein-maerchenhafter-ausflugstipp","status":"publish","type":"post","link":"https:\/\/www.sabine-seyffert.de\/blog\/es-war-einmal-ein-maerchenhafter-ausflugstipp\/","title":{"rendered":"Es war einmal&#8230; \/ Ein m\u00e4rchenhafter Ausflugstipp"},"content":{"rendered":"<p style=\"text-align: center;\"><img loading=\"lazy\" decoding=\"async\" src=\"https:\/\/ssl-vg03.met.vgwort.de\/na\/d6f6b8fcbec449ff950583e4ed139b25\" alt=\"\" width=\"1\" height=\"1\" \/><a href=\"http:\/\/www.sabine-seyffert.de\/blog\/wp-content\/uploads\/2014\/10\/Unbenannt-12.jpg\"><img loading=\"lazy\" decoding=\"async\" class=\"alignnone size-full wp-image-4702\" src=\"http:\/\/www.sabine-seyffert.de\/blog\/wp-content\/uploads\/2014\/10\/Unbenannt-12.jpg\" alt=\"Unbenannt - 12\" width=\"800\" height=\"600\" srcset=\"https:\/\/www.sabine-seyffert.de\/blog\/wp-content\/uploads\/2014\/10\/Unbenannt-12.jpg 800w, https:\/\/www.sabine-seyffert.de\/blog\/wp-content\/uploads\/2014\/10\/Unbenannt-12-300x225.jpg 300w\" sizes=\"auto, (max-width: 800px) 100vw, 800px\" \/><\/a><\/p>\n<p style=\"text-align: justify;\">Zugegeben, ich geh\u00f6re zu den Erwachsenen, die sich gerne an Kindertage erinnern. Gern denke ich an gem\u00fctliche Stunden zur\u00fcck, in denen ich als Kind gebannt M\u00e4rchen gelauscht habe.<\/p>\n<p style=\"text-align: center;\"><a href=\"http:\/\/www.sabine-seyffert.de\/blog\/wp-content\/uploads\/2014\/10\/Unbenannt-22.jpg\"><img loading=\"lazy\" decoding=\"async\" class=\"alignnone size-full wp-image-4703\" src=\"http:\/\/www.sabine-seyffert.de\/blog\/wp-content\/uploads\/2014\/10\/Unbenannt-22.jpg\" alt=\"Unbenannt - 22\" width=\"600\" height=\"800\" srcset=\"https:\/\/www.sabine-seyffert.de\/blog\/wp-content\/uploads\/2014\/10\/Unbenannt-22.jpg 600w, https:\/\/www.sabine-seyffert.de\/blog\/wp-content\/uploads\/2014\/10\/Unbenannt-22-225x300.jpg 225w\" sizes=\"auto, (max-width: 600px) 100vw, 600px\" \/><\/a><\/p>\n<p style=\"text-align: justify;\">Aus diesem Grund m\u00f6chte ich euch einen <a href=\"http:\/\/www.sabine-seyffert.de\/blog\/?cat=39\" target=\"_blank\" rel=\"noopener\">Ausflugstipp<\/a> ans Herz legen, den ich sehr genossen habe.<\/p>\n<p style=\"text-align: center;\"><a href=\"http:\/\/www.sabine-seyffert.de\/blog\/wp-content\/uploads\/2014\/10\/Unbenannt-3.jpg\"><img loading=\"lazy\" decoding=\"async\" class=\"alignnone size-full wp-image-4704\" src=\"http:\/\/www.sabine-seyffert.de\/blog\/wp-content\/uploads\/2014\/10\/Unbenannt-3.jpg\" alt=\"Unbenannt - 3\" width=\"800\" height=\"600\" srcset=\"https:\/\/www.sabine-seyffert.de\/blog\/wp-content\/uploads\/2014\/10\/Unbenannt-3.jpg 800w, https:\/\/www.sabine-seyffert.de\/blog\/wp-content\/uploads\/2014\/10\/Unbenannt-3-300x225.jpg 300w\" sizes=\"auto, (max-width: 800px) 100vw, 800px\" \/><\/a><\/p>\n<p style=\"text-align: justify;\">Unser Ziel ist <a href=\"http:\/\/de.wikipedia.org\/wiki\/Odenthal\" target=\"_blank\" rel=\"noopener\">Altenberg<\/a>. Dort liegt, mitten im Wald auf einem Berg, ein M\u00e4rchenwald. Wer mit dem Auto anreist, kann den Wagen unten im Tal auf einem gro\u00dfen Parkplatz stehen lassen und sich auf den Weg nach Oben machen. Zuerst passiert man eine h\u00f6lzerne Br\u00fccke und geht es steil hinauf. Mit Kinderwagen &amp; Co. ist dies ein kleiner Kraftakt, aber dank der neu angelegten Wege mittlerweile kein allzu gro\u00dfes Problem mehr.<\/p>\n<p style=\"text-align: center;\"><a href=\"http:\/\/www.sabine-seyffert.de\/blog\/wp-content\/uploads\/2014\/10\/Unbenannt-21.jpg\"><img loading=\"lazy\" decoding=\"async\" class=\"alignnone size-full wp-image-4705\" src=\"http:\/\/www.sabine-seyffert.de\/blog\/wp-content\/uploads\/2014\/10\/Unbenannt-21.jpg\" alt=\"Unbenannt - 21\" width=\"600\" height=\"800\" srcset=\"https:\/\/www.sabine-seyffert.de\/blog\/wp-content\/uploads\/2014\/10\/Unbenannt-21.jpg 600w, https:\/\/www.sabine-seyffert.de\/blog\/wp-content\/uploads\/2014\/10\/Unbenannt-21-225x300.jpg 225w\" sizes=\"auto, (max-width: 600px) 100vw, 600px\" \/><\/a><\/p>\n<p style=\"text-align: justify;\">Am Aufgang zum M\u00e4rchenwald wartet in einem kleinen Haus, der Goldesel, der einem (gegen Bezahlung) doch tats\u00e4chlich essbare Dukaten rausgibt. Dahinter verzaubert ein sprechender Zwerg die Besucher und sorgt daf\u00fcr, dass die Umgebung stets sauber bleibt. Schlie\u00dflich darf man dem kleinen Wicht seinen M\u00fcll anvertrauen.<\/p>\n<p style=\"text-align: center;\"><a href=\"http:\/\/www.sabine-seyffert.de\/blog\/wp-content\/uploads\/2014\/10\/Unbenannt-2.jpg\"><img loading=\"lazy\" decoding=\"async\" class=\"alignnone size-full wp-image-4706\" src=\"http:\/\/www.sabine-seyffert.de\/blog\/wp-content\/uploads\/2014\/10\/Unbenannt-2.jpg\" alt=\"Unbenannt - 2\" width=\"600\" height=\"800\" srcset=\"https:\/\/www.sabine-seyffert.de\/blog\/wp-content\/uploads\/2014\/10\/Unbenannt-2.jpg 600w, https:\/\/www.sabine-seyffert.de\/blog\/wp-content\/uploads\/2014\/10\/Unbenannt-2-225x300.jpg 225w\" sizes=\"auto, (max-width: 600px) 100vw, 600px\" \/><\/a><\/p>\n<p style=\"text-align: justify;\">Nun geht es eine lange Treppe hinauf. Auf halber Etappe warten Max &amp; Moritz darauf von ihren Streichen zu berichten und wer die Stufen schlie\u00dflich bew\u00e4ltigt hat, wird von einem freundlichen Drehorgelspieler begr\u00fc\u00dft. Der Eingang zum M\u00e4rchenwald f\u00fchrt durch ein h\u00f6lzernes Kassenh\u00e4uschen, was den H\u00e4usern des M\u00e4rchenparks sehr \u00e4hnelt.<\/p>\n<p style=\"text-align: center;\"><a href=\"http:\/\/www.sabine-seyffert.de\/blog\/wp-content\/uploads\/2014\/10\/Unbenannt-4.jpg\"><img loading=\"lazy\" decoding=\"async\" class=\"alignnone size-full wp-image-4707\" src=\"http:\/\/www.sabine-seyffert.de\/blog\/wp-content\/uploads\/2014\/10\/Unbenannt-4.jpg\" alt=\"Unbenannt - 4\" width=\"600\" height=\"735\" srcset=\"https:\/\/www.sabine-seyffert.de\/blog\/wp-content\/uploads\/2014\/10\/Unbenannt-4.jpg 600w, https:\/\/www.sabine-seyffert.de\/blog\/wp-content\/uploads\/2014\/10\/Unbenannt-4-244x300.jpg 244w\" sizes=\"auto, (max-width: 600px) 100vw, 600px\" \/><\/a><\/p>\n<p style=\"text-align: justify;\">Hinter der ersten Kurve wartet die G\u00e4nsemagd. Leider lie\u00df das Wetter an dem Tag sehr zu w\u00fcnschen \u00fcbrig. Bei Sonnenschein und blauem Himmel ist dieser Ort wirklich m\u00e4rchenhaft sch\u00f6n! Gebannt lauschen kleine &amp; gro\u00dfe Besucher dem M\u00e4rchen, das auf Knopfdruck erz\u00e4hlt wird.<\/p>\n<p style=\"text-align: center;\"><a href=\"http:\/\/www.sabine-seyffert.de\/blog\/wp-content\/uploads\/2014\/10\/Unbenannt-5.jpg\"><img loading=\"lazy\" decoding=\"async\" class=\"alignnone size-full wp-image-4708\" src=\"http:\/\/www.sabine-seyffert.de\/blog\/wp-content\/uploads\/2014\/10\/Unbenannt-5.jpg\" alt=\"Unbenannt - 5\" width=\"600\" height=\"800\" srcset=\"https:\/\/www.sabine-seyffert.de\/blog\/wp-content\/uploads\/2014\/10\/Unbenannt-5.jpg 600w, https:\/\/www.sabine-seyffert.de\/blog\/wp-content\/uploads\/2014\/10\/Unbenannt-5-225x300.jpg 225w\" sizes=\"auto, (max-width: 600px) 100vw, 600px\" \/><\/a><\/p>\n<p style=\"text-align: justify;\">Ab und an laufen H\u00fchner (echte) \u00fcber die schmalen Wege und dieses Mal sogar eine gefr\u00e4\u00dfige Ziege, die sich m\u00f6glicherweise aus dem M\u00e4rchen &#8220;Kn\u00fcppel aus dem Sack&#8221; geschlichen hat.<\/p>\n<p style=\"text-align: center;\"><a href=\"http:\/\/www.sabine-seyffert.de\/blog\/wp-content\/uploads\/2014\/10\/Unbenannt-10.jpg\"><img loading=\"lazy\" decoding=\"async\" class=\"alignnone size-full wp-image-4709\" src=\"http:\/\/www.sabine-seyffert.de\/blog\/wp-content\/uploads\/2014\/10\/Unbenannt-10.jpg\" alt=\"Unbenannt - 10\" width=\"600\" height=\"800\" srcset=\"https:\/\/www.sabine-seyffert.de\/blog\/wp-content\/uploads\/2014\/10\/Unbenannt-10.jpg 600w, https:\/\/www.sabine-seyffert.de\/blog\/wp-content\/uploads\/2014\/10\/Unbenannt-10-225x300.jpg 225w\" sizes=\"auto, (max-width: 600px) 100vw, 600px\" \/><\/a><\/p>\n<p style=\"text-align: justify;\">Rumpelstilzchen dagegen muss man lauthals rufen, bis der grantige Kerl das Fenster \u00f6ffnet und herausschaut. Auch Rapunzel reagiert erst nach lauter Aufforderung. Dann aber l\u00e4sst sie ihr langes, geflochtenes Haar wirklich aus dem hohen Turm herunter.<\/p>\n<p style=\"text-align: center;\"><a href=\"http:\/\/www.sabine-seyffert.de\/blog\/wp-content\/uploads\/2014\/10\/Unbenannt-13.jpg\"><img loading=\"lazy\" decoding=\"async\" class=\"alignnone size-full wp-image-4710\" src=\"http:\/\/www.sabine-seyffert.de\/blog\/wp-content\/uploads\/2014\/10\/Unbenannt-13.jpg\" alt=\"Unbenannt - 13\" width=\"600\" height=\"800\" srcset=\"https:\/\/www.sabine-seyffert.de\/blog\/wp-content\/uploads\/2014\/10\/Unbenannt-13.jpg 600w, https:\/\/www.sabine-seyffert.de\/blog\/wp-content\/uploads\/2014\/10\/Unbenannt-13-225x300.jpg 225w\" sizes=\"auto, (max-width: 600px) 100vw, 600px\" \/><\/a><\/p>\n<p style=\"text-align: justify;\">Der gestiefelte Kater dreht in seinen roten Stiefeln gem\u00fctlich seine Runden und schwenkt den Hut dabei, w\u00e4hrend er um des M\u00fcllers M\u00fchle herumwandert. Hier wartet f\u00fcr die kleineren Besucher auch ein kleiner Spielplatz.<\/p>\n<p style=\"text-align: center;\"><a href=\"http:\/\/www.sabine-seyffert.de\/blog\/wp-content\/uploads\/2014\/10\/Unbenannt-15.jpg\"><img loading=\"lazy\" decoding=\"async\" class=\"alignnone size-full wp-image-4711\" src=\"http:\/\/www.sabine-seyffert.de\/blog\/wp-content\/uploads\/2014\/10\/Unbenannt-15.jpg\" alt=\"Unbenannt - 15\" width=\"600\" height=\"800\" srcset=\"https:\/\/www.sabine-seyffert.de\/blog\/wp-content\/uploads\/2014\/10\/Unbenannt-15.jpg 600w, https:\/\/www.sabine-seyffert.de\/blog\/wp-content\/uploads\/2014\/10\/Unbenannt-15-225x300.jpg 225w\" sizes=\"auto, (max-width: 600px) 100vw, 600px\" \/><\/a><\/p>\n<p style=\"text-align: justify;\">Die bekanntesten M\u00e4rchen findet man hier im M\u00e4rchenwald allesamt und selbst einige, etwas unbekanntere. Die jeweiligen H\u00e4user sind liebevoll gestaltet und sorgen daf\u00fcr, dass sich nicht nur die Kinder neugierig an den Scheiben ins Innere schauen.<\/p>\n<p style=\"text-align: center;\"><a href=\"http:\/\/www.sabine-seyffert.de\/blog\/wp-content\/uploads\/2014\/10\/Unbenannt-18.jpg\"><img loading=\"lazy\" decoding=\"async\" class=\"alignnone size-full wp-image-4712\" src=\"http:\/\/www.sabine-seyffert.de\/blog\/wp-content\/uploads\/2014\/10\/Unbenannt-18.jpg\" alt=\"Unbenannt - 18\" width=\"800\" height=\"600\" srcset=\"https:\/\/www.sabine-seyffert.de\/blog\/wp-content\/uploads\/2014\/10\/Unbenannt-18.jpg 800w, https:\/\/www.sabine-seyffert.de\/blog\/wp-content\/uploads\/2014\/10\/Unbenannt-18-300x225.jpg 300w\" sizes=\"auto, (max-width: 800px) 100vw, 800px\" \/><\/a><\/p>\n<p style=\"text-align: justify;\"><strong>Ein kleiner Tipp:<\/strong> Wer neugierig ist und den M\u00e4rchenwald besuchen m\u00f6chte, geht m\u00f6glichst nicht zu den absoluten Sto\u00dfzeiten, damit man die jeweiligen M\u00e4rchen wirklich in aller Ruhe genie\u00dfen und bis zum Schluss anh\u00f6ren kann!<\/p>\n<p style=\"text-align: center;\"><a href=\"http:\/\/www.sabine-seyffert.de\/blog\/wp-content\/uploads\/2014\/10\/Unbenannt-20.jpg\"><img loading=\"lazy\" decoding=\"async\" class=\"alignnone size-full wp-image-4713\" src=\"http:\/\/www.sabine-seyffert.de\/blog\/wp-content\/uploads\/2014\/10\/Unbenannt-20.jpg\" alt=\"Unbenannt - 20\" width=\"600\" height=\"800\" srcset=\"https:\/\/www.sabine-seyffert.de\/blog\/wp-content\/uploads\/2014\/10\/Unbenannt-20.jpg 600w, https:\/\/www.sabine-seyffert.de\/blog\/wp-content\/uploads\/2014\/10\/Unbenannt-20-225x300.jpg 225w\" sizes=\"auto, (max-width: 600px) 100vw, 600px\" \/><\/a><\/p>\n<p style=\"text-align: justify;\"><a href=\"http:\/\/www.sabine-seyffert.de\/blog\/?page_id=32#urheberrecht\">urheberrechtlich gesch\u00fctzt<\/a>, \u00a9 Sabine Seyffert<\/p>\n","protected":false},"excerpt":{"rendered":"<p>Zugegeben, ich geh\u00f6re zu den Erwachsenen, die sich gerne an Kindertage erinnern. Gern denke ich an gem\u00fctliche Stunden zur\u00fcck, in denen ich als Kind gebannt M\u00e4rchen gelauscht habe. Aus diesem Grund m\u00f6chte ich euch einen Ausflugstipp ans Herz legen, den ich sehr genossen habe. Unser Ziel ist Altenberg. Dort liegt, mitten im Wald auf einem&#8230; <a href=\"https:\/\/www.sabine-seyffert.de\/blog\/es-war-einmal-ein-maerchenhafter-ausflugstipp\/\" class=\"more-link\">Read more: Es war einmal&#8230; \/ Ein m\u00e4rchenhafter Ausflugstipp<\/a><\/p>\n","protected":false},"author":2,"featured_media":0,"comment_status":"open","ping_status":"open","sticky":false,"template":"","format":"standard","meta":{"_metis_text_type":"","_metis_text_length":2796,"_post_count":0,"footnotes":""},"categories":[39,38],"tags":[],"class_list":["post-4701","post","type-post","status-publish","format-standard","hentry","category-ausfluge-co","category-ferien"],"_links":{"self":[{"href":"https:\/\/www.sabine-seyffert.de\/blog\/wp-json\/wp\/v2\/posts\/4701","targetHints":{"allow":["GET"]}}],"collection":[{"href":"https:\/\/www.sabine-seyffert.de\/blog\/wp-json\/wp\/v2\/posts"}],"about":[{"href":"https:\/\/www.sabine-seyffert.de\/blog\/wp-json\/wp\/v2\/types\/post"}],"author":[{"embeddable":true,"href":"https:\/\/www.sabine-seyffert.de\/blog\/wp-json\/wp\/v2\/users\/2"}],"replies":[{"embeddable":true,"href":"https:\/\/www.sabine-seyffert.de\/blog\/wp-json\/wp\/v2\/comments?post=4701"}],"version-history":[{"count":9,"href":"https:\/\/www.sabine-seyffert.de\/blog\/wp-json\/wp\/v2\/posts\/4701\/revisions"}],"predecessor-version":[{"id":12837,"href":"https:\/\/www.sabine-seyffert.de\/blog\/wp-json\/wp\/v2\/posts\/4701\/revisions\/12837"}],"wp:attachment":[{"href":"https:\/\/www.sabine-seyffert.de\/blog\/wp-json\/wp\/v2\/media?parent=4701"}],"wp:term":[{"taxonomy":"category","embeddable":true,"href":"https:\/\/www.sabine-seyffert.de\/blog\/wp-json\/wp\/v2\/categories?post=4701"},{"taxonomy":"post_tag","embeddable":true,"href":"https:\/\/www.sabine-seyffert.de\/blog\/wp-json\/wp\/v2\/tags?post=4701"}],"curies":[{"name":"wp","href":"https:\/\/api.w.org\/{rel}","templated":true}]}}