{"id":4659,"date":"2014-09-30T05:58:41","date_gmt":"2014-09-30T03:58:41","guid":{"rendered":"http:\/\/www.sabine-seyffert.de\/blog\/?p=4659"},"modified":"2022-09-23T18:45:39","modified_gmt":"2022-09-23T16:45:39","slug":"willkommen-lieber-herbst-diy","status":"publish","type":"post","link":"https:\/\/www.sabine-seyffert.de\/blog\/willkommen-lieber-herbst-diy\/","title":{"rendered":"Willkommen, lieber Herbst \/ DIY"},"content":{"rendered":"<p style=\"text-align: center;\"><a href=\"http:\/\/www.sabine-seyffert.de\/blog\/wp-content\/uploads\/2014\/09\/Unbenannt-38.jpg\"><img loading=\"lazy\" decoding=\"async\" class=\"alignnone size-full wp-image-4660\" src=\"http:\/\/www.sabine-seyffert.de\/blog\/wp-content\/uploads\/2014\/09\/Unbenannt-38.jpg\" alt=\"Unbenannt - 38\" width=\"800\" height=\"600\" srcset=\"https:\/\/www.sabine-seyffert.de\/blog\/wp-content\/uploads\/2014\/09\/Unbenannt-38.jpg 800w, https:\/\/www.sabine-seyffert.de\/blog\/wp-content\/uploads\/2014\/09\/Unbenannt-38-300x225.jpg 300w\" sizes=\"auto, (max-width: 800px) 100vw, 800px\" \/><\/a><\/p>\n<p style=\"text-align: justify;\"><img loading=\"lazy\" decoding=\"async\" src=\"https:\/\/ssl-vg03.met.vgwort.de\/na\/ce82343124614cf3a8be7d66888a27b1\" alt=\"\" width=\"1\" height=\"1\" \/>Da ich den Herbst ausgesprochen gerne mag, m\u00f6chte ich ihn in diesem Jahr herzlich begr\u00fc\u00dfen. Daher traf es sich ganz gut, das wir am Wochenende im Wald unterwegs waren und bei dem Spaziergang nicht nur allerhand tolle Bl\u00e4tter, Bucheckern und Co. gesammelt haben, sondern auch mehrere Beutel voller Kastanien!<\/p>\n<p style=\"text-align: center;\"><a href=\"http:\/\/www.sabine-seyffert.de\/blog\/wp-content\/uploads\/2014\/09\/Unbenannt-39.jpg\"><img loading=\"lazy\" decoding=\"async\" class=\"alignnone size-full wp-image-4661\" src=\"http:\/\/www.sabine-seyffert.de\/blog\/wp-content\/uploads\/2014\/09\/Unbenannt-39.jpg\" alt=\"Unbenannt - 39\" width=\"800\" height=\"600\" srcset=\"https:\/\/www.sabine-seyffert.de\/blog\/wp-content\/uploads\/2014\/09\/Unbenannt-39.jpg 800w, https:\/\/www.sabine-seyffert.de\/blog\/wp-content\/uploads\/2014\/09\/Unbenannt-39-300x225.jpg 300w\" sizes=\"auto, (max-width: 800px) 100vw, 800px\" \/><\/a><\/p>\n<p style=\"text-align: justify;\"><strong>Das wird gebraucht:<\/strong><br \/>\nKastanien, Kastanienbohrer, dicke Kordel, eine Schere, Buchstabenperlen aus Holz (nicht zu klein!), ggf. einen sch\u00f6nen Tannenzapfen und eine kleine Unterlage<\/p>\n<p style=\"text-align: center;\"><a href=\"http:\/\/www.sabine-seyffert.de\/blog\/wp-content\/uploads\/2014\/09\/Unbenannt-40.jpg\"><img loading=\"lazy\" decoding=\"async\" class=\"alignnone size-full wp-image-4662\" src=\"http:\/\/www.sabine-seyffert.de\/blog\/wp-content\/uploads\/2014\/09\/Unbenannt-40.jpg\" alt=\"Unbenannt - 40\" width=\"800\" height=\"600\" srcset=\"https:\/\/www.sabine-seyffert.de\/blog\/wp-content\/uploads\/2014\/09\/Unbenannt-40.jpg 800w, https:\/\/www.sabine-seyffert.de\/blog\/wp-content\/uploads\/2014\/09\/Unbenannt-40-300x225.jpg 300w\" sizes=\"auto, (max-width: 800px) 100vw, 800px\" \/><\/a><\/p>\n<p style=\"text-align: justify;\"><strong>So wird\u2019s gemacht:<\/strong><br \/>\nDie Kastanien sollten m\u00f6glichst sauber und nicht mehr \u201enass\u201c sein. Am besten legt man sie nach dem Sammeln zum Trocknen auf die Fensterbank. Dann deckt man den Tisch mit einer Unterlage ab und bohrt mit Hilfe des Kastanienbohrers in jede Kastanie mittig ein Loch. Das sollte so gro\u00df sein, das sich die Kordel durch die \u00d6ffnung hindurch f\u00e4deln l\u00e4sst. Notfalls nimmt man einen etwas breiteren Bohrer.<\/p>\n<p style=\"text-align: center;\"><a href=\"http:\/\/www.sabine-seyffert.de\/blog\/wp-content\/uploads\/2014\/09\/Unbenannt-41.jpg\"><img loading=\"lazy\" decoding=\"async\" class=\"alignnone size-full wp-image-4663\" src=\"http:\/\/www.sabine-seyffert.de\/blog\/wp-content\/uploads\/2014\/09\/Unbenannt-41.jpg\" alt=\"Unbenannt - 41\" width=\"800\" height=\"600\" srcset=\"https:\/\/www.sabine-seyffert.de\/blog\/wp-content\/uploads\/2014\/09\/Unbenannt-41.jpg 800w, https:\/\/www.sabine-seyffert.de\/blog\/wp-content\/uploads\/2014\/09\/Unbenannt-41-300x225.jpg 300w\" sizes=\"auto, (max-width: 800px) 100vw, 800px\" \/><\/a><\/p>\n<p style=\"text-align: justify;\">Als n\u00e4chstes schneidet man von der Kordel ein etwa 80 cm langes St\u00fcck Schnur ab. An das untere Kordelende knotet man einen sch\u00f6nen Tannenzapfen fest und f\u00e4delt eine Kastanie auf. Anschlie\u00dfend f\u00e4delt man eine Buchstabenperle darauf. Bei mir sollte es passend zur Bastelidee das Wort \u201eHerbst\u201c ergeben.<\/p>\n<p style=\"text-align: center;\"><a href=\"http:\/\/www.sabine-seyffert.de\/blog\/wp-content\/uploads\/2014\/09\/Unbenannt-42.jpg\"><img loading=\"lazy\" decoding=\"async\" class=\"alignnone size-full wp-image-4664\" src=\"http:\/\/www.sabine-seyffert.de\/blog\/wp-content\/uploads\/2014\/09\/Unbenannt-42.jpg\" alt=\"Unbenannt - 42\" width=\"800\" height=\"600\" srcset=\"https:\/\/www.sabine-seyffert.de\/blog\/wp-content\/uploads\/2014\/09\/Unbenannt-42.jpg 800w, https:\/\/www.sabine-seyffert.de\/blog\/wp-content\/uploads\/2014\/09\/Unbenannt-42-300x225.jpg 300w\" sizes=\"auto, (max-width: 800px) 100vw, 800px\" \/><\/a><\/p>\n<p style=\"text-align: justify;\">In dem Fall beginnt man dann zuerst mit dem Buchstaben \u201eT\u201c. So reiht man abwechselnd Kastanien und Holzperlen auf die Kordel und schlie\u00dft mit einer Kastanie ab. Das obere Kordelende bindet man zu einer gr\u00f6\u00dferen Schlaufe und kann diesen \u201ebaumelnden\u201c Anh\u00e4nger an die T\u00fcrklinke, die Wand oder ein Fenster h\u00e4ngen.<\/p>\n<p style=\"text-align: justify;\"><a href=\"http:\/\/www.sabine-seyffert.de\/blog\/wp-content\/uploads\/2014\/09\/Unbenannt-43.jpg\"><img loading=\"lazy\" decoding=\"async\" class=\"alignnone size-full wp-image-4666\" src=\"http:\/\/www.sabine-seyffert.de\/blog\/wp-content\/uploads\/2014\/09\/Unbenannt-43.jpg\" alt=\"Unbenannt - 43\" width=\"800\" height=\"600\" srcset=\"https:\/\/www.sabine-seyffert.de\/blog\/wp-content\/uploads\/2014\/09\/Unbenannt-43.jpg 800w, https:\/\/www.sabine-seyffert.de\/blog\/wp-content\/uploads\/2014\/09\/Unbenannt-43-300x225.jpg 300w\" sizes=\"auto, (max-width: 800px) 100vw, 800px\" \/><\/a><\/p>\n<p style=\"text-align: justify;\"><strong>Variante:<\/strong><br \/>\nWer aus den Fr\u00fcchten lieber eine Art Girlande machen m\u00f6chte, der kann dieses herbstliche DIY folgenderma\u00dfen ab\u00e4ndern: An das St\u00fcck Kordel bindet man ca. 20 vom unteren Rand einen Knoten. Der Knoten sollte also so gro\u00df sein, das die Kastanie nicht mehr hinunterrutschen kann.<\/p>\n<p style=\"text-align: center;\"><a href=\"http:\/\/www.sabine-seyffert.de\/blog\/wp-content\/uploads\/2014\/09\/Unbenannt-44.jpg\"><img loading=\"lazy\" decoding=\"async\" class=\"alignnone size-full wp-image-4667\" src=\"http:\/\/www.sabine-seyffert.de\/blog\/wp-content\/uploads\/2014\/09\/Unbenannt-44.jpg\" alt=\"Unbenannt - 44\" width=\"800\" height=\"600\" srcset=\"https:\/\/www.sabine-seyffert.de\/blog\/wp-content\/uploads\/2014\/09\/Unbenannt-44.jpg 800w, https:\/\/www.sabine-seyffert.de\/blog\/wp-content\/uploads\/2014\/09\/Unbenannt-44-300x225.jpg 300w\" sizes=\"auto, (max-width: 800px) 100vw, 800px\" \/><\/a><\/p>\n<p style=\"text-align: justify;\">Auch hier f\u00e4delt man immer abwechselnd Kastanien mit den Perlen auf. \u00dcber der letzten Kastanie macht man wieder einen dicken Knoten, damit auch hier nichts verrutscht. Nun kann man diese kleine Herbstgirlande einfach quer spannen und an der gew\u00fcnschten Stelle aufh\u00e4ngen.<\/p>\n<p style=\"text-align: center;\"><a href=\"http:\/\/www.sabine-seyffert.de\/blog\/wp-content\/uploads\/2014\/09\/Unbenannt-45.jpg\"><img loading=\"lazy\" decoding=\"async\" class=\"alignnone size-full wp-image-4668\" src=\"http:\/\/www.sabine-seyffert.de\/blog\/wp-content\/uploads\/2014\/09\/Unbenannt-45.jpg\" alt=\"Unbenannt - 45\" width=\"600\" height=\"800\" srcset=\"https:\/\/www.sabine-seyffert.de\/blog\/wp-content\/uploads\/2014\/09\/Unbenannt-45.jpg 600w, https:\/\/www.sabine-seyffert.de\/blog\/wp-content\/uploads\/2014\/09\/Unbenannt-45-225x300.jpg 225w\" sizes=\"auto, (max-width: 600px) 100vw, 600px\" \/><\/a><\/p>\n<p style=\"text-align: justify;\">Alles zum Thema Herbst gibt es \u00fcbrigens in dieser <a href=\"http:\/\/www.sabine-seyffert.de\/blog\/?cat=25\" target=\"_blank\" rel=\"noopener\">Rubrik<\/a>, eine herbstliche Idee f\u00fcr Kerzen <a href=\"http:\/\/www.sabine-seyffert.de\/blog\/?p=4721\" target=\"_blank\" rel=\"noopener\">hier<\/a>, traumhafte Bastelei mit Hagebutten <a href=\"http:\/\/www.sabine-seyffert.de\/blog\/?p=4682\" target=\"_blank\" rel=\"noopener\">hier<\/a>, Deko Ideen <a href=\"http:\/\/www.sabine-seyffert.de\/blog\/?cat=12\" target=\"_blank\" rel=\"noopener\">hier<\/a> und andere kreative Sachen <a href=\"http:\/\/www.creadienstag.de\/2014\/09\/143.html\" target=\"_blank\" rel=\"noopener\">dort<\/a>!<\/p>\n<p style=\"text-align: center;\"><a href=\"http:\/\/www.sabine-seyffert.de\/blog\/wp-content\/uploads\/2014\/09\/Unbenannt-46.jpg\"><img loading=\"lazy\" decoding=\"async\" class=\"alignnone size-full wp-image-4669\" src=\"http:\/\/www.sabine-seyffert.de\/blog\/wp-content\/uploads\/2014\/09\/Unbenannt-46.jpg\" alt=\"Unbenannt - 46\" width=\"600\" height=\"810\" srcset=\"https:\/\/www.sabine-seyffert.de\/blog\/wp-content\/uploads\/2014\/09\/Unbenannt-46.jpg 600w, https:\/\/www.sabine-seyffert.de\/blog\/wp-content\/uploads\/2014\/09\/Unbenannt-46-222x300.jpg 222w\" sizes=\"auto, (max-width: 600px) 100vw, 600px\" \/><\/a><\/p>\n<p style=\"text-align: justify;\"><a href=\"http:\/\/www.sabine-seyffert.de\/blog\/?page_id=32#urheberrecht\">urheberrechtlich gesch\u00fctzt<\/a>, \u00a9 Sabine Seyffert<\/p>\n","protected":false},"excerpt":{"rendered":"<p>Da ich den Herbst ausgesprochen gerne mag, m\u00f6chte ich ihn in diesem Jahr herzlich begr\u00fc\u00dfen. Daher traf es sich ganz gut, das wir am Wochenende im Wald unterwegs waren und bei dem Spaziergang nicht nur allerhand tolle Bl\u00e4tter, Bucheckern und Co. gesammelt haben, sondern auch mehrere Beutel voller Kastanien! Das wird gebraucht: Kastanien, Kastanienbohrer, dicke&#8230; <a href=\"https:\/\/www.sabine-seyffert.de\/blog\/willkommen-lieber-herbst-diy\/\" class=\"more-link\">Read more: Willkommen, lieber Herbst \/ DIY<\/a><\/p>\n","protected":false},"author":2,"featured_media":0,"comment_status":"open","ping_status":"open","sticky":false,"template":"","format":"standard","meta":{"_metis_text_type":"","_metis_text_length":2302,"_post_count":0,"footnotes":""},"categories":[12,25],"tags":[],"class_list":["post-4659","post","type-post","status-publish","format-standard","hentry","category-deko-ideen","category-herbst"],"_links":{"self":[{"href":"https:\/\/www.sabine-seyffert.de\/blog\/wp-json\/wp\/v2\/posts\/4659","targetHints":{"allow":["GET"]}}],"collection":[{"href":"https:\/\/www.sabine-seyffert.de\/blog\/wp-json\/wp\/v2\/posts"}],"about":[{"href":"https:\/\/www.sabine-seyffert.de\/blog\/wp-json\/wp\/v2\/types\/post"}],"author":[{"embeddable":true,"href":"https:\/\/www.sabine-seyffert.de\/blog\/wp-json\/wp\/v2\/users\/2"}],"replies":[{"embeddable":true,"href":"https:\/\/www.sabine-seyffert.de\/blog\/wp-json\/wp\/v2\/comments?post=4659"}],"version-history":[{"count":7,"href":"https:\/\/www.sabine-seyffert.de\/blog\/wp-json\/wp\/v2\/posts\/4659\/revisions"}],"predecessor-version":[{"id":4747,"href":"https:\/\/www.sabine-seyffert.de\/blog\/wp-json\/wp\/v2\/posts\/4659\/revisions\/4747"}],"wp:attachment":[{"href":"https:\/\/www.sabine-seyffert.de\/blog\/wp-json\/wp\/v2\/media?parent=4659"}],"wp:term":[{"taxonomy":"category","embeddable":true,"href":"https:\/\/www.sabine-seyffert.de\/blog\/wp-json\/wp\/v2\/categories?post=4659"},{"taxonomy":"post_tag","embeddable":true,"href":"https:\/\/www.sabine-seyffert.de\/blog\/wp-json\/wp\/v2\/tags?post=4659"}],"curies":[{"name":"wp","href":"https:\/\/api.w.org\/{rel}","templated":true}]}}