{"id":4647,"date":"2014-09-25T10:25:49","date_gmt":"2014-09-25T08:25:49","guid":{"rendered":"http:\/\/www.sabine-seyffert.de\/blog\/?p=4647"},"modified":"2018-11-06T07:35:55","modified_gmt":"2018-11-06T05:35:55","slug":"selbst-gemachte-adventskalender-kreative-bastelideen-fuer-gross-und-klein","status":"publish","type":"post","link":"https:\/\/www.sabine-seyffert.de\/blog\/selbst-gemachte-adventskalender-kreative-bastelideen-fuer-gross-und-klein\/","title":{"rendered":"Selbst gemachte Adventskalender \u2013 Kreative Bastelideen f\u00fcr Gro\u00df und Klein"},"content":{"rendered":"<p style=\"text-align: justify;\"><img loading=\"lazy\" decoding=\"async\" src=\"https:\/\/ssl-vg03.met.vgwort.de\/na\/50136a98b1c844a6b604c11b0de6850d\" alt=\"\" width=\"1\" height=\"1\" \/><br \/>\nDer <a href=\"http:\/\/www.sabine-seyffert.de\/blog\/?cat=25\" target=\"_blank\" rel=\"noopener\">Herbst<\/a> hat begonnen und zeigt sich derzeit eher von seiner ungem\u00fctlichen Seite: Viel Regen, grauer Himmel und k\u00fchlen Temperaturen. Aber das hat auch was f\u00fcr sich. Denn solche Tage kann man wunderbar mit kreativen Ideen f\u00fcllen. Die vertreiben nicht nur die Zeit, sondern helfen auch dabei das traute Heim zu versch\u00f6nern. Wie w\u00e4re es daher mit selbst gemachten <a href=\"http:\/\/www.sabine-seyffert.de\/blog\/?p=3282\" target=\"_blank\" rel=\"noopener\">Adventskalendern<\/a>? Bis zum ersten Dezember ist es zwar noch etwas hin, aber daf\u00fcr bleibt genug Zeit um entspannt und in aller Ruhe zu Basteln, Werkeln und die Kalender mit tollen Kleinigkeiten zu f\u00fcllen!<\/p>\n<p style=\"text-align: justify;\">So ziemlich genau vor zwei Jahren kam meiner Kollegin <a href=\"http:\/\/susanne-krauss.blogspot.de\/2013\/12\/cover-und-buchproduktionen-2013.html\" target=\"_blank\" rel=\"noopener\">Susanne Krauss<\/a> und mir der Gedanke zu einem <a href=\"http:\/\/www.sabine-seyffert.de\/blog\/?p=255\" target=\"_blank\" rel=\"noopener\">neuen Buchprojekt<\/a>: Adventskalender! Die Idee war schnell geboren und so habe ich etliche Wochen damit verbracht mir Ideen auszudenken und in die Tat umzusetzen. So fertigte ich einige der Kalender an und schickte sie meiner Kollegin f\u00fcr ein Shooting. Leider lies sich die Idee zu guter Letzt nicht gemeinsam verwirklichen.<\/p>\n<p style=\"text-align: justify;\">Dennoch freue ich mich diese Idee nach so langer Zeit nun doch als fertiges Buch in den H\u00e4nden halten zu k\u00f6nnen. Dieses Buchprojekt, das f\u00fcr eine ganz neue Buchreihe gedacht ist, war auch f\u00fcr mich als erfahrene Autorin absolutes Neuland. Hierzu musste ich nicht nur die Ideen liefern und die detaillierten Anleitungen und Texte zu Papier bringen, sondern die entsprechenden Adventskalender alle anfertigen. Allein das Material zu beschaffen war schon eine Aufgabe f\u00fcr sich. Denn schlie\u00dflich sollten die Ideen allesamt im Detail fotografiert werden und ansprechend aussehen. Dem Verlag war es wichtig die Anfertigung in Step by Step Bildern festzuhalten. Das hie\u00df f\u00fcr mich nicht nur jeden der Adventskalender 24 mal zu basteln, sondern auch noch weitere Exemplare bei der \u201eEntstehung\u201c.<\/p>\n<p style=\"text-align: justify;\">Die M\u00fche hat sich in jedem Fall gelohnt, denn das Buch steckt voller Ideen und stimmungsvollen Fotos, die schon jetzt richtig Lust auf die Weihnachtszeit machen! Wer neugierig ist, kann <a href=\"http:\/\/www.blooms.de\/BLOOMs\/Buecher\/Buecher-Uebersicht\/Selbst-gemachte-Adventskalender,QUlEPTQzMzU0OTcmTUlEPTExMTU4NA.html?UID=7F46330ACD307CB6A9DA366D9D969CECBC63077B874D6B391601\" target=\"_blank\" rel=\"noopener\">hier<\/a> einen Blick in das Buch werfen. Und all diejenigen, denen es jetzt in den Fingern juckt, den w\u00fcnsche ich ganz viel Freude beim Basteln!<\/p>\n<p style=\"text-align: center;\"><a href=\"http:\/\/www.sabine-seyffert.de\/blog\/wp-content\/uploads\/2014\/09\/Adventskalender_Cover.jpg\"><img loading=\"lazy\" decoding=\"async\" class=\"alignnone size-full wp-image-4648\" src=\"http:\/\/www.sabine-seyffert.de\/blog\/wp-content\/uploads\/2014\/09\/Adventskalender_Cover.jpg\" alt=\"Adventskalender_Cover\" width=\"600\" height=\"631\" srcset=\"https:\/\/www.sabine-seyffert.de\/blog\/wp-content\/uploads\/2014\/09\/Adventskalender_Cover.jpg 600w, https:\/\/www.sabine-seyffert.de\/blog\/wp-content\/uploads\/2014\/09\/Adventskalender_Cover-285x300.jpg 285w\" sizes=\"auto, (max-width: 600px) 100vw, 600px\" \/><\/a><\/p>\n<p style=\"text-align: justify;\">Das Buch hei\u00dft \u201e<a href=\"http:\/\/www.sabine-seyffert.de\/buch1.php?i=75&amp;q=\" target=\"_blank\" rel=\"noopener\">Selbst gemachte Adventskalender \u2013 <em>Kreative Bastelideen f\u00fcr Gro\u00df und Klein<\/em><\/a>\u201c und ist beim Blooms Verlag mit der ISBN 978-3800182756 erschienen.<\/p>\n<p><a href=\"http:\/\/www.sabine-seyffert.de\/blog\/?page_id=32#urheberrecht\">urheberrechtlich gesch\u00fctzt<\/a>, \u00a9 Sabine Seyffert<\/p>\n","protected":false},"excerpt":{"rendered":"<p>Der Herbst hat begonnen und zeigt sich derzeit eher von seiner ungem\u00fctlichen Seite: Viel Regen, grauer Himmel und k\u00fchlen Temperaturen. Aber das hat auch was f\u00fcr sich. Denn solche Tage kann man wunderbar mit kreativen Ideen f\u00fcllen. Die vertreiben nicht nur die Zeit, sondern helfen auch dabei das traute Heim zu versch\u00f6nern. Wie w\u00e4re es&#8230; <a href=\"https:\/\/www.sabine-seyffert.de\/blog\/selbst-gemachte-adventskalender-kreative-bastelideen-fuer-gross-und-klein\/\" class=\"more-link\">Read more: Selbst gemachte Adventskalender \u2013 Kreative Bastelideen f\u00fcr Gro\u00df und Klein<\/a><\/p>\n","protected":false},"author":2,"featured_media":0,"comment_status":"open","ping_status":"open","sticky":false,"template":"","format":"standard","meta":{"_metis_text_type":"","_metis_text_length":2302,"_post_count":0,"footnotes":""},"categories":[41,20,12,36,22],"tags":[],"class_list":["post-4647","post","type-post","status-publish","format-standard","hentry","category-weihnachten","category-bucher","category-deko-ideen","category-klitzekleine-geschenkideen","category-winter"],"_links":{"self":[{"href":"https:\/\/www.sabine-seyffert.de\/blog\/wp-json\/wp\/v2\/posts\/4647","targetHints":{"allow":["GET"]}}],"collection":[{"href":"https:\/\/www.sabine-seyffert.de\/blog\/wp-json\/wp\/v2\/posts"}],"about":[{"href":"https:\/\/www.sabine-seyffert.de\/blog\/wp-json\/wp\/v2\/types\/post"}],"author":[{"embeddable":true,"href":"https:\/\/www.sabine-seyffert.de\/blog\/wp-json\/wp\/v2\/users\/2"}],"replies":[{"embeddable":true,"href":"https:\/\/www.sabine-seyffert.de\/blog\/wp-json\/wp\/v2\/comments?post=4647"}],"version-history":[{"count":9,"href":"https:\/\/www.sabine-seyffert.de\/blog\/wp-json\/wp\/v2\/posts\/4647\/revisions"}],"predecessor-version":[{"id":13567,"href":"https:\/\/www.sabine-seyffert.de\/blog\/wp-json\/wp\/v2\/posts\/4647\/revisions\/13567"}],"wp:attachment":[{"href":"https:\/\/www.sabine-seyffert.de\/blog\/wp-json\/wp\/v2\/media?parent=4647"}],"wp:term":[{"taxonomy":"category","embeddable":true,"href":"https:\/\/www.sabine-seyffert.de\/blog\/wp-json\/wp\/v2\/categories?post=4647"},{"taxonomy":"post_tag","embeddable":true,"href":"https:\/\/www.sabine-seyffert.de\/blog\/wp-json\/wp\/v2\/tags?post=4647"}],"curies":[{"name":"wp","href":"https:\/\/api.w.org\/{rel}","templated":true}]}}