{"id":4632,"date":"2014-09-23T05:57:41","date_gmt":"2014-09-23T03:57:41","guid":{"rendered":"http:\/\/www.sabine-seyffert.de\/blog\/?p=4632"},"modified":"2017-03-02T16:40:45","modified_gmt":"2017-03-02T14:40:45","slug":"summ-summ-summ","status":"publish","type":"post","link":"https:\/\/www.sabine-seyffert.de\/blog\/summ-summ-summ\/","title":{"rendered":"Summ, summ, summ\u2026"},"content":{"rendered":"<p style=\"text-align: justify;\"><img loading=\"lazy\" decoding=\"async\" src=\"https:\/\/ssl-vg03.met.vgwort.de\/na\/0ce54a5784e049d883a362a0a04310f2\" alt=\"\" width=\"1\" height=\"1\" \/><br \/>\nDer Sommer ist zwar zu Ende, aber unser <a href=\"http:\/\/www.sabine-seyffert.de\/blog\/?p=2842\" target=\"_blank\">Kinderzimmerfenster<\/a> braucht dringend eine neue Deko. Au\u00dferdem findet man derzeit so wunderbare Naturmaterialien, mit denen man herrlich kreativ werkeln kann. Daher gibt es heute ein lustiges DIY, bei dem kleine <a href=\"http:\/\/www.sabine-seyffert.de\/blog\/?cat=32\" target=\"_blank\">Kinderh\u00e4nde<\/a> ganz prima helfen k\u00f6nnen!<\/p>\n<p style=\"text-align: center;\"><a href=\"http:\/\/www.sabine-seyffert.de\/blog\/wp-content\/uploads\/2014\/09\/Unbenannt-17.jpg\"><img loading=\"lazy\" decoding=\"async\" class=\"alignnone size-full wp-image-4633\" src=\"http:\/\/www.sabine-seyffert.de\/blog\/wp-content\/uploads\/2014\/09\/Unbenannt-17.jpg\" alt=\"Unbenannt - 17\" width=\"800\" height=\"600\" srcset=\"https:\/\/www.sabine-seyffert.de\/blog\/wp-content\/uploads\/2014\/09\/Unbenannt-17.jpg 800w, https:\/\/www.sabine-seyffert.de\/blog\/wp-content\/uploads\/2014\/09\/Unbenannt-17-300x225.jpg 300w\" sizes=\"auto, (max-width: 800px) 100vw, 800px\" \/><\/a><\/p>\n<p style=\"text-align: justify;\"><strong>Das wird gebraucht:<\/strong><br \/>\n1 Bogen Tonkarton Din A4 in wei\u00df, gelbe &amp; braune Wasserfarbe, Borstenpinsel, ein Glas mit Wasser, eine wasserfeste Unterlage, eine Schere, Ahornnasen, eine Hei\u00dfklebepistole samt Klebepatrone, brauner Tonkarton sowie ggf. eine Nadel und etwas Garn<\/p>\n<p style=\"text-align: center;\"><a href=\"http:\/\/www.sabine-seyffert.de\/blog\/wp-content\/uploads\/2014\/09\/Unbenannt-13.jpg\"><img loading=\"lazy\" decoding=\"async\" class=\"alignnone size-full wp-image-4634\" src=\"http:\/\/www.sabine-seyffert.de\/blog\/wp-content\/uploads\/2014\/09\/Unbenannt-13.jpg\" alt=\"Unbenannt - 13\" width=\"800\" height=\"600\" srcset=\"https:\/\/www.sabine-seyffert.de\/blog\/wp-content\/uploads\/2014\/09\/Unbenannt-13.jpg 800w, https:\/\/www.sabine-seyffert.de\/blog\/wp-content\/uploads\/2014\/09\/Unbenannt-13-300x225.jpg 300w\" sizes=\"auto, (max-width: 800px) 100vw, 800px\" \/><\/a><\/p>\n<p style=\"text-align: justify;\"><strong>So wird\u2019s gemacht:<\/strong><br \/>\nZuerst legt man den Tisch mit einer wasserfesten Unterlage aus. Darauf platziert man den Tonkarton und malt darauf mit der gelben Wasserfarbe in regelm\u00e4\u00dfigen Abst\u00e4nden gelbe Streifen. Wenn man viel Farbe und wenig Wasser verwendet, sind diese recht schnell getrocknet, so dass man im Anschluss die wei\u00dfen Zwischenlinien mit brauner Farbe anmalen kann.<\/p>\n<p style=\"text-align: center;\"><a href=\"http:\/\/www.sabine-seyffert.de\/blog\/wp-content\/uploads\/2014\/09\/Unbenannt-14.jpg\"><img loading=\"lazy\" decoding=\"async\" class=\"alignnone size-full wp-image-4635\" src=\"http:\/\/www.sabine-seyffert.de\/blog\/wp-content\/uploads\/2014\/09\/Unbenannt-14.jpg\" alt=\"Unbenannt - 14\" width=\"800\" height=\"600\" srcset=\"https:\/\/www.sabine-seyffert.de\/blog\/wp-content\/uploads\/2014\/09\/Unbenannt-14.jpg 800w, https:\/\/www.sabine-seyffert.de\/blog\/wp-content\/uploads\/2014\/09\/Unbenannt-14-300x225.jpg 300w\" sizes=\"auto, (max-width: 800px) 100vw, 800px\" \/><\/a><\/p>\n<p style=\"text-align: justify;\">Wer die Bienchen f\u00fcrs Fenster oder als Anh\u00e4nger nutzt, sollte die R\u00fcckseite ebenfalls mit gelben und braunen Streifen versehen, damit man die Tiere von beiden Seiten gleicherma\u00dfen bewundern kann.<\/p>\n<p style=\"text-align: center;\"><a href=\"http:\/\/www.sabine-seyffert.de\/blog\/wp-content\/uploads\/2014\/09\/Unbenannt-15.jpg\"><img loading=\"lazy\" decoding=\"async\" class=\"alignnone size-full wp-image-4636\" src=\"http:\/\/www.sabine-seyffert.de\/blog\/wp-content\/uploads\/2014\/09\/Unbenannt-15.jpg\" alt=\"Unbenannt - 15\" width=\"800\" height=\"600\" srcset=\"https:\/\/www.sabine-seyffert.de\/blog\/wp-content\/uploads\/2014\/09\/Unbenannt-15.jpg 800w, https:\/\/www.sabine-seyffert.de\/blog\/wp-content\/uploads\/2014\/09\/Unbenannt-15-300x225.jpg 300w\" sizes=\"auto, (max-width: 800px) 100vw, 800px\" \/><\/a><\/p>\n<p style=\"text-align: justify;\">W\u00e4hrend die Farbe trocknet, schneidet man aus dem brauen Tonkarton noch allerhand F\u00fchler aus und zupft die Ahornnasen so auseinander, das man diese einzeln verwenden kann.<\/p>\n<p style=\"text-align: center;\"><a href=\"http:\/\/www.sabine-seyffert.de\/blog\/wp-content\/uploads\/2014\/09\/Unbenannt-16.jpg\"><img loading=\"lazy\" decoding=\"async\" class=\"alignnone size-full wp-image-4637\" src=\"http:\/\/www.sabine-seyffert.de\/blog\/wp-content\/uploads\/2014\/09\/Unbenannt-16.jpg\" alt=\"Unbenannt - 16\" width=\"800\" height=\"600\" srcset=\"https:\/\/www.sabine-seyffert.de\/blog\/wp-content\/uploads\/2014\/09\/Unbenannt-16.jpg 800w, https:\/\/www.sabine-seyffert.de\/blog\/wp-content\/uploads\/2014\/09\/Unbenannt-16-300x225.jpg 300w\" sizes=\"auto, (max-width: 800px) 100vw, 800px\" \/><\/a><\/p>\n<p style=\"text-align: justify;\">Auf dem gestreiften Papier schneidet man nun ovale K\u00f6rper f\u00fcr die Bienen aus. Anschlie\u00dfend kommt die Hei\u00dfklebepistole zum Einsatz. Sobald diese hei\u00df ist, kann man an jedes geringelte Oval seitlich die Ahornnasen als Fl\u00fcgel befestigen sowie die F\u00fchler ankleben.<\/p>\n<p style=\"text-align: center;\"><a href=\"http:\/\/www.sabine-seyffert.de\/blog\/wp-content\/uploads\/2014\/09\/Unbenannt-19.jpg\"><img loading=\"lazy\" decoding=\"async\" class=\"alignnone size-full wp-image-4638\" src=\"http:\/\/www.sabine-seyffert.de\/blog\/wp-content\/uploads\/2014\/09\/Unbenannt-19.jpg\" alt=\"Unbenannt - 19\" width=\"800\" height=\"600\" srcset=\"https:\/\/www.sabine-seyffert.de\/blog\/wp-content\/uploads\/2014\/09\/Unbenannt-19.jpg 800w, https:\/\/www.sabine-seyffert.de\/blog\/wp-content\/uploads\/2014\/09\/Unbenannt-19-300x225.jpg 300w\" sizes=\"auto, (max-width: 800px) 100vw, 800px\" \/><\/a><\/p>\n<p style=\"text-align: justify;\">Sind alle Bienchen soweit zusammengesetzt, zieht man mit Hilfe der Nadel etwas Garn hindurch, das man zu einer Schlaufe knotet. Daran k\u00f6nnen die Bienchen nun aufgeh\u00e4ngt werden.<\/p>\n<p style=\"text-align: center;\"><a href=\"http:\/\/www.sabine-seyffert.de\/blog\/wp-content\/uploads\/2014\/09\/Unbenannt-20.jpg\"><img loading=\"lazy\" decoding=\"async\" class=\"alignnone size-full wp-image-4639\" src=\"http:\/\/www.sabine-seyffert.de\/blog\/wp-content\/uploads\/2014\/09\/Unbenannt-20.jpg\" alt=\"Unbenannt - 20\" width=\"800\" height=\"600\" srcset=\"https:\/\/www.sabine-seyffert.de\/blog\/wp-content\/uploads\/2014\/09\/Unbenannt-20.jpg 800w, https:\/\/www.sabine-seyffert.de\/blog\/wp-content\/uploads\/2014\/09\/Unbenannt-20-300x225.jpg 300w\" sizes=\"auto, (max-width: 800px) 100vw, 800px\" \/><\/a><\/p>\n<p style=\"text-align: justify;\"><strong>Ein kleiner Tipp:<\/strong><br \/>\nWer die kleinen Bienchen nicht mit einer Schlaufe zum Aufh\u00e4ngen ausstatten m\u00f6chte, kann diese auch ganz einfach an der Fensterscheibe befestigen, wie <a href=\"http:\/\/www.sabine-seyffert.de\/blog\/?p=1587\" target=\"_blank\">hier<\/a> und <a href=\"http:\/\/www.sabine-seyffert.de\/blog\/?p=1951\" target=\"_blank\">hier<\/a> ausf\u00fchrlich erkl\u00e4rt.<\/p>\n<p style=\"text-align: center;\"><a href=\"http:\/\/www.sabine-seyffert.de\/blog\/wp-content\/uploads\/2014\/09\/Unbenannt-22.jpg\"><img loading=\"lazy\" decoding=\"async\" class=\"alignnone size-full wp-image-4640\" src=\"http:\/\/www.sabine-seyffert.de\/blog\/wp-content\/uploads\/2014\/09\/Unbenannt-22.jpg\" alt=\"Unbenannt - 22\" width=\"600\" height=\"800\" srcset=\"https:\/\/www.sabine-seyffert.de\/blog\/wp-content\/uploads\/2014\/09\/Unbenannt-22.jpg 600w, https:\/\/www.sabine-seyffert.de\/blog\/wp-content\/uploads\/2014\/09\/Unbenannt-22-225x300.jpg 225w\" sizes=\"auto, (max-width: 600px) 100vw, 600px\" \/><\/a><\/p>\n<p style=\"text-align: justify;\">Weitere Ideen f\u00fcr kleine Kinderh\u00e4nde gibt es \u00fcbrigens in <a href=\"http:\/\/www.sabine-seyffert.de\/blog\/?cat=32\" target=\"_blank\">dieser Rubrik<\/a>. Und andere kreative Ideen findet man auch <a href=\"http:\/\/www.creadienstag.de\/2014\/09\/142.html\" target=\"_blank\">hier<\/a>!<\/p>\n<p style=\"text-align: justify;\"><a href=\"http:\/\/www.sabine-seyffert.de\/blog\/?page_id=32#urheberrecht\">urheberrechtlich gesch\u00fctzt<\/a>, \u00a9 Sabine Seyffert<\/p>\n","protected":false},"excerpt":{"rendered":"<p>Der Sommer ist zwar zu Ende, aber unser Kinderzimmerfenster braucht dringend eine neue Deko. Au\u00dferdem findet man derzeit so wunderbare Naturmaterialien, mit denen man herrlich kreativ werkeln kann. Daher gibt es heute ein lustiges DIY, bei dem kleine Kinderh\u00e4nde ganz prima helfen k\u00f6nnen! Das wird gebraucht: 1 Bogen Tonkarton Din A4 in wei\u00df, gelbe &amp;&#8230; <a href=\"https:\/\/www.sabine-seyffert.de\/blog\/summ-summ-summ\/\" class=\"more-link\">Read more: Summ, summ, summ\u2026<\/a><\/p>\n","protected":false},"author":2,"featured_media":0,"comment_status":"open","ping_status":"open","sticky":false,"template":"","format":"standard","meta":{"_metis_text_type":"","_metis_text_length":2105,"_post_count":0,"footnotes":""},"categories":[32,12,25],"tags":[],"class_list":["post-4632","post","type-post","status-publish","format-standard","hentry","category-kreatives-fur-kleine-kinderhande","category-deko-ideen","category-herbst"],"_links":{"self":[{"href":"https:\/\/www.sabine-seyffert.de\/blog\/wp-json\/wp\/v2\/posts\/4632","targetHints":{"allow":["GET"]}}],"collection":[{"href":"https:\/\/www.sabine-seyffert.de\/blog\/wp-json\/wp\/v2\/posts"}],"about":[{"href":"https:\/\/www.sabine-seyffert.de\/blog\/wp-json\/wp\/v2\/types\/post"}],"author":[{"embeddable":true,"href":"https:\/\/www.sabine-seyffert.de\/blog\/wp-json\/wp\/v2\/users\/2"}],"replies":[{"embeddable":true,"href":"https:\/\/www.sabine-seyffert.de\/blog\/wp-json\/wp\/v2\/comments?post=4632"}],"version-history":[{"count":5,"href":"https:\/\/www.sabine-seyffert.de\/blog\/wp-json\/wp\/v2\/posts\/4632\/revisions"}],"predecessor-version":[{"id":9709,"href":"https:\/\/www.sabine-seyffert.de\/blog\/wp-json\/wp\/v2\/posts\/4632\/revisions\/9709"}],"wp:attachment":[{"href":"https:\/\/www.sabine-seyffert.de\/blog\/wp-json\/wp\/v2\/media?parent=4632"}],"wp:term":[{"taxonomy":"category","embeddable":true,"href":"https:\/\/www.sabine-seyffert.de\/blog\/wp-json\/wp\/v2\/categories?post=4632"},{"taxonomy":"post_tag","embeddable":true,"href":"https:\/\/www.sabine-seyffert.de\/blog\/wp-json\/wp\/v2\/tags?post=4632"}],"curies":[{"name":"wp","href":"https:\/\/api.w.org\/{rel}","templated":true}]}}