{"id":4613,"date":"2014-09-19T11:00:22","date_gmt":"2014-09-19T09:00:22","guid":{"rendered":"http:\/\/www.sabine-seyffert.de\/blog\/?p=4613"},"modified":"2018-06-26T08:47:36","modified_gmt":"2018-06-26T06:47:36","slug":"eine-gruene-oase-mitten-in-der-stadt","status":"publish","type":"post","link":"https:\/\/www.sabine-seyffert.de\/blog\/eine-gruene-oase-mitten-in-der-stadt\/","title":{"rendered":"Eine gr\u00fcne Oase mitten in der Stadt"},"content":{"rendered":"<p style=\"text-align: justify;\"><img loading=\"lazy\" decoding=\"async\" src=\"https:\/\/ssl-vg03.met.vgwort.de\/na\/dbd5bfd6bdb945a68e552112c8244374\" alt=\"\" width=\"1\" height=\"1\" \/><br \/>\n<a href=\"http:\/\/www.sabine-seyffert.de\/blog\/wp-content\/uploads\/2014\/09\/Unbenannt-10.jpg\"><img loading=\"lazy\" decoding=\"async\" class=\"alignnone wp-image-4615\" src=\"http:\/\/www.sabine-seyffert.de\/blog\/wp-content\/uploads\/2014\/09\/Unbenannt-10.jpg\" alt=\"Unbenannt - 10\" width=\"800\" height=\"600\" srcset=\"https:\/\/www.sabine-seyffert.de\/blog\/wp-content\/uploads\/2014\/09\/Unbenannt-10.jpg 800w, https:\/\/www.sabine-seyffert.de\/blog\/wp-content\/uploads\/2014\/09\/Unbenannt-10-300x225.jpg 300w\" sizes=\"auto, (max-width: 800px) 100vw, 800px\" \/><\/a><\/p>\n<p style=\"text-align: justify;\">Eine kleine, gr\u00fcne Oase ist der <a href=\"http:\/\/de.wikipedia.org\/wiki\/Vorwerk-Park\" target=\"_blank\" rel=\"noopener\">Vorwerk-Park<\/a>, der im Wuppertaler Stadtteil Barmen zu finden ist. Dieser war urspr\u00fcnglich in Familienbesitz der Familie Vorwerk, wurde aber 2003 der \u00d6ffentlichkeit zug\u00e4nglich gemacht.<\/p>\n<p style=\"text-align: center;\"><a href=\"http:\/\/www.sabine-seyffert.de\/blog\/wp-content\/uploads\/2014\/09\/Unbenannt-11.jpg\"><img loading=\"lazy\" decoding=\"async\" class=\"alignnone size-full wp-image-4614\" src=\"http:\/\/www.sabine-seyffert.de\/blog\/wp-content\/uploads\/2014\/09\/Unbenannt-11.jpg\" alt=\"Unbenannt - 11\" width=\"600\" height=\"800\" srcset=\"https:\/\/www.sabine-seyffert.de\/blog\/wp-content\/uploads\/2014\/09\/Unbenannt-11.jpg 600w, https:\/\/www.sabine-seyffert.de\/blog\/wp-content\/uploads\/2014\/09\/Unbenannt-11-225x300.jpg 225w\" sizes=\"auto, (max-width: 600px) 100vw, 600px\" \/><\/a><\/p>\n<p style=\"text-align: justify;\">Wer in aller Ruhe etwas Ausspannen und die Seele baumeln lassen m\u00f6chte, der ist hier genau richtig. Die Parkanlage kann man von H\u00f6he des Toelleturms aufsuchen. Dabei geht man den Waldweg ein St\u00fcck geradeaus und biegt dann rechte Hand in den Dohnenstieg ein.<\/p>\n<p style=\"text-align: center;\"><a href=\"http:\/\/www.sabine-seyffert.de\/blog\/wp-content\/uploads\/2014\/09\/Unbenannt-2.jpg\"><img loading=\"lazy\" decoding=\"async\" class=\"alignnone size-full wp-image-4616\" src=\"http:\/\/www.sabine-seyffert.de\/blog\/wp-content\/uploads\/2014\/09\/Unbenannt-2.jpg\" alt=\"Unbenannt - 2\" width=\"600\" height=\"800\" srcset=\"https:\/\/www.sabine-seyffert.de\/blog\/wp-content\/uploads\/2014\/09\/Unbenannt-2.jpg 600w, https:\/\/www.sabine-seyffert.de\/blog\/wp-content\/uploads\/2014\/09\/Unbenannt-2-225x300.jpg 225w\" sizes=\"auto, (max-width: 600px) 100vw, 600px\" \/><\/a><\/p>\n<p style=\"text-align: justify;\">Schon vor einiger Zeit wurden wir bei dem Ausflug zu <a href=\"http:\/\/www.sabine-seyffert.de\/blog\/?p=3957\" target=\"_blank\" rel=\"noopener\">den Alltagsmenschen<\/a> auf den Park aufmerksam, da wir einen etwas verwilderten Aufgang im Wald entdeckten, der irgendwie etwas geheimnisvolles ausstrahlte, wie ein Weg, der zu einem Zauberschloss f\u00fchrt!<\/p>\n<p style=\"text-align: center;\"><a href=\"http:\/\/www.sabine-seyffert.de\/blog\/wp-content\/uploads\/2014\/09\/Unbenannt-1.jpg\"><img loading=\"lazy\" decoding=\"async\" class=\"alignnone size-full wp-image-4617\" src=\"http:\/\/www.sabine-seyffert.de\/blog\/wp-content\/uploads\/2014\/09\/Unbenannt-1.jpg\" alt=\"Unbenannt - 1\" width=\"800\" height=\"600\" srcset=\"https:\/\/www.sabine-seyffert.de\/blog\/wp-content\/uploads\/2014\/09\/Unbenannt-1.jpg 800w, https:\/\/www.sabine-seyffert.de\/blog\/wp-content\/uploads\/2014\/09\/Unbenannt-1-300x225.jpg 300w\" sizes=\"auto, (max-width: 800px) 100vw, 800px\" \/><\/a><\/p>\n<p style=\"text-align: justify;\">Es gibt au\u00dfer der Treppe aber auch einen breiteren Zugang zum Vorwerk-Park, der die Besucher mitten durch den langen so genannten Laubengang (Pergola, errichtet 1895) in die Anlage hinein f\u00fchrt.<\/p>\n<p style=\"text-align: center;\"><a href=\"http:\/\/www.sabine-seyffert.de\/blog\/wp-content\/uploads\/2014\/09\/Unbenannt-3.jpg\"><img loading=\"lazy\" decoding=\"async\" class=\"alignnone size-full wp-image-4618\" src=\"http:\/\/www.sabine-seyffert.de\/blog\/wp-content\/uploads\/2014\/09\/Unbenannt-3.jpg\" alt=\"Unbenannt - 3\" width=\"600\" height=\"800\" srcset=\"https:\/\/www.sabine-seyffert.de\/blog\/wp-content\/uploads\/2014\/09\/Unbenannt-3.jpg 600w, https:\/\/www.sabine-seyffert.de\/blog\/wp-content\/uploads\/2014\/09\/Unbenannt-3-225x300.jpg 225w\" sizes=\"auto, (max-width: 600px) 100vw, 600px\" \/><\/a><\/p>\n<p style=\"text-align: justify;\">Zahlreiche Wege und Pfade mit tollem Baumbestand, Wiesen, Obstb\u00e4ume, Bach, einem kleinen Wasserfall und einem neu angelegten Teich hat der Park zu bieten. Der Steinbruch, der auf diesem Gel\u00e4nde zu finden war, wurde Anfang des 19. Jahrhunderts zu einem Rhododendronpark umgestaltet.<\/p>\n<p style=\"text-align: center;\"><a href=\"http:\/\/www.sabine-seyffert.de\/blog\/wp-content\/uploads\/2014\/09\/Unbenannt-4.jpg\"><img loading=\"lazy\" decoding=\"async\" class=\"alignnone size-full wp-image-4619\" src=\"http:\/\/www.sabine-seyffert.de\/blog\/wp-content\/uploads\/2014\/09\/Unbenannt-4.jpg\" alt=\"Unbenannt - 4\" width=\"800\" height=\"600\" srcset=\"https:\/\/www.sabine-seyffert.de\/blog\/wp-content\/uploads\/2014\/09\/Unbenannt-4.jpg 800w, https:\/\/www.sabine-seyffert.de\/blog\/wp-content\/uploads\/2014\/09\/Unbenannt-4-300x225.jpg 300w\" sizes=\"auto, (max-width: 800px) 100vw, 800px\" \/><\/a><\/p>\n<p style=\"text-align: justify;\">Die Wiesen sehen so einladend aus und man entdeckt hier allerhand B\u00e4nke, auf denen man den Park mit seinem vielen Gr\u00fcn in allen Z\u00fcgen genie\u00dfen und pausieren kann. Selbst frei lebende Kaninchen scheinen sich hier wohlzuf\u00fchlen. Allerdings hoppelten diese leider von dannen, als ich beim Fotografieren langsam n\u00e4her kam.<\/p>\n<p style=\"text-align: center;\"><a href=\"http:\/\/www.sabine-seyffert.de\/blog\/wp-content\/uploads\/2014\/09\/Unbenannt-9.jpg\"><img loading=\"lazy\" decoding=\"async\" class=\"alignnone size-full wp-image-4620\" src=\"http:\/\/www.sabine-seyffert.de\/blog\/wp-content\/uploads\/2014\/09\/Unbenannt-9.jpg\" alt=\"Unbenannt - 9\" width=\"600\" height=\"806\" srcset=\"https:\/\/www.sabine-seyffert.de\/blog\/wp-content\/uploads\/2014\/09\/Unbenannt-9.jpg 600w, https:\/\/www.sabine-seyffert.de\/blog\/wp-content\/uploads\/2014\/09\/Unbenannt-9-223x300.jpg 223w\" sizes=\"auto, (max-width: 600px) 100vw, 600px\" \/><\/a><\/p>\n<p style=\"text-align: justify;\">Hier und dort findet man etwas versteckt auch B\u00e4nke samt Ausguck von denen man einen herrlichen Blick aufs Tal und den Park hat. Man hat hier wirklich das Gef\u00fchl ganz alleine zu sein und im eigenen Garten zu sitzen.<\/p>\n<p style=\"text-align: center;\"><a href=\"http:\/\/www.sabine-seyffert.de\/blog\/wp-content\/uploads\/2014\/09\/Unbenannt-6.jpg\"><img loading=\"lazy\" decoding=\"async\" class=\"alignnone size-full wp-image-4621\" src=\"http:\/\/www.sabine-seyffert.de\/blog\/wp-content\/uploads\/2014\/09\/Unbenannt-6.jpg\" alt=\"Unbenannt - 6\" width=\"800\" height=\"600\" srcset=\"https:\/\/www.sabine-seyffert.de\/blog\/wp-content\/uploads\/2014\/09\/Unbenannt-6.jpg 800w, https:\/\/www.sabine-seyffert.de\/blog\/wp-content\/uploads\/2014\/09\/Unbenannt-6-300x225.jpg 300w\" sizes=\"auto, (max-width: 800px) 100vw, 800px\" \/><\/a><\/p>\n<p style=\"text-align: justify;\">Auf dem R\u00fcckweg hat uns dann leider ein gewaltiger Regenschauer erwischt. Somit konnten wir nur einen ganz kurzen Blick auf den tollen Spielplatz erhaschen, der zwischen Vorwerk-Park und Toelleturm gerade neu errichtet wurde.<\/p>\n<p style=\"text-align: center;\"><a href=\"http:\/\/www.sabine-seyffert.de\/blog\/wp-content\/uploads\/2014\/09\/Unbenannt-5.jpg\"><img loading=\"lazy\" decoding=\"async\" class=\"alignnone size-full wp-image-4622\" src=\"http:\/\/www.sabine-seyffert.de\/blog\/wp-content\/uploads\/2014\/09\/Unbenannt-5.jpg\" alt=\"Unbenannt - 5\" width=\"600\" height=\"800\" srcset=\"https:\/\/www.sabine-seyffert.de\/blog\/wp-content\/uploads\/2014\/09\/Unbenannt-5.jpg 600w, https:\/\/www.sabine-seyffert.de\/blog\/wp-content\/uploads\/2014\/09\/Unbenannt-5-225x300.jpg 225w\" sizes=\"auto, (max-width: 600px) 100vw, 600px\" \/><\/a><\/p>\n<p style=\"text-align: justify;\">Damit hat man auch eine passende Station f\u00fcr die Kinder auf dem Weg, wo sie spielen, klettern und ein wenig herumtoben k\u00f6nnen.<\/p>\n<p style=\"text-align: center;\"><a href=\"http:\/\/www.sabine-seyffert.de\/blog\/wp-content\/uploads\/2014\/09\/Unbenannt-7.jpg\"><img loading=\"lazy\" decoding=\"async\" class=\"alignnone size-full wp-image-4623\" src=\"http:\/\/www.sabine-seyffert.de\/blog\/wp-content\/uploads\/2014\/09\/Unbenannt-7.jpg\" alt=\"Unbenannt - 7\" width=\"600\" height=\"800\" srcset=\"https:\/\/www.sabine-seyffert.de\/blog\/wp-content\/uploads\/2014\/09\/Unbenannt-7.jpg 600w, https:\/\/www.sabine-seyffert.de\/blog\/wp-content\/uploads\/2014\/09\/Unbenannt-7-225x300.jpg 225w\" sizes=\"auto, (max-width: 600px) 100vw, 600px\" \/><\/a><\/p>\n<p style=\"text-align: justify;\">In jedem Fall ein Wohlf\u00fchlort f\u00fcr spontane <a href=\"http:\/\/www.sabine-seyffert.de\/blog\/?cat=39\" target=\"_blank\" rel=\"noopener\">Ausfl\u00fcge<\/a> in <a href=\"https:\/\/www.wuppertal.de\/tourismus-freizeit\/gruenes_wuppertal\/index.php\" target=\"_blank\" rel=\"noopener\">der n\u00e4heren Umgebung<\/a> und f\u00fcr sonnige Nachmittage.<\/p>\n<p style=\"text-align: center;\"><a href=\"http:\/\/www.sabine-seyffert.de\/blog\/wp-content\/uploads\/2014\/09\/Unbenannt-8.jpg\"><img loading=\"lazy\" decoding=\"async\" class=\"alignnone size-full wp-image-4624\" src=\"http:\/\/www.sabine-seyffert.de\/blog\/wp-content\/uploads\/2014\/09\/Unbenannt-8.jpg\" alt=\"Unbenannt - 8\" width=\"800\" height=\"600\" srcset=\"https:\/\/www.sabine-seyffert.de\/blog\/wp-content\/uploads\/2014\/09\/Unbenannt-8.jpg 800w, https:\/\/www.sabine-seyffert.de\/blog\/wp-content\/uploads\/2014\/09\/Unbenannt-8-300x225.jpg 300w\" sizes=\"auto, (max-width: 800px) 100vw, 800px\" \/><\/a><\/p>\n<p style=\"text-align: justify;\"><a href=\"http:\/\/www.sabine-seyffert.de\/blog\/?page_id=32#urheberrecht\">urheberrechtlich gesch\u00fctzt<\/a>, \u00a9 Sabine Seyffert<\/p>\n","protected":false},"excerpt":{"rendered":"<p>Eine kleine, gr\u00fcne Oase ist der Vorwerk-Park, der im Wuppertaler Stadtteil Barmen zu finden ist. Dieser war urspr\u00fcnglich in Familienbesitz der Familie Vorwerk, wurde aber 2003 der \u00d6ffentlichkeit zug\u00e4nglich gemacht. Wer in aller Ruhe etwas Ausspannen und die Seele baumeln lassen m\u00f6chte, der ist hier genau richtig. Die Parkanlage kann man von H\u00f6he des Toelleturms&#8230; <a href=\"https:\/\/www.sabine-seyffert.de\/blog\/eine-gruene-oase-mitten-in-der-stadt\/\" class=\"more-link\">Read more: Eine gr\u00fcne Oase mitten in der Stadt<\/a><\/p>\n","protected":false},"author":2,"featured_media":0,"comment_status":"open","ping_status":"open","sticky":false,"template":"","format":"standard","meta":{"_metis_text_type":"","_metis_text_length":2241,"_post_count":0,"footnotes":""},"categories":[39,38],"tags":[],"class_list":["post-4613","post","type-post","status-publish","format-standard","hentry","category-ausfluge-co","category-ferien"],"_links":{"self":[{"href":"https:\/\/www.sabine-seyffert.de\/blog\/wp-json\/wp\/v2\/posts\/4613","targetHints":{"allow":["GET"]}}],"collection":[{"href":"https:\/\/www.sabine-seyffert.de\/blog\/wp-json\/wp\/v2\/posts"}],"about":[{"href":"https:\/\/www.sabine-seyffert.de\/blog\/wp-json\/wp\/v2\/types\/post"}],"author":[{"embeddable":true,"href":"https:\/\/www.sabine-seyffert.de\/blog\/wp-json\/wp\/v2\/users\/2"}],"replies":[{"embeddable":true,"href":"https:\/\/www.sabine-seyffert.de\/blog\/wp-json\/wp\/v2\/comments?post=4613"}],"version-history":[{"count":8,"href":"https:\/\/www.sabine-seyffert.de\/blog\/wp-json\/wp\/v2\/posts\/4613\/revisions"}],"predecessor-version":[{"id":12824,"href":"https:\/\/www.sabine-seyffert.de\/blog\/wp-json\/wp\/v2\/posts\/4613\/revisions\/12824"}],"wp:attachment":[{"href":"https:\/\/www.sabine-seyffert.de\/blog\/wp-json\/wp\/v2\/media?parent=4613"}],"wp:term":[{"taxonomy":"category","embeddable":true,"href":"https:\/\/www.sabine-seyffert.de\/blog\/wp-json\/wp\/v2\/categories?post=4613"},{"taxonomy":"post_tag","embeddable":true,"href":"https:\/\/www.sabine-seyffert.de\/blog\/wp-json\/wp\/v2\/tags?post=4613"}],"curies":[{"name":"wp","href":"https:\/\/api.w.org\/{rel}","templated":true}]}}