{"id":4597,"date":"2014-09-16T05:57:30","date_gmt":"2014-09-16T03:57:30","guid":{"rendered":"http:\/\/www.sabine-seyffert.de\/blog\/?p=4597"},"modified":"2017-03-02T16:42:46","modified_gmt":"2017-03-02T14:42:46","slug":"ein-leckeres-mitbringsel-nett-verpackt-diy","status":"publish","type":"post","link":"https:\/\/www.sabine-seyffert.de\/blog\/ein-leckeres-mitbringsel-nett-verpackt-diy\/","title":{"rendered":"Ein leckeres Mitbringsel nett verpackt \/ DIY"},"content":{"rendered":"<p style=\"text-align: justify;\"><img loading=\"lazy\" decoding=\"async\" src=\"https:\/\/ssl-vg03.met.vgwort.de\/na\/880e50a9fe664a8d95611694876fc5c1\" alt=\"\" width=\"1\" height=\"1\" \/>Wenn wir eingeladen werden, bringe ich immer gerne ein kleines \u201eDankesch\u00f6n\u201c mit. Wenn m\u00f6glich, dann auch passend zum entsprechenden Anlass. So landete vor einiger Zeit eine ganz zauberhafte Einladung zu einem gem\u00fctlichen Grillabend in unseren Briefkasten. Genau nach meinem Geschmack mit viel Liebe gebastelt. Da verstand es sich von selbst, dass unser Mitbringsel ebenfalls nett gestaltet werden sollte.<\/p>\n<p style=\"text-align: justify;\"><a href=\"http:\/\/www.sabine-seyffert.de\/blog\/wp-content\/uploads\/2014\/09\/Unbenannt-32.jpg\"><img loading=\"lazy\" decoding=\"async\" class=\"alignnone size-full wp-image-4598\" src=\"http:\/\/www.sabine-seyffert.de\/blog\/wp-content\/uploads\/2014\/09\/Unbenannt-32.jpg\" alt=\"Unbenannt - 32\" width=\"800\" height=\"600\" srcset=\"https:\/\/www.sabine-seyffert.de\/blog\/wp-content\/uploads\/2014\/09\/Unbenannt-32.jpg 800w, https:\/\/www.sabine-seyffert.de\/blog\/wp-content\/uploads\/2014\/09\/Unbenannt-32-300x225.jpg 300w\" sizes=\"auto, (max-width: 800px) 100vw, 800px\" \/><\/a><\/p>\n<p style=\"text-align: justify;\">Am besagten Tag stand ich in der K\u00fcche und gab mein Bestes. Heraus kamen, passend zum Anlass, zwei selbstgebackene Brote sowie ein w\u00fcrziger, selbstger\u00fchrter Brotaufstrich (den ich besser auch fotografiert h\u00e4tte, dann k\u00f6nnte ich dazu nun auch das Rezept verraten, um das ich vom Gastgeber bereits gebeten wurde. Doch leider wei\u00df ich \u00fcberhaupt nicht mehr, welcher Aufstrich da meinem kreativen Tun entsprungen ist, sorry\u2026!).<\/p>\n<p style=\"text-align: center;\"><a href=\"http:\/\/www.sabine-seyffert.de\/blog\/wp-content\/uploads\/2014\/09\/Unbenannt-33.jpg\"><img loading=\"lazy\" decoding=\"async\" class=\"alignnone size-full wp-image-4599\" src=\"http:\/\/www.sabine-seyffert.de\/blog\/wp-content\/uploads\/2014\/09\/Unbenannt-33.jpg\" alt=\"Unbenannt - 33\" width=\"800\" height=\"600\" srcset=\"https:\/\/www.sabine-seyffert.de\/blog\/wp-content\/uploads\/2014\/09\/Unbenannt-33.jpg 800w, https:\/\/www.sabine-seyffert.de\/blog\/wp-content\/uploads\/2014\/09\/Unbenannt-33-300x225.jpg 300w\" sizes=\"auto, (max-width: 800px) 100vw, 800px\" \/><\/a><\/p>\n<p style=\"text-align: justify;\"><strong>Das wird gebraucht:<\/strong><br \/>\nEtwas Packpapier, einen Klebestift, eine Schere, ein Stempelkissen, Buchstabenstempel sowie ein selbst gebackenes Brot<\/p>\n<p style=\"text-align: justify;\"><strong>So wird\u2019s gemacht: <\/strong>Da die selbstgebackenen Brote durch eingebackene Zutaten aufgepeppt wurden, habe ich diese praktischerweise auf das Packpapier gestempelt, so dass man schon vor dem Aufschneiden wei\u00df, was Gutes im Brot drin steckt! Von dem Packpapier rollt man ein St\u00fcck ab und schneidet sich, in der gew\u00fcnschten Breite, einen l\u00e4ngeren Streifen ab. Dann das Papier mit Hilfe der Stempel mit dem entsprechenden Schriftzug versehen.<\/p>\n<p style=\"text-align: center;\"><a href=\"http:\/\/www.sabine-seyffert.de\/blog\/wp-content\/uploads\/2014\/09\/A-21.jpg\"><img loading=\"lazy\" decoding=\"async\" class=\"alignnone size-full wp-image-4600\" src=\"http:\/\/www.sabine-seyffert.de\/blog\/wp-content\/uploads\/2014\/09\/A-21.jpg\" alt=\"A 2\" width=\"800\" height=\"600\" srcset=\"https:\/\/www.sabine-seyffert.de\/blog\/wp-content\/uploads\/2014\/09\/A-21.jpg 800w, https:\/\/www.sabine-seyffert.de\/blog\/wp-content\/uploads\/2014\/09\/A-21-300x225.jpg 300w\" sizes=\"auto, (max-width: 800px) 100vw, 800px\" \/><\/a><\/p>\n<p style=\"text-align: justify;\">Diese bestempelte Papierbanderole wickelt man nun so um das Brot, das der Text gut lesbar nach oben schaut. Auf der R\u00fcckseite legt man die Papierenden aufeinander und streicht <span style=\"text-decoration: underline;\">vorsichtig<\/span> (!) etwas Klebstift dazwischen. Wenn der Packpapierstreifen zu lang ist, kann man die Enden einfach mit der Schere k\u00fcrzen. In jedem Fall sollte das Papier so lang sein, dass der Klebstift nicht an den Teig \/ das Brot gelangt.<\/p>\n<p style=\"text-align: center;\"><a href=\"http:\/\/www.sabine-seyffert.de\/blog\/wp-content\/uploads\/2014\/09\/A-11.jpg\"><img loading=\"lazy\" decoding=\"async\" class=\"alignnone size-full wp-image-4601\" src=\"http:\/\/www.sabine-seyffert.de\/blog\/wp-content\/uploads\/2014\/09\/A-11.jpg\" alt=\"A 1\" width=\"800\" height=\"600\" srcset=\"https:\/\/www.sabine-seyffert.de\/blog\/wp-content\/uploads\/2014\/09\/A-11.jpg 800w, https:\/\/www.sabine-seyffert.de\/blog\/wp-content\/uploads\/2014\/09\/A-11-300x225.jpg 300w\" sizes=\"auto, (max-width: 800px) 100vw, 800px\" \/><\/a><\/p>\n<p style=\"text-align: justify;\">Mir gefiel diese \u201eVerpackungsidee\u201c ganz gut, da ich die Brote nicht ganz verstecken wollte und man so auch nicht ganz soviel an Papier verschwendet. Zudem ist dies ganz schnell gemacht und die entsprechenden Materialien hat man immer im Haus \ud83d\ude42<\/p>\n<p style=\"text-align: justify;\">Weitere Geschenkideen gibt es <a href=\"http:\/\/www.sabine-seyffert.de\/blog\/?cat=36\" target=\"_blank\">hier<\/a> und andere kreative Ideen tummeln sich beim <a href=\"http:\/\/www.creadienstag.de\/2014\/09\/141.html\" target=\"_blank\">Creadienstag<\/a>!<\/p>\n<p style=\"text-align: justify;\"><a href=\"http:\/\/www.sabine-seyffert.de\/blog\/?page_id=32#urheberrecht\">urheberrechtlich gesch\u00fctzt<\/a>, \u00a9 Sabine Seyffert<\/p>\n","protected":false},"excerpt":{"rendered":"<p>Wenn wir eingeladen werden, bringe ich immer gerne ein kleines \u201eDankesch\u00f6n\u201c mit. Wenn m\u00f6glich, dann auch passend zum entsprechenden Anlass. So landete vor einiger Zeit eine ganz zauberhafte Einladung zu einem gem\u00fctlichen Grillabend in unseren Briefkasten. Genau nach meinem Geschmack mit viel Liebe gebastelt. Da verstand es sich von selbst, dass unser Mitbringsel ebenfalls nett&#8230; <a href=\"https:\/\/www.sabine-seyffert.de\/blog\/ein-leckeres-mitbringsel-nett-verpackt-diy\/\" class=\"more-link\">Read more: Ein leckeres Mitbringsel nett verpackt \/ DIY<\/a><\/p>\n","protected":false},"author":2,"featured_media":0,"comment_status":"open","ping_status":"open","sticky":false,"template":"","format":"standard","meta":{"_metis_text_type":"","_metis_text_length":2195,"_post_count":0,"footnotes":""},"categories":[36,49,24],"tags":[],"class_list":["post-4597","post","type-post","status-publish","format-standard","hentry","category-klitzekleine-geschenkideen","category-verpackungsideen","category-sommer"],"_links":{"self":[{"href":"https:\/\/www.sabine-seyffert.de\/blog\/wp-json\/wp\/v2\/posts\/4597","targetHints":{"allow":["GET"]}}],"collection":[{"href":"https:\/\/www.sabine-seyffert.de\/blog\/wp-json\/wp\/v2\/posts"}],"about":[{"href":"https:\/\/www.sabine-seyffert.de\/blog\/wp-json\/wp\/v2\/types\/post"}],"author":[{"embeddable":true,"href":"https:\/\/www.sabine-seyffert.de\/blog\/wp-json\/wp\/v2\/users\/2"}],"replies":[{"embeddable":true,"href":"https:\/\/www.sabine-seyffert.de\/blog\/wp-json\/wp\/v2\/comments?post=4597"}],"version-history":[{"count":12,"href":"https:\/\/www.sabine-seyffert.de\/blog\/wp-json\/wp\/v2\/posts\/4597\/revisions"}],"predecessor-version":[{"id":9712,"href":"https:\/\/www.sabine-seyffert.de\/blog\/wp-json\/wp\/v2\/posts\/4597\/revisions\/9712"}],"wp:attachment":[{"href":"https:\/\/www.sabine-seyffert.de\/blog\/wp-json\/wp\/v2\/media?parent=4597"}],"wp:term":[{"taxonomy":"category","embeddable":true,"href":"https:\/\/www.sabine-seyffert.de\/blog\/wp-json\/wp\/v2\/categories?post=4597"},{"taxonomy":"post_tag","embeddable":true,"href":"https:\/\/www.sabine-seyffert.de\/blog\/wp-json\/wp\/v2\/tags?post=4597"}],"curies":[{"name":"wp","href":"https:\/\/api.w.org\/{rel}","templated":true}]}}