{"id":4568,"date":"2014-09-09T06:01:05","date_gmt":"2014-09-09T04:01:05","guid":{"rendered":"http:\/\/www.sabine-seyffert.de\/blog\/?p=4568"},"modified":"2017-03-02T16:44:52","modified_gmt":"2017-03-02T14:44:52","slug":"ein-ratzfatz-schluesselband-diy","status":"publish","type":"post","link":"https:\/\/www.sabine-seyffert.de\/blog\/ein-ratzfatz-schluesselband-diy\/","title":{"rendered":"Ein ratzfatz Schl\u00fcsselband \/ DIY"},"content":{"rendered":"<p style=\"text-align: justify;\"><img loading=\"lazy\" decoding=\"async\" src=\"https:\/\/ssl-vg03.met.vgwort.de\/na\/6d54eb4f803c4b0999834745cf775fac\" alt=\"\" width=\"1\" height=\"1\" \/>Obwohl ich Ordnung sch\u00e4tze, gebe ich ohne Umschweife zu, dass mein Autoschl\u00fcssel des \u00d6fteren spurlos verschwindet. Das ist nat\u00fcrlich \u00e4rgerlich, gerade wenn man es eilig hat oder man das Auto dringend braucht.<\/p>\n<p style=\"text-align: center;\"><a href=\"http:\/\/www.sabine-seyffert.de\/blog\/wp-content\/uploads\/2014\/09\/A-1.jpg\"><img loading=\"lazy\" decoding=\"async\" class=\"alignnone size-full wp-image-4569\" src=\"http:\/\/www.sabine-seyffert.de\/blog\/wp-content\/uploads\/2014\/09\/A-1.jpg\" alt=\"A 1\" width=\"800\" height=\"600\" srcset=\"https:\/\/www.sabine-seyffert.de\/blog\/wp-content\/uploads\/2014\/09\/A-1.jpg 800w, https:\/\/www.sabine-seyffert.de\/blog\/wp-content\/uploads\/2014\/09\/A-1-300x225.jpg 300w\" sizes=\"auto, (max-width: 800px) 100vw, 800px\" \/><\/a><\/p>\n<p style=\"text-align: justify;\">Die Zeit und vor allem Lust mich zu \u00e4rgern habe ich \u00fcberhaupt nicht, also muss etwas ge\u00e4ndert werden. Wie w\u00e4re es mit einem Schl\u00fcsselband, damit der Schl\u00fcssel nicht so schnell verschwindet? Man kann ihn daran aufh\u00e4ngen und in den unendlichen Tiefen einer Tasche oder Rucksacks kann dieser dann auch nicht mehr so schnell verschwinden. Also ran an die N\u00e4hmaschine und los geht\u2019s!<\/p>\n<p style=\"text-align: center;\"><a href=\"http:\/\/www.sabine-seyffert.de\/blog\/wp-content\/uploads\/2014\/09\/A-2.jpg\"><img loading=\"lazy\" decoding=\"async\" class=\"alignnone size-full wp-image-4570\" src=\"http:\/\/www.sabine-seyffert.de\/blog\/wp-content\/uploads\/2014\/09\/A-2.jpg\" alt=\"A 2\" width=\"800\" height=\"600\" srcset=\"https:\/\/www.sabine-seyffert.de\/blog\/wp-content\/uploads\/2014\/09\/A-2.jpg 800w, https:\/\/www.sabine-seyffert.de\/blog\/wp-content\/uploads\/2014\/09\/A-2-300x225.jpg 300w\" sizes=\"auto, (max-width: 800px) 100vw, 800px\" \/><\/a><\/p>\n<p style=\"text-align: justify;\"><strong>Das wird gebraucht:<\/strong><br \/>\n25 cm Gurtband in 30 mm Breite, einen Schl\u00fcsselband Rohling, einen Schl\u00fcsselring, 25 cm Webband, N\u00e4hgarn, ein Hammer, eine N\u00e4hmaschine, Stecknadeln, Schere, ggf. ein Geschirrtuch<\/p>\n<p style=\"text-align: center;\"><a href=\"http:\/\/www.sabine-seyffert.de\/blog\/wp-content\/uploads\/2014\/09\/A-3.jpg\"><img loading=\"lazy\" decoding=\"async\" class=\"alignnone size-full wp-image-4571\" src=\"http:\/\/www.sabine-seyffert.de\/blog\/wp-content\/uploads\/2014\/09\/A-3.jpg\" alt=\"A 3\" width=\"800\" height=\"600\" srcset=\"https:\/\/www.sabine-seyffert.de\/blog\/wp-content\/uploads\/2014\/09\/A-3.jpg 800w, https:\/\/www.sabine-seyffert.de\/blog\/wp-content\/uploads\/2014\/09\/A-3-300x225.jpg 300w\" sizes=\"auto, (max-width: 800px) 100vw, 800px\" \/><\/a><\/p>\n<p style=\"text-align: justify;\"><strong>So wird\u2019s gemacht:<\/strong><br \/>\nDas Gurt- und Webband aufeinander legen und mit Hilfe von Stecknadeln aneinander befestigen damit beim Zusammenn\u00e4hen nichts verrutscht.<\/p>\n<p style=\"text-align: center;\"><a href=\"http:\/\/www.sabine-seyffert.de\/blog\/wp-content\/uploads\/2014\/09\/A-4.jpg\"><img loading=\"lazy\" decoding=\"async\" class=\"alignnone size-full wp-image-4572\" src=\"http:\/\/www.sabine-seyffert.de\/blog\/wp-content\/uploads\/2014\/09\/A-4.jpg\" alt=\"A 4\" width=\"800\" height=\"600\" srcset=\"https:\/\/www.sabine-seyffert.de\/blog\/wp-content\/uploads\/2014\/09\/A-4.jpg 800w, https:\/\/www.sabine-seyffert.de\/blog\/wp-content\/uploads\/2014\/09\/A-4-300x225.jpg 300w\" sizes=\"auto, (max-width: 800px) 100vw, 800px\" \/><\/a><\/p>\n<p style=\"text-align: justify;\">Dann unter die N\u00e4hmaschine legen und mit einer gerade Naht das Webband erst auf der einen Seite, dann auf der anderen, am Rand auf das Gurtband n\u00e4hen.<\/p>\n<p style=\"text-align: center;\"><a href=\"http:\/\/www.sabine-seyffert.de\/blog\/wp-content\/uploads\/2014\/09\/A-5.jpg\"><img loading=\"lazy\" decoding=\"async\" class=\"alignnone size-full wp-image-4573\" src=\"http:\/\/www.sabine-seyffert.de\/blog\/wp-content\/uploads\/2014\/09\/A-5.jpg\" alt=\"A 5\" width=\"800\" height=\"600\" srcset=\"https:\/\/www.sabine-seyffert.de\/blog\/wp-content\/uploads\/2014\/09\/A-5.jpg 800w, https:\/\/www.sabine-seyffert.de\/blog\/wp-content\/uploads\/2014\/09\/A-5-300x225.jpg 300w\" sizes=\"auto, (max-width: 800px) 100vw, 800px\" \/><\/a><\/p>\n<p style=\"text-align: justify;\">Nun klappt man das Gurtband an den Enden zusammen und vers\u00e4ubert dieses. Auf das zusammengen\u00e4hte Ende setzt man mittig den Schl\u00fcsselband Rohling. Wenn dieser wirklich richtig sitzt und das Gurtband oben wirklich gut fasst, kommt der Hammer zum Einsatz.<\/p>\n<p style=\"text-align: center;\"><a href=\"http:\/\/www.sabine-seyffert.de\/blog\/wp-content\/uploads\/2014\/09\/A-6.jpg\"><img loading=\"lazy\" decoding=\"async\" class=\"alignnone size-full wp-image-4574\" src=\"http:\/\/www.sabine-seyffert.de\/blog\/wp-content\/uploads\/2014\/09\/A-6.jpg\" alt=\"A 6\" width=\"800\" height=\"600\" srcset=\"https:\/\/www.sabine-seyffert.de\/blog\/wp-content\/uploads\/2014\/09\/A-6.jpg 800w, https:\/\/www.sabine-seyffert.de\/blog\/wp-content\/uploads\/2014\/09\/A-6-300x225.jpg 300w\" sizes=\"auto, (max-width: 800px) 100vw, 800px\" \/><\/a><\/p>\n<p style=\"text-align: justify;\">Damit ich die Schnalle bzw. den Schl\u00fcsselband Rohling nicht zerkratze oder besch\u00e4dige, habe ich ein sauberes Geschirrhandtuch dazwischen gelegt und dann mit dem Hammer (ggf. mehrfach) fest darauf geschlagen, damit sich das Rohling sicher um das Gurtband schlie\u00dft und dort festsitzt ohne wieder abzufallen. Anschlie\u00dfend den Schl\u00fcsselring durch die \u00d6se ziehen und zum Schluss den Autoschl\u00fcssel befestigen.<\/p>\n<p style=\"text-align: center;\"><a href=\"http:\/\/www.sabine-seyffert.de\/blog\/wp-content\/uploads\/2014\/09\/A-7.jpg\"><img loading=\"lazy\" decoding=\"async\" class=\"alignnone size-full wp-image-4575\" src=\"http:\/\/www.sabine-seyffert.de\/blog\/wp-content\/uploads\/2014\/09\/A-7.jpg\" alt=\"A 7\" width=\"800\" height=\"600\" srcset=\"https:\/\/www.sabine-seyffert.de\/blog\/wp-content\/uploads\/2014\/09\/A-7.jpg 800w, https:\/\/www.sabine-seyffert.de\/blog\/wp-content\/uploads\/2014\/09\/A-7-300x225.jpg 300w\" sizes=\"auto, (max-width: 800px) 100vw, 800px\" \/><\/a><\/p>\n<p style=\"text-align: justify;\">Seitdem ich das Schl\u00fcsselband habe musste ich den Autoschl\u00fcssel \u00fcbrigens nicht mehr suchen \ud83d\ude42<\/p>\n<p style=\"text-align: center;\"><a href=\"http:\/\/www.sabine-seyffert.de\/blog\/wp-content\/uploads\/2014\/09\/A-8.jpg\"><img loading=\"lazy\" decoding=\"async\" class=\"alignnone size-full wp-image-4576\" src=\"http:\/\/www.sabine-seyffert.de\/blog\/wp-content\/uploads\/2014\/09\/A-8.jpg\" alt=\"A 8\" width=\"800\" height=\"600\" srcset=\"https:\/\/www.sabine-seyffert.de\/blog\/wp-content\/uploads\/2014\/09\/A-8.jpg 800w, https:\/\/www.sabine-seyffert.de\/blog\/wp-content\/uploads\/2014\/09\/A-8-300x225.jpg 300w\" sizes=\"auto, (max-width: 800px) 100vw, 800px\" \/><\/a><\/p>\n<p style=\"text-align: justify;\">Weitere Ideen rund ums N\u00e4hen findet Ihr in dieser <a href=\"http:\/\/www.sabine-seyffert.de\/blog\/?cat=33\" target=\"_blank\">Rubrik<\/a> und andere kreative Dinge <a href=\"http:\/\/www.creadienstag.de\/2014\/09\/140.html\" target=\"_blank\">dort<\/a>!<\/p>\n<p style=\"text-align: justify;\"><a href=\"http:\/\/www.sabine-seyffert.de\/blog\/?page_id=32#urheberrecht\">urheberrechtlich gesch\u00fctzt<\/a>, \u00a9 Sabine Seyffert<\/p>\n","protected":false},"excerpt":{"rendered":"<p>Obwohl ich Ordnung sch\u00e4tze, gebe ich ohne Umschweife zu, dass mein Autoschl\u00fcssel des \u00d6fteren spurlos verschwindet. Das ist nat\u00fcrlich \u00e4rgerlich, gerade wenn man es eilig hat oder man das Auto dringend braucht. Die Zeit und vor allem Lust mich zu \u00e4rgern habe ich \u00fcberhaupt nicht, also muss etwas ge\u00e4ndert werden. Wie w\u00e4re es mit einem&#8230; <a href=\"https:\/\/www.sabine-seyffert.de\/blog\/ein-ratzfatz-schluesselband-diy\/\" class=\"more-link\">Read more: Ein ratzfatz Schl\u00fcsselband \/ DIY<\/a><\/p>\n","protected":false},"author":2,"featured_media":0,"comment_status":"open","ping_status":"open","sticky":false,"template":"","format":"standard","meta":{"_metis_text_type":"","_metis_text_length":1977,"_post_count":0,"footnotes":""},"categories":[36,33],"tags":[],"class_list":["post-4568","post","type-post","status-publish","format-standard","hentry","category-klitzekleine-geschenkideen","category-kreative-naherein"],"_links":{"self":[{"href":"https:\/\/www.sabine-seyffert.de\/blog\/wp-json\/wp\/v2\/posts\/4568","targetHints":{"allow":["GET"]}}],"collection":[{"href":"https:\/\/www.sabine-seyffert.de\/blog\/wp-json\/wp\/v2\/posts"}],"about":[{"href":"https:\/\/www.sabine-seyffert.de\/blog\/wp-json\/wp\/v2\/types\/post"}],"author":[{"embeddable":true,"href":"https:\/\/www.sabine-seyffert.de\/blog\/wp-json\/wp\/v2\/users\/2"}],"replies":[{"embeddable":true,"href":"https:\/\/www.sabine-seyffert.de\/blog\/wp-json\/wp\/v2\/comments?post=4568"}],"version-history":[{"count":7,"href":"https:\/\/www.sabine-seyffert.de\/blog\/wp-json\/wp\/v2\/posts\/4568\/revisions"}],"predecessor-version":[{"id":9715,"href":"https:\/\/www.sabine-seyffert.de\/blog\/wp-json\/wp\/v2\/posts\/4568\/revisions\/9715"}],"wp:attachment":[{"href":"https:\/\/www.sabine-seyffert.de\/blog\/wp-json\/wp\/v2\/media?parent=4568"}],"wp:term":[{"taxonomy":"category","embeddable":true,"href":"https:\/\/www.sabine-seyffert.de\/blog\/wp-json\/wp\/v2\/categories?post=4568"},{"taxonomy":"post_tag","embeddable":true,"href":"https:\/\/www.sabine-seyffert.de\/blog\/wp-json\/wp\/v2\/tags?post=4568"}],"curies":[{"name":"wp","href":"https:\/\/api.w.org\/{rel}","templated":true}]}}