{"id":4534,"date":"2014-09-02T06:06:25","date_gmt":"2014-09-02T04:06:25","guid":{"rendered":"http:\/\/www.sabine-seyffert.de\/blog\/?p=4534"},"modified":"2017-03-02T16:48:00","modified_gmt":"2017-03-02T14:48:00","slug":"ein-fliegender-geburtstagsgruss-diy","status":"publish","type":"post","link":"https:\/\/www.sabine-seyffert.de\/blog\/ein-fliegender-geburtstagsgruss-diy\/","title":{"rendered":"Ein \u201efliegender\u201c Geburtstagsgru\u00df \/ DIY"},"content":{"rendered":"<p style=\"text-align: justify;\"><img loading=\"lazy\" decoding=\"async\" src=\"https:\/\/ssl-vg03.met.vgwort.de\/na\/23463b31abbe4837843ab1bc2540afa8\" alt=\"\" width=\"1\" height=\"1\" \/>Es gibt Dinge, die sind einfach zum in die Luft gehen\u2026 Darunter zum Beispiel auch ein selbst gebastelter, durch die laue Sommerluft segelnder Geburtstagsgru\u00df, gewerkelt und ausgedacht von meiner Tochter. Der hat mir so gut gefallen, dass ich mich heute mal mit fremden Federn schm\u00fccke und mit der Erlaubnis meiner Tochter ihre Karte hier samt Anleitung zeige.<\/p>\n<p style=\"text-align: center;\"><a href=\"http:\/\/www.sabine-seyffert.de\/blog\/wp-content\/uploads\/2014\/08\/Kar-1.jpg\"><img loading=\"lazy\" decoding=\"async\" class=\"alignnone size-full wp-image-4535\" src=\"http:\/\/www.sabine-seyffert.de\/blog\/wp-content\/uploads\/2014\/08\/Kar-1.jpg\" alt=\"Kar 1\" width=\"800\" height=\"600\" srcset=\"https:\/\/www.sabine-seyffert.de\/blog\/wp-content\/uploads\/2014\/08\/Kar-1.jpg 800w, https:\/\/www.sabine-seyffert.de\/blog\/wp-content\/uploads\/2014\/08\/Kar-1-300x225.jpg 300w\" sizes=\"auto, (max-width: 800px) 100vw, 800px\" \/><\/a><\/p>\n<p style=\"text-align: justify;\"><strong>Das wird gebraucht:<\/strong><br \/>\nTonkarton in der Gr\u00f6\u00dfe Din A4, Klebstoff, Baumwollgarn oder eine d\u00fcnne Kordel, eine Schere, ein schwarzer Fineliner, buntes Tonzeichenpapier, Tesafilm, ggf. einen Umschlag samt Briefmarke, falls der Geburtstagsgru\u00df per Post verschickt werden soll<\/p>\n<p style=\"text-align: center;\"><a href=\"http:\/\/www.sabine-seyffert.de\/blog\/wp-content\/uploads\/2014\/08\/Kar-2.jpg\"><img loading=\"lazy\" decoding=\"async\" class=\"alignnone size-full wp-image-4536\" src=\"http:\/\/www.sabine-seyffert.de\/blog\/wp-content\/uploads\/2014\/08\/Kar-2.jpg\" alt=\"Kar 2\" width=\"800\" height=\"600\" srcset=\"https:\/\/www.sabine-seyffert.de\/blog\/wp-content\/uploads\/2014\/08\/Kar-2.jpg 800w, https:\/\/www.sabine-seyffert.de\/blog\/wp-content\/uploads\/2014\/08\/Kar-2-300x225.jpg 300w\" sizes=\"auto, (max-width: 800px) 100vw, 800px\" \/><\/a><\/p>\n<p style=\"text-align: justify;\"><strong>So wird\u2019s gemacht:<\/strong><br \/>\nAls erstes faltet man den Tonkarton in der Mitte, so dass man eine Klappkarte erh\u00e4lt. Nun schneidet man aus dem bunten Bastelpapier einen ganzen Schwung Luftballons. Pro Luftballon ben\u00f6tigt man ein St\u00fcck Kordel. Daf\u00fcr kann man der Ballonanzahl entsprechend gleichlange St\u00fccke von dem Baumwollband abschneiden. Wenn man alles fertig auf die Karte geklebt hat, kann man die jeweilige Bandl\u00e4nge mit der Schere korrigieren und alles auf die gleiche L\u00e4nge zurecht schneiden.<\/p>\n<p style=\"text-align: center;\"><a href=\"http:\/\/www.sabine-seyffert.de\/blog\/wp-content\/uploads\/2014\/08\/Kar-3.jpg\"><img loading=\"lazy\" decoding=\"async\" class=\"alignnone size-full wp-image-4537\" src=\"http:\/\/www.sabine-seyffert.de\/blog\/wp-content\/uploads\/2014\/08\/Kar-3.jpg\" alt=\"Kar 3\" width=\"600\" height=\"800\" srcset=\"https:\/\/www.sabine-seyffert.de\/blog\/wp-content\/uploads\/2014\/08\/Kar-3.jpg 600w, https:\/\/www.sabine-seyffert.de\/blog\/wp-content\/uploads\/2014\/08\/Kar-3-225x300.jpg 225w\" sizes=\"auto, (max-width: 600px) 100vw, 600px\" \/><\/a><\/p>\n<p style=\"text-align: justify;\">Mit Hilfe des Klebers bestreicht man die Ballonr\u00fcckseite mit Klebstoff, setzt das obere Kordelende darunter und befestigt dieses auf der rechten Karteninnenseite. Hat man auf diese Weise alle Ballons mit Schnur befestigt, bindet man mit einem weiteren St\u00fcck Kordel die Ballonschn\u00fcre unten zu einer Traube zusammen und kann die unteren Ende auf die gew\u00fcnschte L\u00e4nge k\u00fcrzen.<\/p>\n<p style=\"text-align: center;\"><a href=\"http:\/\/www.sabine-seyffert.de\/blog\/wp-content\/uploads\/2014\/08\/Kar-4.jpg\"><img loading=\"lazy\" decoding=\"async\" class=\"alignnone size-full wp-image-4538\" src=\"http:\/\/www.sabine-seyffert.de\/blog\/wp-content\/uploads\/2014\/08\/Kar-4.jpg\" alt=\"Kar 4\" width=\"600\" height=\"800\" srcset=\"https:\/\/www.sabine-seyffert.de\/blog\/wp-content\/uploads\/2014\/08\/Kar-4.jpg 600w, https:\/\/www.sabine-seyffert.de\/blog\/wp-content\/uploads\/2014\/08\/Kar-4-225x300.jpg 225w\" sizes=\"auto, (max-width: 600px) 100vw, 600px\" \/><\/a><\/p>\n<p style=\"text-align: justify;\">Nun schneidet man aus dem bunten Papier kleine, gleichgro\u00dfe Rauten, die man auf einer Seite mit Kleber bestreicht und als dreieckigen Wimpel an ein l\u00e4ngeres St\u00fcck Baumwollband klebt. Je nach gew\u00fcnschtem Text braucht man mehrere Bandreihen mit Wimpel. F\u00fcr \u201eHappy Birthday\u201c waren es zwei. Diese spannt man nun \u00fcber die beiden Karteninnenseite und befestigt die Enden jeweils mit einem kleinen St\u00fcck Tesaband. Vorab sollte man den gew\u00fcnschten Gl\u00fcckwunschtext mit dem Fineliner auf den Wimpeln notieren.<\/p>\n<p style=\"text-align: justify;\">\n<p style=\"text-align: center;\"><a href=\"http:\/\/www.sabine-seyffert.de\/blog\/wp-content\/uploads\/2014\/08\/Kar-5.jpg\"><img loading=\"lazy\" decoding=\"async\" class=\"alignnone size-full wp-image-4539\" src=\"http:\/\/www.sabine-seyffert.de\/blog\/wp-content\/uploads\/2014\/08\/Kar-5.jpg\" alt=\"Kar 5\" width=\"800\" height=\"519\" srcset=\"https:\/\/www.sabine-seyffert.de\/blog\/wp-content\/uploads\/2014\/08\/Kar-5.jpg 800w, https:\/\/www.sabine-seyffert.de\/blog\/wp-content\/uploads\/2014\/08\/Kar-5-300x194.jpg 300w\" sizes=\"auto, (max-width: 800px) 100vw, 800px\" \/><\/a><\/p>\n<p style=\"text-align: justify;\">Weitere Ideen zum Thema Geburtstag gibt es <a href=\"http:\/\/www.sabine-seyffert.de\/blog\/?cat=21\" target=\"_blank\">hier<\/a> und was Anke heute sammelt findet Ihr <a href=\"http:\/\/www.creadienstag.de\/2014\/08\/139.html\" target=\"_blank\">dort<\/a>!<\/p>\n<p style=\"text-align: justify;\"><a href=\"http:\/\/www.sabine-seyffert.de\/blog\/?page_id=32#urheberrecht\">urheberrechtlich gesch\u00fctzt<\/a>, \u00a9 Sabine Seyffert<\/p>\n","protected":false},"excerpt":{"rendered":"<p>Es gibt Dinge, die sind einfach zum in die Luft gehen\u2026 Darunter zum Beispiel auch ein selbst gebastelter, durch die laue Sommerluft segelnder Geburtstagsgru\u00df, gewerkelt und ausgedacht von meiner Tochter. Der hat mir so gut gefallen, dass ich mich heute mal mit fremden Federn schm\u00fccke und mit der Erlaubnis meiner Tochter ihre Karte hier samt&#8230; <a href=\"https:\/\/www.sabine-seyffert.de\/blog\/ein-fliegender-geburtstagsgruss-diy\/\" class=\"more-link\">Read more: Ein \u201efliegender\u201c Geburtstagsgru\u00df \/ DIY<\/a><\/p>\n","protected":false},"author":2,"featured_media":0,"comment_status":"open","ping_status":"open","sticky":false,"template":"","format":"standard","meta":{"_metis_text_type":"","_metis_text_length":2126,"_post_count":0,"footnotes":""},"categories":[32,36,21],"tags":[],"class_list":["post-4534","post","type-post","status-publish","format-standard","hentry","category-kreatives-fur-kleine-kinderhande","category-klitzekleine-geschenkideen","category-kinderfeste-partys"],"_links":{"self":[{"href":"https:\/\/www.sabine-seyffert.de\/blog\/wp-json\/wp\/v2\/posts\/4534","targetHints":{"allow":["GET"]}}],"collection":[{"href":"https:\/\/www.sabine-seyffert.de\/blog\/wp-json\/wp\/v2\/posts"}],"about":[{"href":"https:\/\/www.sabine-seyffert.de\/blog\/wp-json\/wp\/v2\/types\/post"}],"author":[{"embeddable":true,"href":"https:\/\/www.sabine-seyffert.de\/blog\/wp-json\/wp\/v2\/users\/2"}],"replies":[{"embeddable":true,"href":"https:\/\/www.sabine-seyffert.de\/blog\/wp-json\/wp\/v2\/comments?post=4534"}],"version-history":[{"count":6,"href":"https:\/\/www.sabine-seyffert.de\/blog\/wp-json\/wp\/v2\/posts\/4534\/revisions"}],"predecessor-version":[{"id":9718,"href":"https:\/\/www.sabine-seyffert.de\/blog\/wp-json\/wp\/v2\/posts\/4534\/revisions\/9718"}],"wp:attachment":[{"href":"https:\/\/www.sabine-seyffert.de\/blog\/wp-json\/wp\/v2\/media?parent=4534"}],"wp:term":[{"taxonomy":"category","embeddable":true,"href":"https:\/\/www.sabine-seyffert.de\/blog\/wp-json\/wp\/v2\/categories?post=4534"},{"taxonomy":"post_tag","embeddable":true,"href":"https:\/\/www.sabine-seyffert.de\/blog\/wp-json\/wp\/v2\/tags?post=4534"}],"curies":[{"name":"wp","href":"https:\/\/api.w.org\/{rel}","templated":true}]}}