{"id":4477,"date":"2014-08-22T15:56:40","date_gmt":"2014-08-22T13:56:40","guid":{"rendered":"http:\/\/www.sabine-seyffert.de\/blog\/?p=4477"},"modified":"2018-06-26T08:52:10","modified_gmt":"2018-06-26T06:52:10","slug":"ein-besuch-in-blomberg","status":"publish","type":"post","link":"https:\/\/www.sabine-seyffert.de\/blog\/ein-besuch-in-blomberg\/","title":{"rendered":"Ein Besuch in Blomberg"},"content":{"rendered":"<p style=\"text-align: center;\"><img loading=\"lazy\" decoding=\"async\" src=\"https:\/\/ssl-vg03.met.vgwort.de\/na\/5bf398a664e6430d9fd2e19cdde9e45e\" alt=\"\" width=\"1\" height=\"1\" \/><a href=\"http:\/\/www.sabine-seyffert.de\/blog\/wp-content\/uploads\/2014\/08\/B-1.jpg\"><img loading=\"lazy\" decoding=\"async\" class=\"alignnone size-full wp-image-4479\" src=\"http:\/\/www.sabine-seyffert.de\/blog\/wp-content\/uploads\/2014\/08\/B-1.jpg\" alt=\"B 1\" width=\"800\" height=\"600\" srcset=\"https:\/\/www.sabine-seyffert.de\/blog\/wp-content\/uploads\/2014\/08\/B-1.jpg 800w, https:\/\/www.sabine-seyffert.de\/blog\/wp-content\/uploads\/2014\/08\/B-1-300x225.jpg 300w\" sizes=\"auto, (max-width: 800px) 100vw, 800px\" \/><\/a><\/p>\n<p style=\"text-align: justify;\">F\u00fcr unsere geplanten Ausfl\u00fcge zu den <a href=\"http:\/\/www.sabine-seyffert.de\/blog\/?p=4422\" target=\"_blank\" rel=\"noopener\">Externsteinen<\/a> und dem <a href=\"http:\/\/www.sabine-seyffert.de\/blog\/?p=4452\" target=\"_blank\" rel=\"noopener\">Hermannsdenkmal<\/a> brauchten wir noch eine \u00dcbernachtungsm\u00f6glichkeit. Diesbez\u00fcglich wurden wir in dem kleinen St\u00e4dtchen <a href=\"https:\/\/de.wikipedia.org\/wiki\/Blomberg\">Blomberg<\/a> (Ostwestfalen-Lippe) f\u00fcndig, das vor rund 750 Jahren von den Edelherren zu Lippe gegr\u00fcndet wurde.<\/p>\n<p style=\"text-align: center;\"><a href=\"http:\/\/www.sabine-seyffert.de\/blog\/wp-content\/uploads\/2014\/08\/B-4.jpg\"><img loading=\"lazy\" decoding=\"async\" class=\"alignnone size-full wp-image-4480\" src=\"http:\/\/www.sabine-seyffert.de\/blog\/wp-content\/uploads\/2014\/08\/B-4.jpg\" alt=\"B 4\" width=\"600\" height=\"800\" srcset=\"https:\/\/www.sabine-seyffert.de\/blog\/wp-content\/uploads\/2014\/08\/B-4.jpg 600w, https:\/\/www.sabine-seyffert.de\/blog\/wp-content\/uploads\/2014\/08\/B-4-225x300.jpg 225w\" sizes=\"auto, (max-width: 600px) 100vw, 600px\" \/><\/a><\/p>\n<p style=\"text-align: justify;\">Die kleine Stadt hat gerade mal um die 16.000 Einwohner. Diese Stadt wirkt schon auf den allerersten Blick ausgesprochen symphatisch und einladend. Besonders die historische Altstadt hat es uns angetan.<\/p>\n<p style=\"text-align: center;\"><a href=\"http:\/\/www.sabine-seyffert.de\/blog\/wp-content\/uploads\/2014\/08\/B-9.jpg\"><img loading=\"lazy\" decoding=\"async\" class=\"alignnone size-full wp-image-4481\" src=\"http:\/\/www.sabine-seyffert.de\/blog\/wp-content\/uploads\/2014\/08\/B-9.jpg\" alt=\"B 9\" width=\"600\" height=\"800\" srcset=\"https:\/\/www.sabine-seyffert.de\/blog\/wp-content\/uploads\/2014\/08\/B-9.jpg 600w, https:\/\/www.sabine-seyffert.de\/blog\/wp-content\/uploads\/2014\/08\/B-9-225x300.jpg 225w\" sizes=\"auto, (max-width: 600px) 100vw, 600px\" \/><\/a><\/p>\n<p style=\"text-align: justify;\">Hier kann man in aller Seelenruhe umherschlendern, durch zahlreiche kleine Gassen und Wege. Jedes Haus f\u00fcr sich scheint eine eigene Geschichte zu haben. Einfach ein Ort an dem die Zeit stillzustehen scheint.<\/p>\n<p style=\"text-align: center;\"><a href=\"http:\/\/www.sabine-seyffert.de\/blog\/wp-content\/uploads\/2014\/08\/B-14.jpg\"><img loading=\"lazy\" decoding=\"async\" class=\"alignnone size-full wp-image-4482\" src=\"http:\/\/www.sabine-seyffert.de\/blog\/wp-content\/uploads\/2014\/08\/B-14.jpg\" alt=\"B 14\" width=\"600\" height=\"800\" srcset=\"https:\/\/www.sabine-seyffert.de\/blog\/wp-content\/uploads\/2014\/08\/B-14.jpg 600w, https:\/\/www.sabine-seyffert.de\/blog\/wp-content\/uploads\/2014\/08\/B-14-225x300.jpg 225w\" sizes=\"auto, (max-width: 600px) 100vw, 600px\" \/><\/a><\/p>\n<p style=\"text-align: justify;\">Die wohltuende Ruhe kann man aber nicht nur in dem St\u00e4dtchen selbst genie\u00dfen. Sondern in den verschiedenen Parks, wie beispielsweise dem Schlossgarten im Ortsteil Reelkirchen, der von einem Wassergraben umgeben wird oder dem Burggarten.<\/p>\n<p style=\"text-align: center;\"><a href=\"http:\/\/www.sabine-seyffert.de\/blog\/wp-content\/uploads\/2014\/08\/B-15.jpg\"><img loading=\"lazy\" decoding=\"async\" class=\"alignnone size-full wp-image-4483\" src=\"http:\/\/www.sabine-seyffert.de\/blog\/wp-content\/uploads\/2014\/08\/B-15.jpg\" alt=\"B 15\" width=\"600\" height=\"800\" srcset=\"https:\/\/www.sabine-seyffert.de\/blog\/wp-content\/uploads\/2014\/08\/B-15.jpg 600w, https:\/\/www.sabine-seyffert.de\/blog\/wp-content\/uploads\/2014\/08\/B-15-225x300.jpg 225w\" sizes=\"auto, (max-width: 600px) 100vw, 600px\" \/><\/a><\/p>\n<p style=\"text-align: justify;\">Die auf einer Anh\u00f6he liegende Stadt Blomberg ist idyllisch umgeben von reichlich gr\u00fcnen W\u00e4ldern und allerhand Landwirtschaft.<\/p>\n<p style=\"text-align: center;\"><a href=\"http:\/\/www.sabine-seyffert.de\/blog\/wp-content\/uploads\/2014\/08\/B-18.jpg\"><img loading=\"lazy\" decoding=\"async\" class=\"alignnone size-full wp-image-4484\" src=\"http:\/\/www.sabine-seyffert.de\/blog\/wp-content\/uploads\/2014\/08\/B-18.jpg\" alt=\"B 18\" width=\"800\" height=\"600\" srcset=\"https:\/\/www.sabine-seyffert.de\/blog\/wp-content\/uploads\/2014\/08\/B-18.jpg 800w, https:\/\/www.sabine-seyffert.de\/blog\/wp-content\/uploads\/2014\/08\/B-18-300x225.jpg 300w\" sizes=\"auto, (max-width: 800px) 100vw, 800px\" \/><\/a><\/p>\n<p style=\"text-align: justify;\">Besonders beeindruckend ist die alte Burg. Die Burg Blomberg, die im 13. Jahrhundert entstand, wurde durch die Soester Fehde (zwischen 1414-1463) fast komplett zerst\u00f6rt und niedergebrannt. Im Jahre 1468 begann der Wiederaufbau der Burganlage, die den Edelherren zu Lippe als Wohnsitz diente.<\/p>\n<p style=\"text-align: center;\"><a href=\"http:\/\/www.sabine-seyffert.de\/blog\/wp-content\/uploads\/2014\/08\/B-17.jpg\"><img loading=\"lazy\" decoding=\"async\" class=\"alignnone size-full wp-image-4485\" src=\"http:\/\/www.sabine-seyffert.de\/blog\/wp-content\/uploads\/2014\/08\/B-17.jpg\" alt=\"B 17\" width=\"800\" height=\"600\" srcset=\"https:\/\/www.sabine-seyffert.de\/blog\/wp-content\/uploads\/2014\/08\/B-17.jpg 800w, https:\/\/www.sabine-seyffert.de\/blog\/wp-content\/uploads\/2014\/08\/B-17-300x225.jpg 300w\" sizes=\"auto, (max-width: 800px) 100vw, 800px\" \/><\/a><\/p>\n<p style=\"text-align: justify;\">In dieser Burg befindet sich nun ein Hotel in mittelalterlichem Ambiente. In diesem gibt es sogar noch einen uralten Gew\u00f6lbekeller, der f\u00fcr Feiern und Events genutzt wird. Eine h\u00f6chst spannende Angelegenheit.<\/p>\n<p style=\"text-align: center;\"><a href=\"http:\/\/www.sabine-seyffert.de\/blog\/wp-content\/uploads\/2014\/08\/B-13.jpg\"><img loading=\"lazy\" decoding=\"async\" class=\"alignnone size-full wp-image-4486\" src=\"http:\/\/www.sabine-seyffert.de\/blog\/wp-content\/uploads\/2014\/08\/B-13.jpg\" alt=\"B 13\" width=\"600\" height=\"800\" srcset=\"https:\/\/www.sabine-seyffert.de\/blog\/wp-content\/uploads\/2014\/08\/B-13.jpg 600w, https:\/\/www.sabine-seyffert.de\/blog\/wp-content\/uploads\/2014\/08\/B-13-225x300.jpg 225w\" sizes=\"auto, (max-width: 600px) 100vw, 600px\" \/><\/a><\/p>\n<p style=\"text-align: justify;\">Auch um die Burganlage herum ist es reichlich gr\u00fcn. Bunt bemalte B\u00e4nke (wie auf <a href=\"http:\/\/www.sabine-seyffert.de\/blog\/?p=151\" target=\"_blank\" rel=\"noopener\">diesem Bild<\/a>) laden hier zu einer (kreativen Schaffens-) Pause ein.<\/p>\n<p style=\"text-align: center;\"><a href=\"http:\/\/www.sabine-seyffert.de\/blog\/wp-content\/uploads\/2014\/08\/B-12.jpg\"><img loading=\"lazy\" decoding=\"async\" class=\"alignnone size-full wp-image-4487\" src=\"http:\/\/www.sabine-seyffert.de\/blog\/wp-content\/uploads\/2014\/08\/B-12.jpg\" alt=\"B 12\" width=\"600\" height=\"800\" srcset=\"https:\/\/www.sabine-seyffert.de\/blog\/wp-content\/uploads\/2014\/08\/B-12.jpg 600w, https:\/\/www.sabine-seyffert.de\/blog\/wp-content\/uploads\/2014\/08\/B-12-225x300.jpg 225w\" sizes=\"auto, (max-width: 600px) 100vw, 600px\" \/><\/a><\/p>\n<p style=\"text-align: justify;\">Man hat von hier eine sch\u00f6ne Aussicht, kann die Sonne genie\u00dfen und die Seele ganz entspannt baumeln lassen. Und wenn man genug neue Kraft gesammelt hat, schlendert man einfach weiter den Weg entlang&#8230;<\/p>\n<p><a href=\"http:\/\/www.sabine-seyffert.de\/blog\/wp-content\/uploads\/2014\/08\/B-11.jpg\"><img loading=\"lazy\" decoding=\"async\" class=\"size-full wp-image-4488 aligncenter\" src=\"http:\/\/www.sabine-seyffert.de\/blog\/wp-content\/uploads\/2014\/08\/B-11.jpg\" alt=\"B 11\" width=\"800\" height=\"600\" srcset=\"https:\/\/www.sabine-seyffert.de\/blog\/wp-content\/uploads\/2014\/08\/B-11.jpg 800w, https:\/\/www.sabine-seyffert.de\/blog\/wp-content\/uploads\/2014\/08\/B-11-300x225.jpg 300w\" sizes=\"auto, (max-width: 800px) 100vw, 800px\" \/><\/a><\/p>\n<p>Ich w\u00fcnsche Euch ein sch\u00f6nes Wochenende!<\/p>\n<p style=\"text-align: justify;\"><a href=\"http:\/\/www.sabine-seyffert.de\/blog\/?page_id=32#urheberrecht\">urheberrechtlich gesch\u00fctzt<\/a>, \u00a9 Sabine Seyffert<\/p>\n","protected":false},"excerpt":{"rendered":"<p>F\u00fcr unsere geplanten Ausfl\u00fcge zu den Externsteinen und dem Hermannsdenkmal brauchten wir noch eine \u00dcbernachtungsm\u00f6glichkeit. Diesbez\u00fcglich wurden wir in dem kleinen St\u00e4dtchen Blomberg (Ostwestfalen-Lippe) f\u00fcndig, das vor rund 750 Jahren von den Edelherren zu Lippe gegr\u00fcndet wurde. Die kleine Stadt hat gerade mal um die 16.000 Einwohner. Diese Stadt wirkt schon auf den allerersten Blick&#8230; <a href=\"https:\/\/www.sabine-seyffert.de\/blog\/ein-besuch-in-blomberg\/\" class=\"more-link\">Read more: Ein Besuch in Blomberg<\/a><\/p>\n","protected":false},"author":2,"featured_media":0,"comment_status":"open","ping_status":"open","sticky":false,"template":"","format":"standard","meta":{"_metis_text_type":"","_metis_text_length":1996,"_post_count":0,"footnotes":""},"categories":[39,24],"tags":[],"class_list":["post-4477","post","type-post","status-publish","format-standard","hentry","category-ausfluge-co","category-sommer"],"_links":{"self":[{"href":"https:\/\/www.sabine-seyffert.de\/blog\/wp-json\/wp\/v2\/posts\/4477","targetHints":{"allow":["GET"]}}],"collection":[{"href":"https:\/\/www.sabine-seyffert.de\/blog\/wp-json\/wp\/v2\/posts"}],"about":[{"href":"https:\/\/www.sabine-seyffert.de\/blog\/wp-json\/wp\/v2\/types\/post"}],"author":[{"embeddable":true,"href":"https:\/\/www.sabine-seyffert.de\/blog\/wp-json\/wp\/v2\/users\/2"}],"replies":[{"embeddable":true,"href":"https:\/\/www.sabine-seyffert.de\/blog\/wp-json\/wp\/v2\/comments?post=4477"}],"version-history":[{"count":10,"href":"https:\/\/www.sabine-seyffert.de\/blog\/wp-json\/wp\/v2\/posts\/4477\/revisions"}],"predecessor-version":[{"id":12828,"href":"https:\/\/www.sabine-seyffert.de\/blog\/wp-json\/wp\/v2\/posts\/4477\/revisions\/12828"}],"wp:attachment":[{"href":"https:\/\/www.sabine-seyffert.de\/blog\/wp-json\/wp\/v2\/media?parent=4477"}],"wp:term":[{"taxonomy":"category","embeddable":true,"href":"https:\/\/www.sabine-seyffert.de\/blog\/wp-json\/wp\/v2\/categories?post=4477"},{"taxonomy":"post_tag","embeddable":true,"href":"https:\/\/www.sabine-seyffert.de\/blog\/wp-json\/wp\/v2\/tags?post=4477"}],"curies":[{"name":"wp","href":"https:\/\/api.w.org\/{rel}","templated":true}]}}