{"id":4466,"date":"2014-08-19T06:21:35","date_gmt":"2014-08-19T04:21:35","guid":{"rendered":"http:\/\/www.sabine-seyffert.de\/blog\/?p=4466"},"modified":"2017-03-02T16:53:09","modified_gmt":"2017-03-02T14:53:09","slug":"ein-maritimer-feriengruss-diy","status":"publish","type":"post","link":"https:\/\/www.sabine-seyffert.de\/blog\/ein-maritimer-feriengruss-diy\/","title":{"rendered":"Ein maritimer Feriengru\u00df \/ DIY"},"content":{"rendered":"<p style=\"text-align: justify;\"><img loading=\"lazy\" decoding=\"async\" src=\"https:\/\/ssl-vg03.met.vgwort.de\/na\/3d18ba8ae7674edcab90aae0b4284049\" alt=\"\" width=\"1\" height=\"1\" \/><br \/>\nNach unserem Urlaub hatte ich mal wieder richtig Lust etwas zu basteln. Vielleicht um die Urlaubsstimmung l\u00e4nger aufrecht zu erhalten.\u00a0 So entstand spontan ein ganz maritimer Ferien- oder auch Meeresgru\u00df.<\/p>\n<p style=\"text-align: center;\"><a href=\"http:\/\/www.sabine-seyffert.de\/blog\/wp-content\/uploads\/2014\/08\/A-1.jpg\"><img loading=\"lazy\" decoding=\"async\" class=\"alignnone size-full wp-image-4467\" src=\"http:\/\/www.sabine-seyffert.de\/blog\/wp-content\/uploads\/2014\/08\/A-1.jpg\" alt=\"A 1\" width=\"800\" height=\"600\" srcset=\"https:\/\/www.sabine-seyffert.de\/blog\/wp-content\/uploads\/2014\/08\/A-1.jpg 800w, https:\/\/www.sabine-seyffert.de\/blog\/wp-content\/uploads\/2014\/08\/A-1-300x225.jpg 300w\" sizes=\"auto, (max-width: 800px) 100vw, 800px\" \/><\/a><\/p>\n<p style=\"text-align: justify;\"><strong>Das wird gebraucht:<\/strong><br \/>\nM\u00f6glichst weiche Kordel, blau-wei\u00df gestreifter Tonkarton, Lochzange, Nietenzange, Metall\u00f6sen, ein Bleistift, ein wei\u00dfes Radiergummi, eine Schere, ein St\u00fcck feste Pappe (beispielsweise von einer leeren M\u00fcslipackung), wei\u00df lackierte Holzperlen, Muscheln mit Loch<\/p>\n<p style=\"text-align: center;\"><a href=\"http:\/\/www.sabine-seyffert.de\/blog\/wp-content\/uploads\/2014\/08\/A-2.jpg\"><img loading=\"lazy\" decoding=\"async\" class=\"alignnone size-full wp-image-4468\" src=\"http:\/\/www.sabine-seyffert.de\/blog\/wp-content\/uploads\/2014\/08\/A-2.jpg\" alt=\"A 2\" width=\"800\" height=\"600\" srcset=\"https:\/\/www.sabine-seyffert.de\/blog\/wp-content\/uploads\/2014\/08\/A-2.jpg 800w, https:\/\/www.sabine-seyffert.de\/blog\/wp-content\/uploads\/2014\/08\/A-2-300x225.jpg 300w\" sizes=\"auto, (max-width: 800px) 100vw, 800px\" \/><\/a><\/p>\n<p style=\"text-align: justify;\"><strong>So wird\u2019s gemacht:<\/strong><br \/>\nAuf ein St\u00fcck Pappe habe ich einen kleinen Fisch als Schablone vorgezeichnet. Meine Vorlage ist gut 6 cm lang. Damit habe ich dann die gew\u00fcnschte Anzahl an Fischen auf den gestreiften Tonkarton gezeichnet und alle Tiere ausgeschnitten. Die noch sichtbaren Bleistiftr\u00e4nder lassen sich am besten mit einem wei\u00dfen Radiergummi entfernen.<\/p>\n<p style=\"text-align: center;\"><a href=\"http:\/\/www.sabine-seyffert.de\/blog\/wp-content\/uploads\/2014\/08\/A-3.jpg\"><img loading=\"lazy\" decoding=\"async\" class=\"alignnone size-full wp-image-4469\" src=\"http:\/\/www.sabine-seyffert.de\/blog\/wp-content\/uploads\/2014\/08\/A-3.jpg\" alt=\"A 3\" width=\"800\" height=\"600\" srcset=\"https:\/\/www.sabine-seyffert.de\/blog\/wp-content\/uploads\/2014\/08\/A-3.jpg 800w, https:\/\/www.sabine-seyffert.de\/blog\/wp-content\/uploads\/2014\/08\/A-3-300x225.jpg 300w\" sizes=\"auto, (max-width: 800px) 100vw, 800px\" \/><\/a><\/p>\n<p style=\"text-align: justify;\">Anschlie\u00dfend locht man die Fische am Rand. Das klappt mit einer Lochzange recht gut. Jedes der L\u00f6cher habe ich mit einer Metall\u00f6se versehen. Diese stabilisiert die Fische, so dass das Papier nicht rei\u00dft.<\/p>\n<p style=\"text-align: center;\"><a href=\"http:\/\/www.sabine-seyffert.de\/blog\/wp-content\/uploads\/2014\/08\/A-4.jpg\"><img loading=\"lazy\" decoding=\"async\" class=\"alignnone size-full wp-image-4470\" src=\"http:\/\/www.sabine-seyffert.de\/blog\/wp-content\/uploads\/2014\/08\/A-4.jpg\" alt=\"A 4\" width=\"800\" height=\"600\" srcset=\"https:\/\/www.sabine-seyffert.de\/blog\/wp-content\/uploads\/2014\/08\/A-4.jpg 800w, https:\/\/www.sabine-seyffert.de\/blog\/wp-content\/uploads\/2014\/08\/A-4-300x225.jpg 300w\" sizes=\"auto, (max-width: 800px) 100vw, 800px\" \/><\/a><\/p>\n<p style=\"text-align: justify;\">Sind alle Fische fertig, kann man mit dem F\u00e4deln beginnen. Von der Kordel habe ich ein l\u00e4ngeres St\u00fcck abgeschnitten und die Fische in m\u00f6glichst gleichm\u00e4\u00dfigem Abstand daran gef\u00e4delt, geknotet und als Blickfang \u00fcber jeden Knoten eine wei\u00dfe Holzperle gesteckt.<\/p>\n<p style=\"text-align: center;\"><a href=\"http:\/\/www.sabine-seyffert.de\/blog\/wp-content\/uploads\/2014\/08\/A-5.jpg\"><img loading=\"lazy\" decoding=\"async\" class=\"alignnone size-full wp-image-4471\" src=\"http:\/\/www.sabine-seyffert.de\/blog\/wp-content\/uploads\/2014\/08\/A-5.jpg\" alt=\"A 5\" width=\"800\" height=\"600\" srcset=\"https:\/\/www.sabine-seyffert.de\/blog\/wp-content\/uploads\/2014\/08\/A-5.jpg 800w, https:\/\/www.sabine-seyffert.de\/blog\/wp-content\/uploads\/2014\/08\/A-5-300x225.jpg 300w\" sizes=\"auto, (max-width: 800px) 100vw, 800px\" \/><\/a><\/p>\n<p style=\"text-align: justify;\">Das obere Kordelende zu einer lockeren Schlaufe knoten, die als Aufh\u00e4ngung dient. Und am unteren Ende habe ich eine Muschel auf die Kordel gezogen und das Schnurende mit einem dicken Knoten versehen, so dass die Muschel nicht hinunterrutschen kann.<\/p>\n<p style=\"text-align: center;\"><a href=\"http:\/\/www.sabine-seyffert.de\/blog\/wp-content\/uploads\/2014\/08\/A-6.jpg\"><img loading=\"lazy\" decoding=\"async\" class=\"alignnone size-full wp-image-4472\" src=\"http:\/\/www.sabine-seyffert.de\/blog\/wp-content\/uploads\/2014\/08\/A-6.jpg\" alt=\"A 6\" width=\"800\" height=\"600\" srcset=\"https:\/\/www.sabine-seyffert.de\/blog\/wp-content\/uploads\/2014\/08\/A-6.jpg 800w, https:\/\/www.sabine-seyffert.de\/blog\/wp-content\/uploads\/2014\/08\/A-6-300x225.jpg 300w\" sizes=\"auto, (max-width: 800px) 100vw, 800px\" \/><\/a><\/p>\n<p style=\"text-align: justify;\">Wer weder Lochzange noch \u00d6sen zur Hand hat, kann dieses DIY ganz leicht ab\u00e4ndern, in dem die Fische in doppelter Anzahl angefertigt werden und man die Kordel immer mittig zwischen zwei Fische klebt wie beispielsweise in abgewandelter Form bei <a href=\"http:\/\/www.sabine-seyffert.de\/blog\/?p=3339\" target=\"_blank\">dieser Idee<\/a>. Die Fische eignen sich \u00fcbrigens auch wunderbar als Anh\u00e4nger wie bei <a href=\"http:\/\/www.sabine-seyffert.de\/blog\/?p=4497\" target=\"_blank\">dieser Geschenkidee<\/a>.<\/p>\n<p style=\"text-align: center;\"><a href=\"http:\/\/www.sabine-seyffert.de\/blog\/wp-content\/uploads\/2014\/08\/A-8.jpg\"><img loading=\"lazy\" decoding=\"async\" class=\"alignnone size-full wp-image-4473\" src=\"http:\/\/www.sabine-seyffert.de\/blog\/wp-content\/uploads\/2014\/08\/A-8.jpg\" alt=\"A 8\" width=\"800\" height=\"600\" srcset=\"https:\/\/www.sabine-seyffert.de\/blog\/wp-content\/uploads\/2014\/08\/A-8.jpg 800w, https:\/\/www.sabine-seyffert.de\/blog\/wp-content\/uploads\/2014\/08\/A-8-300x225.jpg 300w\" sizes=\"auto, (max-width: 800px) 100vw, 800px\" \/><\/a><\/p>\n<p style=\"text-align: justify;\">Alles zum Thema <a href=\"http:\/\/www.sabine-seyffert.de\/blog\/?cat=24\" target=\"_blank\">Sommer<\/a> findet ihr \u00fcbrigens <a href=\"http:\/\/www.sabine-seyffert.de\/blog\/?cat=24\" target=\"_blank\">hier<\/a>, Ideen f\u00fcr die Ferien <a href=\"http:\/\/www.sabine-seyffert.de\/blog\/?cat=38\" target=\"_blank\">dort,<\/a> Deko an <a href=\"http:\/\/www.sabine-seyffert.de\/blog\/?cat=12\" target=\"_blank\">dieser Stelle<\/a> und allerhand Kreatives sammelt Anke <a href=\"http:\/\/www.creadienstag.de\/2014\/08\/137.html\" target=\"_blank\">da<\/a>.<\/p>\n<p style=\"text-align: center;\"><a href=\"http:\/\/www.sabine-seyffert.de\/blog\/wp-content\/uploads\/2014\/08\/a7.jpg\"><img loading=\"lazy\" decoding=\"async\" class=\"alignnone size-full wp-image-4474\" src=\"http:\/\/www.sabine-seyffert.de\/blog\/wp-content\/uploads\/2014\/08\/a7.jpg\" alt=\"a7\" width=\"800\" height=\"526\" srcset=\"https:\/\/www.sabine-seyffert.de\/blog\/wp-content\/uploads\/2014\/08\/a7.jpg 800w, https:\/\/www.sabine-seyffert.de\/blog\/wp-content\/uploads\/2014\/08\/a7-300x197.jpg 300w\" sizes=\"auto, (max-width: 800px) 100vw, 800px\" \/><\/a><\/p>\n<p style=\"text-align: justify;\"><a href=\"http:\/\/www.sabine-seyffert.de\/blog\/?page_id=32#urheberrecht\">urheberrechtlich gesch\u00fctzt<\/a>, \u00a9 Sabine Seyffert<\/p>\n","protected":false},"excerpt":{"rendered":"<p>Nach unserem Urlaub hatte ich mal wieder richtig Lust etwas zu basteln. Vielleicht um die Urlaubsstimmung l\u00e4nger aufrecht zu erhalten.\u00a0 So entstand spontan ein ganz maritimer Ferien- oder auch Meeresgru\u00df. Das wird gebraucht: M\u00f6glichst weiche Kordel, blau-wei\u00df gestreifter Tonkarton, Lochzange, Nietenzange, Metall\u00f6sen, ein Bleistift, ein wei\u00dfes Radiergummi, eine Schere, ein St\u00fcck feste Pappe (beispielsweise von&#8230; <a href=\"https:\/\/www.sabine-seyffert.de\/blog\/ein-maritimer-feriengruss-diy\/\" class=\"more-link\">Read more: Ein maritimer Feriengru\u00df \/ DIY<\/a><\/p>\n","protected":false},"author":2,"featured_media":0,"comment_status":"open","ping_status":"open","sticky":false,"template":"","format":"standard","meta":{"_metis_text_type":"","_metis_text_length":2079,"_post_count":0,"footnotes":""},"categories":[12,38,24],"tags":[],"class_list":["post-4466","post","type-post","status-publish","format-standard","hentry","category-deko-ideen","category-ferien","category-sommer"],"_links":{"self":[{"href":"https:\/\/www.sabine-seyffert.de\/blog\/wp-json\/wp\/v2\/posts\/4466","targetHints":{"allow":["GET"]}}],"collection":[{"href":"https:\/\/www.sabine-seyffert.de\/blog\/wp-json\/wp\/v2\/posts"}],"about":[{"href":"https:\/\/www.sabine-seyffert.de\/blog\/wp-json\/wp\/v2\/types\/post"}],"author":[{"embeddable":true,"href":"https:\/\/www.sabine-seyffert.de\/blog\/wp-json\/wp\/v2\/users\/2"}],"replies":[{"embeddable":true,"href":"https:\/\/www.sabine-seyffert.de\/blog\/wp-json\/wp\/v2\/comments?post=4466"}],"version-history":[{"count":4,"href":"https:\/\/www.sabine-seyffert.de\/blog\/wp-json\/wp\/v2\/posts\/4466\/revisions"}],"predecessor-version":[{"id":9722,"href":"https:\/\/www.sabine-seyffert.de\/blog\/wp-json\/wp\/v2\/posts\/4466\/revisions\/9722"}],"wp:attachment":[{"href":"https:\/\/www.sabine-seyffert.de\/blog\/wp-json\/wp\/v2\/media?parent=4466"}],"wp:term":[{"taxonomy":"category","embeddable":true,"href":"https:\/\/www.sabine-seyffert.de\/blog\/wp-json\/wp\/v2\/categories?post=4466"},{"taxonomy":"post_tag","embeddable":true,"href":"https:\/\/www.sabine-seyffert.de\/blog\/wp-json\/wp\/v2\/tags?post=4466"}],"curies":[{"name":"wp","href":"https:\/\/api.w.org\/{rel}","templated":true}]}}