{"id":4452,"date":"2014-08-16T10:27:21","date_gmt":"2014-08-16T08:27:21","guid":{"rendered":"http:\/\/www.sabine-seyffert.de\/blog\/?p=4452"},"modified":"2018-06-26T08:53:32","modified_gmt":"2018-06-26T06:53:32","slug":"das-hermannsdenkmal-ein-ausflugstipp","status":"publish","type":"post","link":"https:\/\/www.sabine-seyffert.de\/blog\/das-hermannsdenkmal-ein-ausflugstipp\/","title":{"rendered":"Das Hermannsdenkmal \/ Ein Ausflugstipp"},"content":{"rendered":"<p style=\"text-align: justify;\"><img loading=\"lazy\" decoding=\"async\" src=\"https:\/\/ssl-vg03.met.vgwort.de\/na\/d6c937455fb64717851f8a4f8f652cf5\" alt=\"\" width=\"1\" height=\"1\" \/><br \/>\nGanz in der N\u00e4he der <a href=\"http:\/\/www.sabine-seyffert.de\/blog\/?p=4422\" target=\"_blank\" rel=\"noopener\">spannenden Externsteine<\/a> findet man auch <a href=\"https:\/\/de.wikipedia.org\/wiki\/Hermannsdenkmal\" target=\"_blank\" rel=\"noopener\">das Hermannsdenkmal<\/a>. Diese Denkmal aus dem 19. Jahrhundert soll an die Schlacht im Teutoburger Wald erinnern, wo Arminius (deutsch: Hermann) der Cherusker den R\u00f6mern eine derart legend\u00e4re Niederlage beibrachte, dass sie sich niemals auf der rechten Rheinseite (Germanien) festsetzten.<\/p>\n<p style=\"text-align: center;\"><a href=\"http:\/\/www.sabine-seyffert.de\/blog\/wp-content\/uploads\/2014\/08\/H-2.jpg\"><img loading=\"lazy\" decoding=\"async\" class=\"alignnone size-full wp-image-4453\" src=\"http:\/\/www.sabine-seyffert.de\/blog\/wp-content\/uploads\/2014\/08\/H-2.jpg\" alt=\"H 2\" width=\"800\" height=\"600\" srcset=\"https:\/\/www.sabine-seyffert.de\/blog\/wp-content\/uploads\/2014\/08\/H-2.jpg 800w, https:\/\/www.sabine-seyffert.de\/blog\/wp-content\/uploads\/2014\/08\/H-2-300x225.jpg 300w\" sizes=\"auto, (max-width: 800px) 100vw, 800px\" \/><\/a><\/p>\n<p style=\"text-align: justify;\">Diese \u00fcber 50m hohe ur-deutsche Freiheitsstatue war bis 1886 die h\u00f6chste Statue der Welt. Derart ideologisch \u00fcberladen, ist es heute dennoch ein beliebtes Ausflugsziel in toller Lage im Teutoburger Wald. Eigentlich sollte die Statue auch die Stelle der genannten Varusschlacht gegen die R\u00f6mer markieren; nach heutigen Erkenntnissen fand diese allerdings eher bei Kalkriese \/ Bramsche statt, fast 100km entfernt.<\/p>\n<p style=\"text-align: center;\"><a href=\"http:\/\/www.sabine-seyffert.de\/blog\/wp-content\/uploads\/2014\/08\/H-6.jpg\"><img loading=\"lazy\" decoding=\"async\" class=\"alignnone size-full wp-image-4454\" src=\"http:\/\/www.sabine-seyffert.de\/blog\/wp-content\/uploads\/2014\/08\/H-6.jpg\" alt=\"H 6\" width=\"600\" height=\"800\" srcset=\"https:\/\/www.sabine-seyffert.de\/blog\/wp-content\/uploads\/2014\/08\/H-6.jpg 600w, https:\/\/www.sabine-seyffert.de\/blog\/wp-content\/uploads\/2014\/08\/H-6-225x300.jpg 225w\" sizes=\"auto, (max-width: 600px) 100vw, 600px\" \/><\/a><\/p>\n<p style=\"text-align: justify;\">Im Gegensatz zu den Externsteinen herrscht auf dem Gel\u00e4nde am und um <a href=\"http:\/\/de.wikipedia.org\/wiki\/Hermannsdenkmal\" target=\"_blank\" rel=\"noopener\">das Hermannsdenkmal<\/a> sehr viel Trubel. Schon der Parkplatz ist brechend voll und gleich der Anfang des Weges mit allerhand Gastronomie gepflastert. Allerdings findet man hier auch einen kleinen Spielplatz, auf dem sich die Kinder etwas austoben k\u00f6nnen.<\/p>\n<p style=\"text-align: center;\"><a href=\"http:\/\/www.sabine-seyffert.de\/blog\/wp-content\/uploads\/2014\/08\/H-5.jpg\"><img loading=\"lazy\" decoding=\"async\" class=\"alignnone size-full wp-image-4455\" src=\"http:\/\/www.sabine-seyffert.de\/blog\/wp-content\/uploads\/2014\/08\/H-5.jpg\" alt=\"H 5\" width=\"600\" height=\"800\" srcset=\"https:\/\/www.sabine-seyffert.de\/blog\/wp-content\/uploads\/2014\/08\/H-5.jpg 600w, https:\/\/www.sabine-seyffert.de\/blog\/wp-content\/uploads\/2014\/08\/H-5-225x300.jpg 225w\" sizes=\"auto, (max-width: 600px) 100vw, 600px\" \/><\/a><\/p>\n<p style=\"text-align: justify;\">Der Weg zum Hermannsdenkmal selbst ist nicht allzu weit und auch f\u00fcr kleinere Kinder problemlos zu bew\u00e4ltigen. Da die Wege breit sind und nicht mitten durch einen Wald f\u00fchren, ist es auch mit Kinder- oder Bollerwagen kein Problem.<\/p>\n<p style=\"text-align: center;\"><a href=\"http:\/\/www.sabine-seyffert.de\/blog\/wp-content\/uploads\/2014\/08\/H-3.jpg\"><img loading=\"lazy\" decoding=\"async\" class=\"alignnone size-full wp-image-4456\" src=\"http:\/\/www.sabine-seyffert.de\/blog\/wp-content\/uploads\/2014\/08\/H-3.jpg\" alt=\"H 3\" width=\"600\" height=\"800\" srcset=\"https:\/\/www.sabine-seyffert.de\/blog\/wp-content\/uploads\/2014\/08\/H-3.jpg 600w, https:\/\/www.sabine-seyffert.de\/blog\/wp-content\/uploads\/2014\/08\/H-3-225x300.jpg 225w\" sizes=\"auto, (max-width: 600px) 100vw, 600px\" \/><\/a><\/p>\n<p style=\"text-align: justify;\">Das Denkmal selbst ist riesig gro\u00df und eindrucksvoll. Auch hier k\u00f6nnen Besucher das Denkmal besteigen und von hoch oben die weite Aussieht genie\u00dfen. Allerdings reicht mir der Panorama Blick auch mit festem Boden unter den F\u00fc\u00dfen. So hoch hinauf muss ich in dem Fall nicht.<\/p>\n<p style=\"text-align: center;\"><a href=\"http:\/\/www.sabine-seyffert.de\/blog\/wp-content\/uploads\/2014\/08\/H-4.jpg\"><img loading=\"lazy\" decoding=\"async\" class=\"alignnone size-full wp-image-4457\" src=\"http:\/\/www.sabine-seyffert.de\/blog\/wp-content\/uploads\/2014\/08\/H-4.jpg\" alt=\"H 4\" width=\"800\" height=\"600\" srcset=\"https:\/\/www.sabine-seyffert.de\/blog\/wp-content\/uploads\/2014\/08\/H-4.jpg 800w, https:\/\/www.sabine-seyffert.de\/blog\/wp-content\/uploads\/2014\/08\/H-4-300x225.jpg 300w\" sizes=\"auto, (max-width: 800px) 100vw, 800px\" \/><\/a><\/p>\n<p style=\"text-align: justify;\">F\u00fcr ganz gro\u00dfe Kletterfreunde gibt es auf dem Weg \u00fcbrigens auch einen Kletterpark.<\/p>\n<p style=\"text-align: center;\"><a href=\"http:\/\/www.sabine-seyffert.de\/blog\/wp-content\/uploads\/2014\/08\/H-7.jpg\"><img loading=\"lazy\" decoding=\"async\" class=\"alignnone size-full wp-image-4458\" src=\"http:\/\/www.sabine-seyffert.de\/blog\/wp-content\/uploads\/2014\/08\/H-7.jpg\" alt=\"H 7\" width=\"800\" height=\"600\" srcset=\"https:\/\/www.sabine-seyffert.de\/blog\/wp-content\/uploads\/2014\/08\/H-7.jpg 800w, https:\/\/www.sabine-seyffert.de\/blog\/wp-content\/uploads\/2014\/08\/H-7-300x225.jpg 300w\" sizes=\"auto, (max-width: 800px) 100vw, 800px\" \/><\/a><\/p>\n<p style=\"text-align: justify;\">\u00dcber eine ganz zauberhafte Stadt ganz in der N\u00e4he dieser Sehensw\u00fcrdigkeit werde ich in K\u00fcrze berichten, denn dort haben wir auf unserem kleinen Wochenendausflug \u00fcbernachtet.<\/p>\n<p style=\"text-align: center;\"><a href=\"http:\/\/www.sabine-seyffert.de\/blog\/wp-content\/uploads\/2014\/08\/H-1.jpg\"><img loading=\"lazy\" decoding=\"async\" class=\"alignnone size-full wp-image-4459\" src=\"http:\/\/www.sabine-seyffert.de\/blog\/wp-content\/uploads\/2014\/08\/H-1.jpg\" alt=\"H 1\" width=\"800\" height=\"658\" srcset=\"https:\/\/www.sabine-seyffert.de\/blog\/wp-content\/uploads\/2014\/08\/H-1.jpg 800w, https:\/\/www.sabine-seyffert.de\/blog\/wp-content\/uploads\/2014\/08\/H-1-300x246.jpg 300w\" sizes=\"auto, (max-width: 800px) 100vw, 800px\" \/><\/a><\/p>\n<p style=\"text-align: justify;\">Weitere tolle Ausflugsziele f\u00fcrs Wochenende, <a href=\"http:\/\/www.sabine-seyffert.de\/blog\/?cat=38\" target=\"_blank\" rel=\"noopener\">die Ferienzeit<\/a> oder einfach so findet Ihr in <a href=\"http:\/\/www.sabine-seyffert.de\/blog\/?cat=39\" target=\"_blank\" rel=\"noopener\">dieser Rubrik<\/a>.<\/p>\n<p style=\"text-align: center;\"><a href=\"http:\/\/www.sabine-seyffert.de\/blog\/wp-content\/uploads\/2014\/08\/H-0.jpg\"><img loading=\"lazy\" decoding=\"async\" class=\"alignnone size-full wp-image-4460\" src=\"http:\/\/www.sabine-seyffert.de\/blog\/wp-content\/uploads\/2014\/08\/H-0.jpg\" alt=\"H 0\" width=\"800\" height=\"600\" srcset=\"https:\/\/www.sabine-seyffert.de\/blog\/wp-content\/uploads\/2014\/08\/H-0.jpg 800w, https:\/\/www.sabine-seyffert.de\/blog\/wp-content\/uploads\/2014\/08\/H-0-300x225.jpg 300w\" sizes=\"auto, (max-width: 800px) 100vw, 800px\" \/><\/a><\/p>\n<p style=\"text-align: justify;\"><a href=\"http:\/\/www.sabine-seyffert.de\/blog\/?page_id=32#urheberrecht\">urheberrechtlich gesch\u00fctzt<\/a>, \u00a9 Sabine Seyffert<\/p>\n","protected":false},"excerpt":{"rendered":"<p>Ganz in der N\u00e4he der spannenden Externsteine findet man auch das Hermannsdenkmal. Diese Denkmal aus dem 19. Jahrhundert soll an die Schlacht im Teutoburger Wald erinnern, wo Arminius (deutsch: Hermann) der Cherusker den R\u00f6mern eine derart legend\u00e4re Niederlage beibrachte, dass sie sich niemals auf der rechten Rheinseite (Germanien) festsetzten. Diese \u00fcber 50m hohe ur-deutsche Freiheitsstatue&#8230; <a href=\"https:\/\/www.sabine-seyffert.de\/blog\/das-hermannsdenkmal-ein-ausflugstipp\/\" class=\"more-link\">Read more: Das Hermannsdenkmal \/ Ein Ausflugstipp<\/a><\/p>\n","protected":false},"author":2,"featured_media":0,"comment_status":"open","ping_status":"open","sticky":false,"template":"","format":"standard","meta":{"_metis_text_type":"","_metis_text_length":1989,"_post_count":0,"footnotes":""},"categories":[39,38],"tags":[],"class_list":["post-4452","post","type-post","status-publish","format-standard","hentry","category-ausfluge-co","category-ferien"],"_links":{"self":[{"href":"https:\/\/www.sabine-seyffert.de\/blog\/wp-json\/wp\/v2\/posts\/4452","targetHints":{"allow":["GET"]}}],"collection":[{"href":"https:\/\/www.sabine-seyffert.de\/blog\/wp-json\/wp\/v2\/posts"}],"about":[{"href":"https:\/\/www.sabine-seyffert.de\/blog\/wp-json\/wp\/v2\/types\/post"}],"author":[{"embeddable":true,"href":"https:\/\/www.sabine-seyffert.de\/blog\/wp-json\/wp\/v2\/users\/2"}],"replies":[{"embeddable":true,"href":"https:\/\/www.sabine-seyffert.de\/blog\/wp-json\/wp\/v2\/comments?post=4452"}],"version-history":[{"count":6,"href":"https:\/\/www.sabine-seyffert.de\/blog\/wp-json\/wp\/v2\/posts\/4452\/revisions"}],"predecessor-version":[{"id":12829,"href":"https:\/\/www.sabine-seyffert.de\/blog\/wp-json\/wp\/v2\/posts\/4452\/revisions\/12829"}],"wp:attachment":[{"href":"https:\/\/www.sabine-seyffert.de\/blog\/wp-json\/wp\/v2\/media?parent=4452"}],"wp:term":[{"taxonomy":"category","embeddable":true,"href":"https:\/\/www.sabine-seyffert.de\/blog\/wp-json\/wp\/v2\/categories?post=4452"},{"taxonomy":"post_tag","embeddable":true,"href":"https:\/\/www.sabine-seyffert.de\/blog\/wp-json\/wp\/v2\/tags?post=4452"}],"curies":[{"name":"wp","href":"https:\/\/api.w.org\/{rel}","templated":true}]}}