{"id":4422,"date":"2014-08-09T15:12:19","date_gmt":"2014-08-09T13:12:19","guid":{"rendered":"http:\/\/www.sabine-seyffert.de\/blog\/?p=4422"},"modified":"2018-06-26T08:54:46","modified_gmt":"2018-06-26T06:54:46","slug":"ein-ausflug-zu-den-externsteinen","status":"publish","type":"post","link":"https:\/\/www.sabine-seyffert.de\/blog\/ein-ausflug-zu-den-externsteinen\/","title":{"rendered":"Ein Ausflug zu den Externsteinen"},"content":{"rendered":"<p style=\"text-align: center;\"><img loading=\"lazy\" decoding=\"async\" src=\"https:\/\/ssl-vg03.met.vgwort.de\/na\/2d43eddfa58547aa827d01ad69105063\" alt=\"\" width=\"1\" height=\"1\" \/><a href=\"http:\/\/www.sabine-seyffert.de\/blog\/wp-content\/uploads\/2014\/08\/E-1.jpg\"><img loading=\"lazy\" decoding=\"async\" class=\"alignnone size-full wp-image-4424\" src=\"http:\/\/www.sabine-seyffert.de\/blog\/wp-content\/uploads\/2014\/08\/E-1.jpg\" alt=\"E 1\" width=\"800\" height=\"600\" srcset=\"https:\/\/www.sabine-seyffert.de\/blog\/wp-content\/uploads\/2014\/08\/E-1.jpg 800w, https:\/\/www.sabine-seyffert.de\/blog\/wp-content\/uploads\/2014\/08\/E-1-300x225.jpg 300w\" sizes=\"auto, (max-width: 800px) 100vw, 800px\" \/><\/a><\/p>\n<p style=\"text-align: justify;\">Die Ferienzeit ist da und au\u00dferdem gibt es auch sonst viele Wochenenden, an denen wir gerne ins Gr\u00fcne und zu tollen Ausfl\u00fcgen starten. Dieses Mal haben wir ein langes Wochenende und reichlich gutes Wetter zu einem Ausflug genutzt. Unser Ziel: <a href=\"https:\/\/de.wikipedia.org\/wiki\/Externsteine\" target=\"_blank\" rel=\"noopener\">Die Externsteine<\/a>.<\/p>\n<p style=\"text-align: center;\"><a href=\"http:\/\/www.sabine-seyffert.de\/blog\/wp-content\/uploads\/2014\/08\/E-2.jpg\"><img loading=\"lazy\" decoding=\"async\" class=\"alignnone size-full wp-image-4427\" src=\"http:\/\/www.sabine-seyffert.de\/blog\/wp-content\/uploads\/2014\/08\/E-2.jpg\" alt=\"E 2\" width=\"600\" height=\"800\" srcset=\"https:\/\/www.sabine-seyffert.de\/blog\/wp-content\/uploads\/2014\/08\/E-2.jpg 600w, https:\/\/www.sabine-seyffert.de\/blog\/wp-content\/uploads\/2014\/08\/E-2-225x300.jpg 225w\" sizes=\"auto, (max-width: 600px) 100vw, 600px\" \/><\/a><\/p>\n<p style=\"text-align: justify;\">\u00dcber die Geschichte der sehr beeindruckenden, geheimnisvollen Externsteine wei\u00df man erstaunlicherweise wenig. Fast 50 Meter ragen sie allein stehend in die H\u00f6he auf und scheinen den Naturgesetzen zu trotzen. Und so stehen sie dort seit Jahrtausenden, und werden wohl schon immer Menschen angezogen haben.<\/p>\n<p style=\"text-align: center;\"><a href=\"http:\/\/www.sabine-seyffert.de\/blog\/wp-content\/uploads\/2014\/08\/E-3.jpg\"><img loading=\"lazy\" decoding=\"async\" class=\"alignnone size-full wp-image-4428\" src=\"http:\/\/www.sabine-seyffert.de\/blog\/wp-content\/uploads\/2014\/08\/E-3.jpg\" alt=\"E 3\" width=\"800\" height=\"600\" srcset=\"https:\/\/www.sabine-seyffert.de\/blog\/wp-content\/uploads\/2014\/08\/E-3.jpg 800w, https:\/\/www.sabine-seyffert.de\/blog\/wp-content\/uploads\/2014\/08\/E-3-300x225.jpg 300w\" sizes=\"auto, (max-width: 800px) 100vw, 800px\" \/><\/a><\/p>\n<p style=\"text-align: justify;\">Man kann sich gut vorstellen, wie Stammesversammlungen, Druidentreffen oder keltische Rituale auch schon in vorchristlicher Zeit an diesem magischen Kraftort abgehalten wurden &#8211; auch wenn es daf\u00fcr keine belastbaren Beweise gibt. Selbst als deutsches Stonehenge, also als Himmelsobservatorium, wurden die Externsteine gehandelt.<\/p>\n<p style=\"text-align: center;\"><a href=\"http:\/\/www.sabine-seyffert.de\/blog\/wp-content\/uploads\/2014\/08\/E-4.jpg\"><img loading=\"lazy\" decoding=\"async\" class=\"alignnone size-full wp-image-4429\" src=\"http:\/\/www.sabine-seyffert.de\/blog\/wp-content\/uploads\/2014\/08\/E-4.jpg\" alt=\"E 4\" width=\"800\" height=\"600\" srcset=\"https:\/\/www.sabine-seyffert.de\/blog\/wp-content\/uploads\/2014\/08\/E-4.jpg 800w, https:\/\/www.sabine-seyffert.de\/blog\/wp-content\/uploads\/2014\/08\/E-4-300x225.jpg 300w\" sizes=\"auto, (max-width: 800px) 100vw, 800px\" \/><\/a><\/p>\n<p style=\"text-align: justify;\">Auf alle F\u00e4lle sind sie auch heute noch eine Besucherattraktion, \u00fcber schmale in den Fels gehauene Stufen in Teilen sogar zu erklimmen &#8211; inklusive Br\u00fccke in schwindelerregender H\u00f6he. Wer sich traut und keine H\u00f6henangst hat, darf sich also auf den Weg nach oben machen!<\/p>\n<p style=\"text-align: center;\"><a href=\"http:\/\/www.sabine-seyffert.de\/blog\/wp-content\/uploads\/2014\/08\/E-5.jpg\"><img loading=\"lazy\" decoding=\"async\" class=\"alignnone size-full wp-image-4430\" src=\"http:\/\/www.sabine-seyffert.de\/blog\/wp-content\/uploads\/2014\/08\/E-5.jpg\" alt=\"E 5\" width=\"600\" height=\"800\" srcset=\"https:\/\/www.sabine-seyffert.de\/blog\/wp-content\/uploads\/2014\/08\/E-5.jpg 600w, https:\/\/www.sabine-seyffert.de\/blog\/wp-content\/uploads\/2014\/08\/E-5-225x300.jpg 225w\" sizes=\"auto, (max-width: 600px) 100vw, 600px\" \/><\/a><\/p>\n<p style=\"text-align: justify;\">Schon die Wanderung dorthin war so sch\u00f6n. Der Himmel herrlich blau, das viele Gr\u00fcn um uns herum erholsam und der Weg mit allerhand gem\u00fctlichen Pl\u00e4tzen zum Ausruhen oder auch zum Genie\u00dfen der Aussicht gepflastert.<\/p>\n<p style=\"text-align: center;\"><a href=\"http:\/\/www.sabine-seyffert.de\/blog\/wp-content\/uploads\/2014\/08\/E-6.jpg\"><img loading=\"lazy\" decoding=\"async\" class=\"alignnone size-full wp-image-4431\" src=\"http:\/\/www.sabine-seyffert.de\/blog\/wp-content\/uploads\/2014\/08\/E-6.jpg\" alt=\"E 6\" width=\"600\" height=\"800\" srcset=\"https:\/\/www.sabine-seyffert.de\/blog\/wp-content\/uploads\/2014\/08\/E-6.jpg 600w, https:\/\/www.sabine-seyffert.de\/blog\/wp-content\/uploads\/2014\/08\/E-6-225x300.jpg 225w\" sizes=\"auto, (max-width: 600px) 100vw, 600px\" \/><\/a><\/p>\n<p style=\"text-align: justify;\">An den Externsteinen selbst, tummeln sich im Gegensatz zu dem ausgesprochen ruhigen Wanderpfad, wahre Menschenmassen. Allerdings sind die Steine wirklich sehenswert und riesig, dass die vielen Menschen um sie herum ganz klein und nichtig erscheinen \ud83d\ude09<\/p>\n<p style=\"text-align: center;\"><a href=\"http:\/\/www.sabine-seyffert.de\/blog\/wp-content\/uploads\/2014\/08\/E-7.jpg\"><img loading=\"lazy\" decoding=\"async\" class=\"alignnone size-full wp-image-4432\" src=\"http:\/\/www.sabine-seyffert.de\/blog\/wp-content\/uploads\/2014\/08\/E-7.jpg\" alt=\"E 7\" width=\"600\" height=\"800\" srcset=\"https:\/\/www.sabine-seyffert.de\/blog\/wp-content\/uploads\/2014\/08\/E-7.jpg 600w, https:\/\/www.sabine-seyffert.de\/blog\/wp-content\/uploads\/2014\/08\/E-7-225x300.jpg 225w\" sizes=\"auto, (max-width: 600px) 100vw, 600px\" \/><\/a><\/p>\n<p style=\"text-align: justify;\">Auf dem R\u00fcckweg folgen wir dem belebteren, breiten Wanderweg und machen an der Gastst\u00e4tte, die dort praktischerweise liegt, eine kleine Rast. Ein St\u00fcck weiter kommen wir noch an dem Infozentrum vorbei, dass man besichtigen kann und dort auch weitere wissenswerte Dinge \u00fcber den Ort und seine Umgebung erf\u00e4hrt.<\/p>\n<p style=\"text-align: center;\"><a href=\"http:\/\/www.sabine-seyffert.de\/blog\/wp-content\/uploads\/2014\/08\/E-8.jpg\"><img loading=\"lazy\" decoding=\"async\" class=\"alignnone size-full wp-image-4433\" src=\"http:\/\/www.sabine-seyffert.de\/blog\/wp-content\/uploads\/2014\/08\/E-8.jpg\" alt=\"E 8\" width=\"600\" height=\"800\" srcset=\"https:\/\/www.sabine-seyffert.de\/blog\/wp-content\/uploads\/2014\/08\/E-8.jpg 600w, https:\/\/www.sabine-seyffert.de\/blog\/wp-content\/uploads\/2014\/08\/E-8-225x300.jpg 225w\" sizes=\"auto, (max-width: 600px) 100vw, 600px\" \/><\/a><\/p>\n<p style=\"text-align: justify;\">Das letzte St\u00fcck des Weges macht alle m\u00fcden Geister wieder munter, denn hier findet man eine riesige Baumschaukel (das sogenannte Vogelnest) und einen kleinen Kletterpfad (Baumstamm-Mikado). Langeweile kommt hier trotz wunderbarer Natur und Ruhe ganz sicher nicht auf!<\/p>\n<p style=\"text-align: center;\"><a href=\"http:\/\/www.sabine-seyffert.de\/blog\/wp-content\/uploads\/2014\/08\/E-10.jpg\"><img loading=\"lazy\" decoding=\"async\" class=\"alignnone size-full wp-image-4434\" src=\"http:\/\/www.sabine-seyffert.de\/blog\/wp-content\/uploads\/2014\/08\/E-10.jpg\" alt=\"E 10\" width=\"800\" height=\"600\" srcset=\"https:\/\/www.sabine-seyffert.de\/blog\/wp-content\/uploads\/2014\/08\/E-10.jpg 800w, https:\/\/www.sabine-seyffert.de\/blog\/wp-content\/uploads\/2014\/08\/E-10-300x225.jpg 300w\" sizes=\"auto, (max-width: 800px) 100vw, 800px\" \/><\/a><\/p>\n<p style=\"text-align: justify;\"><a href=\"http:\/\/www.sabine-seyffert.de\/blog\/?page_id=32#urheberrecht\">urheberrechtlich gesch\u00fctzt<\/a>, \u00a9 Sabine Seyffert<\/p>\n","protected":false},"excerpt":{"rendered":"<p>Die Ferienzeit ist da und au\u00dferdem gibt es auch sonst viele Wochenenden, an denen wir gerne ins Gr\u00fcne und zu tollen Ausfl\u00fcgen starten. Dieses Mal haben wir ein langes Wochenende und reichlich gutes Wetter zu einem Ausflug genutzt. Unser Ziel: Die Externsteine. \u00dcber die Geschichte der sehr beeindruckenden, geheimnisvollen Externsteine wei\u00df man erstaunlicherweise wenig. Fast&#8230; <a href=\"https:\/\/www.sabine-seyffert.de\/blog\/ein-ausflug-zu-den-externsteinen\/\" class=\"more-link\">Read more: Ein Ausflug zu den Externsteinen<\/a><\/p>\n","protected":false},"author":2,"featured_media":0,"comment_status":"open","ping_status":"open","sticky":false,"template":"","format":"standard","meta":{"_metis_text_type":"","_metis_text_length":2263,"_post_count":0,"footnotes":""},"categories":[39,38,24],"tags":[],"class_list":["post-4422","post","type-post","status-publish","format-standard","hentry","category-ausfluge-co","category-ferien","category-sommer"],"_links":{"self":[{"href":"https:\/\/www.sabine-seyffert.de\/blog\/wp-json\/wp\/v2\/posts\/4422","targetHints":{"allow":["GET"]}}],"collection":[{"href":"https:\/\/www.sabine-seyffert.de\/blog\/wp-json\/wp\/v2\/posts"}],"about":[{"href":"https:\/\/www.sabine-seyffert.de\/blog\/wp-json\/wp\/v2\/types\/post"}],"author":[{"embeddable":true,"href":"https:\/\/www.sabine-seyffert.de\/blog\/wp-json\/wp\/v2\/users\/2"}],"replies":[{"embeddable":true,"href":"https:\/\/www.sabine-seyffert.de\/blog\/wp-json\/wp\/v2\/comments?post=4422"}],"version-history":[{"count":4,"href":"https:\/\/www.sabine-seyffert.de\/blog\/wp-json\/wp\/v2\/posts\/4422\/revisions"}],"predecessor-version":[{"id":12830,"href":"https:\/\/www.sabine-seyffert.de\/blog\/wp-json\/wp\/v2\/posts\/4422\/revisions\/12830"}],"wp:attachment":[{"href":"https:\/\/www.sabine-seyffert.de\/blog\/wp-json\/wp\/v2\/media?parent=4422"}],"wp:term":[{"taxonomy":"category","embeddable":true,"href":"https:\/\/www.sabine-seyffert.de\/blog\/wp-json\/wp\/v2\/categories?post=4422"},{"taxonomy":"post_tag","embeddable":true,"href":"https:\/\/www.sabine-seyffert.de\/blog\/wp-json\/wp\/v2\/tags?post=4422"}],"curies":[{"name":"wp","href":"https:\/\/api.w.org\/{rel}","templated":true}]}}