{"id":4382,"date":"2014-07-26T10:39:03","date_gmt":"2014-07-26T08:39:03","guid":{"rendered":"http:\/\/www.sabine-seyffert.de\/blog\/?p=4382"},"modified":"2018-06-26T08:56:15","modified_gmt":"2018-06-26T06:56:15","slug":"theater-mitten-im-sommer","status":"publish","type":"post","link":"https:\/\/www.sabine-seyffert.de\/blog\/theater-mitten-im-sommer\/","title":{"rendered":"Theater mitten im Sommer"},"content":{"rendered":"<p style=\"text-align: justify;\"><img loading=\"lazy\" decoding=\"async\" src=\"https:\/\/ssl-vg03.met.vgwort.de\/na\/0d43df39a5374b1e84bccb2b462bc318\" alt=\"\" width=\"1\" height=\"1\" \/>In der Ferienzeit gibt es nicht nur allerhand freie Zeit zum Spielen, Spa\u00df haben und Herumgammeln, sondern auch einige Aktivit\u00e4ten, die die Urlaubszeit zu etwas ganz Besonderem machen. So beispielsweise das allj\u00e4hrliche Sommertheater auf der Hardt, das vom Haus der Jugend in Wuppertal pr\u00e4sentiert wird.<br \/>\nAn drei Sonntagen in den Sommerferien gibt es dort ein unterhaltsames Programm. Im letzten Jahr haben wir uns dort von dem aus Bremen stammende Theater \u201cMensch, Puppe!\u201d das St\u00fcck <a href=\"http:\/\/www.sabine-seyffert.de\/blog\/?p=2298\" target=\"_blank\" rel=\"noopener\">Schneewittchen<\/a> angeschaut und waren restlos begeistert.<\/p>\n<p style=\"text-align: center;\"><a href=\"http:\/\/www.sabine-seyffert.de\/blog\/wp-content\/uploads\/2014\/07\/11.jpg\"><img loading=\"lazy\" decoding=\"async\" class=\"alignnone size-full wp-image-4383\" src=\"http:\/\/www.sabine-seyffert.de\/blog\/wp-content\/uploads\/2014\/07\/11.jpg\" alt=\"1\" width=\"600\" height=\"800\" srcset=\"https:\/\/www.sabine-seyffert.de\/blog\/wp-content\/uploads\/2014\/07\/11.jpg 600w, https:\/\/www.sabine-seyffert.de\/blog\/wp-content\/uploads\/2014\/07\/11-225x300.jpg 225w\" sizes=\"auto, (max-width: 600px) 100vw, 600px\" \/><\/a><\/p>\n<p style=\"text-align: justify;\">Daher haben wir uns in diesem Jahr schon auf die neuen Veranstaltungen gefreut. Am vorletzten Sonntag ging es recht musikalisch zu. Da haben Zaches und die Grenzg\u00e4nger das Publikum mit \u201eDunkel war\u2019s der Mond schien helle\u201c mit ihren Kinderliedern unterhalten. Die luden zum Mitmachen und Mitsingen ein.<\/p>\n<p style=\"text-align: center;\"><a href=\"http:\/\/www.sabine-seyffert.de\/blog\/wp-content\/uploads\/2014\/07\/21.jpg\"><img loading=\"lazy\" decoding=\"async\" class=\"alignnone size-full wp-image-4384\" src=\"http:\/\/www.sabine-seyffert.de\/blog\/wp-content\/uploads\/2014\/07\/21.jpg\" alt=\"2\" width=\"600\" height=\"800\" srcset=\"https:\/\/www.sabine-seyffert.de\/blog\/wp-content\/uploads\/2014\/07\/21.jpg 600w, https:\/\/www.sabine-seyffert.de\/blog\/wp-content\/uploads\/2014\/07\/21-225x300.jpg 225w\" sizes=\"auto, (max-width: 600px) 100vw, 600px\" \/><\/a><\/p>\n<p style=\"text-align: justify;\">Am vergangenen Wochenende wartete im Rahmen des Sommertheaters &#8220;Die gnadenlose Clownshow&#8221; auf seine Besucher. Aufgrund des Wetters fand die Veranstaltung nicht im Freien sondern mitten im Gew\u00e4chshaus statt. W\u00e4hrend die \u201egro\u00dfen\u201c Besucher auf den B\u00e4nken Platz nehmen konnten, tummelte sich das j\u00fcngere Publikum ganz vorne auf den bunten Teppichen um dem St\u00fcck zu folgen.<\/p>\n<p><a href=\"http:\/\/www.sabine-seyffert.de\/blog\/wp-content\/uploads\/2014\/07\/31.jpg\"><img loading=\"lazy\" decoding=\"async\" class=\"size-full wp-image-4385 aligncenter\" src=\"http:\/\/www.sabine-seyffert.de\/blog\/wp-content\/uploads\/2014\/07\/31.jpg\" alt=\"3\" width=\"600\" height=\"801\" srcset=\"https:\/\/www.sabine-seyffert.de\/blog\/wp-content\/uploads\/2014\/07\/31.jpg 600w, https:\/\/www.sabine-seyffert.de\/blog\/wp-content\/uploads\/2014\/07\/31-224x300.jpg 224w\" sizes=\"auto, (max-width: 600px) 100vw, 600px\" \/><\/a><\/p>\n<p style=\"text-align: justify;\">Wer nun denkt es sei ja ganz gem\u00fctlich diesem Clowntheater zuzuschauen, der t\u00e4uscht. Denn Paul, der Clown, spielt mit seinen zahlreichen G\u00e4sten und bezieht diese in seine Show regelm\u00e4\u00dfig mit ein. Selbst die Erwachsenen sind hierbei gefragt und d\u00fcrfen in seinem St\u00fcck verschiedene Gastrollen \u00fcbernehmen. Dies macht die Clownsshow ganz wunderbar lebendig. Auch als Clown Paul zwischendurch der Hunger plagt, sind die kleinen Besucher sofort zur Stelle und helfen ihm dabei ein k\u00f6stliches Fr\u00fchst\u00fccksei zu braten und in der K\u00fcche, pardon auf der B\u00fchne meinte ich nat\u00fcrlich, wieder f\u00fcr Sauberkeit und Ordnung zu sorgen.<\/p>\n<p style=\"text-align: center;\"><a href=\"http:\/\/www.sabine-seyffert.de\/blog\/wp-content\/uploads\/2014\/07\/4.jpg\"><img loading=\"lazy\" decoding=\"async\" class=\"alignnone size-full wp-image-4386\" src=\"http:\/\/www.sabine-seyffert.de\/blog\/wp-content\/uploads\/2014\/07\/4.jpg\" alt=\"4\" width=\"600\" height=\"710\" srcset=\"https:\/\/www.sabine-seyffert.de\/blog\/wp-content\/uploads\/2014\/07\/4.jpg 600w, https:\/\/www.sabine-seyffert.de\/blog\/wp-content\/uploads\/2014\/07\/4-253x300.jpg 253w\" sizes=\"auto, (max-width: 600px) 100vw, 600px\" \/><\/a><\/p>\n<p style=\"text-align: justify;\">Auch am morgigen Sonntag steht wieder eine Auff\u00fchrung an. Ein Besuch lohnt sich ganz sicher. Vorab kann man dann noch den <a href=\"http:\/\/www.sabine-seyffert.de\/blog\/?p=1752\" target=\"_blank\" rel=\"noopener\">Botanischen Garten<\/a> besuchen, sich <a href=\"http:\/\/www.sabine-seyffert.de\/blog\/?p=1641\" target=\"_blank\" rel=\"noopener\">im Wasser<\/a> abk\u00fchlen, die Aussicht \u00fcber ganz Wuppertal <a href=\"http:\/\/www.sabine-seyffert.de\/blog\/?p=2342\" target=\"_blank\" rel=\"noopener\">vom Elisenturm<\/a> aus genie\u00dfen oder sich auf einem der Spielpl\u00e4tze etwas austoben \ud83d\ude42<\/p>\n<p style=\"text-align: center;\"><a href=\"http:\/\/www.sabine-seyffert.de\/blog\/wp-content\/uploads\/2014\/07\/5.jpg\"><img loading=\"lazy\" decoding=\"async\" class=\"alignnone size-full wp-image-4387\" src=\"http:\/\/www.sabine-seyffert.de\/blog\/wp-content\/uploads\/2014\/07\/5.jpg\" alt=\"5\" width=\"800\" height=\"569\" srcset=\"https:\/\/www.sabine-seyffert.de\/blog\/wp-content\/uploads\/2014\/07\/5.jpg 800w, https:\/\/www.sabine-seyffert.de\/blog\/wp-content\/uploads\/2014\/07\/5-300x213.jpg 300w\" sizes=\"auto, (max-width: 800px) 100vw, 800px\" \/><\/a><\/p>\n<p style=\"text-align: justify;\">Zum Schluss ein Dank an Wolfgang Schneller vom Theater Tiefflieger f\u00fcr die Erlaubnis die Fotos seiner Clownshow hier zeigen zu d\u00fcrfen.<\/p>\n<p style=\"text-align: center;\"><a href=\"http:\/\/www.sabine-seyffert.de\/blog\/wp-content\/uploads\/2014\/07\/A-111.jpg\"><img loading=\"lazy\" decoding=\"async\" class=\"alignnone size-full wp-image-4388\" src=\"http:\/\/www.sabine-seyffert.de\/blog\/wp-content\/uploads\/2014\/07\/A-111.jpg\" alt=\"A 11\" width=\"600\" height=\"800\" srcset=\"https:\/\/www.sabine-seyffert.de\/blog\/wp-content\/uploads\/2014\/07\/A-111.jpg 600w, https:\/\/www.sabine-seyffert.de\/blog\/wp-content\/uploads\/2014\/07\/A-111-225x300.jpg 225w\" sizes=\"auto, (max-width: 600px) 100vw, 600px\" \/><\/a><\/p>\n<p><a href=\"http:\/\/www.sabine-seyffert.de\/blog\/?page_id=32#urheberrecht\">urheberrechtlich gesch\u00fctzt<\/a>, \u00a9 Sabine Seyffert<\/p>\n","protected":false},"excerpt":{"rendered":"<p>In der Ferienzeit gibt es nicht nur allerhand freie Zeit zum Spielen, Spa\u00df haben und Herumgammeln, sondern auch einige Aktivit\u00e4ten, die die Urlaubszeit zu etwas ganz Besonderem machen. So beispielsweise das allj\u00e4hrliche Sommertheater auf der Hardt, das vom Haus der Jugend in Wuppertal pr\u00e4sentiert wird. An drei Sonntagen in den Sommerferien gibt es dort ein&#8230; <a href=\"https:\/\/www.sabine-seyffert.de\/blog\/theater-mitten-im-sommer\/\" class=\"more-link\">Read more: Theater mitten im Sommer<\/a><\/p>\n","protected":false},"author":2,"featured_media":0,"comment_status":"open","ping_status":"open","sticky":false,"template":"","format":"standard","meta":{"_metis_text_type":"","_metis_text_length":2307,"_post_count":0,"footnotes":""},"categories":[39,38,24],"tags":[],"class_list":["post-4382","post","type-post","status-publish","format-standard","hentry","category-ausfluge-co","category-ferien","category-sommer"],"_links":{"self":[{"href":"https:\/\/www.sabine-seyffert.de\/blog\/wp-json\/wp\/v2\/posts\/4382","targetHints":{"allow":["GET"]}}],"collection":[{"href":"https:\/\/www.sabine-seyffert.de\/blog\/wp-json\/wp\/v2\/posts"}],"about":[{"href":"https:\/\/www.sabine-seyffert.de\/blog\/wp-json\/wp\/v2\/types\/post"}],"author":[{"embeddable":true,"href":"https:\/\/www.sabine-seyffert.de\/blog\/wp-json\/wp\/v2\/users\/2"}],"replies":[{"embeddable":true,"href":"https:\/\/www.sabine-seyffert.de\/blog\/wp-json\/wp\/v2\/comments?post=4382"}],"version-history":[{"count":9,"href":"https:\/\/www.sabine-seyffert.de\/blog\/wp-json\/wp\/v2\/posts\/4382\/revisions"}],"predecessor-version":[{"id":12831,"href":"https:\/\/www.sabine-seyffert.de\/blog\/wp-json\/wp\/v2\/posts\/4382\/revisions\/12831"}],"wp:attachment":[{"href":"https:\/\/www.sabine-seyffert.de\/blog\/wp-json\/wp\/v2\/media?parent=4382"}],"wp:term":[{"taxonomy":"category","embeddable":true,"href":"https:\/\/www.sabine-seyffert.de\/blog\/wp-json\/wp\/v2\/categories?post=4382"},{"taxonomy":"post_tag","embeddable":true,"href":"https:\/\/www.sabine-seyffert.de\/blog\/wp-json\/wp\/v2\/tags?post=4382"}],"curies":[{"name":"wp","href":"https:\/\/api.w.org\/{rel}","templated":true}]}}