{"id":4372,"date":"2014-07-24T10:38:36","date_gmt":"2014-07-24T08:38:36","guid":{"rendered":"http:\/\/www.sabine-seyffert.de\/blog\/?p=4372"},"modified":"2018-01-23T16:58:18","modified_gmt":"2018-01-23T14:58:18","slug":"traeumen-auf-der-sommerwiese","status":"publish","type":"post","link":"https:\/\/www.sabine-seyffert.de\/blog\/traeumen-auf-der-sommerwiese\/","title":{"rendered":"Tr\u00e4umen auf der Sommerwiese&#8230;"},"content":{"rendered":"<p style=\"text-align: justify;\"><img loading=\"lazy\" decoding=\"async\" src=\"https:\/\/ssl-vg03.met.vgwort.de\/na\/ec2e409c7a1f4e6b967ae1b56b645a5e\" alt=\"\" width=\"1\" height=\"1\" \/>Jetzt wo die Sonne uns mit ihrer wohltuenden W\u00e4rme verw\u00f6hnt und die Tage l\u00e4nger werden, findet man am Abend oft nicht so gut in den Schlaf wie sonst. Dem Nachwuchs geht es da erfahrungsgem\u00e4\u00df nicht anders. Aber vielleicht l\u00e4dt diese klitzekleine Fl\u00fcstergeschichte die Kinder dazu ein, die Augen schnell zu schlie\u00dfen, tief durchzuatmen und ganz sanft ins Land der Tr\u00e4ume zu gelangen. Psst, es geht los:<\/p>\n<p style=\"text-align: center;\"><a href=\"http:\/\/www.sabine-seyffert.de\/blog\/wp-content\/uploads\/2014\/07\/1.jpg\"><img loading=\"lazy\" decoding=\"async\" class=\"alignnone size-full wp-image-4373\" src=\"http:\/\/www.sabine-seyffert.de\/blog\/wp-content\/uploads\/2014\/07\/1.jpg\" alt=\"1\" width=\"600\" height=\"800\" srcset=\"https:\/\/www.sabine-seyffert.de\/blog\/wp-content\/uploads\/2014\/07\/1.jpg 600w, https:\/\/www.sabine-seyffert.de\/blog\/wp-content\/uploads\/2014\/07\/1-225x300.jpg 225w\" sizes=\"auto, (max-width: 600px) 100vw, 600px\" \/><\/a><\/p>\n<p style=\"text-align: justify;\"><em>Lege dich ganz bequem hin und schlie\u00dfe deine Augen\u2026<\/em><\/p>\n<p style=\"text-align: justify;\">=&gt; Dem Kind einen Moment Zeit geben sich richtig hinzulegen und zur Ruhe zu kommen.<\/p>\n<p style=\"text-align: justify;\"><em>Stell dir nun mal vor, deine Hand ist eine gr\u00fcne Sommerwiese. Das Gras ist herrlich saftig und die langen Halme tanzen im leichten Abendwind daher\u2026<\/em><\/p>\n<p style=\"text-align: justify;\">=&gt; Eine Hand des liegenden Kindes in die eigene Hand nehmen und diese mit der anderen Hand sanft streicheln und mit leichtem Druck die langen, wehenden Grashalme auf die Haut \u201emalen\u201c.<\/p>\n<p style=\"text-align: justify;\"><em>Aber auf der Wiese findest du nicht nur einen weichen Teppich aus Gras, sondern auch lauter bunte Blumen. Schau mal, du kannst sie richtig sp\u00fcren\u2026<\/em><\/p>\n<p style=\"text-align: justify;\">=&gt; Mit der massierenden Hand den Kinderarm weiter nach oben gehen und Blumen auf die Haut massieren: P\u00fcnktchen, Kreise und andere Formen, die man am besten mit dem Finger auf die Haut malt und dabei den Arm langsam nach oben massiert.<\/p>\n<p style=\"text-align: center;\"><a href=\"http:\/\/www.sabine-seyffert.de\/blog\/wp-content\/uploads\/2014\/07\/2.jpg\"><img loading=\"lazy\" decoding=\"async\" class=\"alignnone size-full wp-image-4375\" src=\"http:\/\/www.sabine-seyffert.de\/blog\/wp-content\/uploads\/2014\/07\/2.jpg\" alt=\"2\" width=\"800\" height=\"600\" srcset=\"https:\/\/www.sabine-seyffert.de\/blog\/wp-content\/uploads\/2014\/07\/2.jpg 800w, https:\/\/www.sabine-seyffert.de\/blog\/wp-content\/uploads\/2014\/07\/2-300x225.jpg 300w\" sizes=\"auto, (max-width: 800px) 100vw, 800px\" \/><\/a><\/p>\n<p style=\"text-align: justify;\"><em>Und da kommt sogar ein kleiner Schmetterling angeflogen, der die wundersch\u00f6ne Sommerwiese entdeckt hat! Er fliegt ganz gem\u00fctlich in das Licht, der untergehenden Sonne und dreht ein paar Runden\u2026<\/em><\/p>\n<p style=\"text-align: justify;\">=&gt; Mit Zeigefinger oder Daumen kreisende Bewegungen des Schmetterlings auf den Arm massieren. Diese sollten in ruhigem, m\u00f6glichst gleichm\u00e4\u00dfigem Tempo gestreichelt werden, da die Fl\u00fcstergeschichte ja beruhigend wirken soll \ud83d\ude09<\/p>\n<p style=\"text-align: justify;\"><em>Auch du erfreust sich an den letzten Strahlen der untergehenden Sonne und verabschiedest dich von dem Tag. Dabei genie\u00dft du die wohltuende W\u00e4rme der Sonne noch einmal. Das tut vielleicht gut\u2026<\/em><\/p>\n<p style=\"text-align: justify;\">=&gt; Beide Handfl\u00e4chen schnell und fest aneinander reiben und wenn diese schon warm sind, beide \u00fcber die Schulter des Arms legen, der bis jetzt massiert wurde. Dort bleiben die warmen H\u00e4nde so lange ruhig liegen, bis die W\u00e4rme sp\u00fcrbar nach l\u00e4sst.<\/p>\n<p style=\"text-align: justify;\"><em>Nun ist die Sonne am Horizont verschwunden. Ein sch\u00f6ner Tag liegt nun hinter dir. Auch der kleine Schmetterling ist m\u00fcde geworden. Er landet auf deinem Ohr\u2026 Schl\u00fcpft hinein\u2026 Und schl\u00e4ft dort ganz schnell ein\u2026 Gute Nacht!<\/em><\/p>\n<p style=\"text-align: justify;\">=&gt; Mit dem Zeigefinger auf dem Ohrl\u00e4ppchen landen, dieses zwischen Zeigefinger und Daumen sanft kneten und dann ganz vorsichtig ins Ohr schl\u00fcpfen.<\/p>\n<p style=\"text-align: center;\"><a href=\"http:\/\/www.sabine-seyffert.de\/blog\/wp-content\/uploads\/2014\/07\/3.jpg\"><img loading=\"lazy\" decoding=\"async\" class=\"alignnone size-full wp-image-4374\" src=\"http:\/\/www.sabine-seyffert.de\/blog\/wp-content\/uploads\/2014\/07\/3.jpg\" alt=\"3\" width=\"800\" height=\"600\" srcset=\"https:\/\/www.sabine-seyffert.de\/blog\/wp-content\/uploads\/2014\/07\/3.jpg 800w, https:\/\/www.sabine-seyffert.de\/blog\/wp-content\/uploads\/2014\/07\/3-300x225.jpg 300w\" sizes=\"auto, (max-width: 800px) 100vw, 800px\" \/><\/a><\/p>\n<p style=\"text-align: justify;\">Als kr\u00f6nenden Abschluss gibt es noch einen Gute Nacht Kuss und dann ab ins Traumland!<\/p>\n<p style=\"text-align: justify;\">Wer weitere Fl\u00fcstergeschichten sucht, wird in <a href=\"http:\/\/www.sabine-seyffert.de\/blog\/?cat=27\" target=\"_blank\" rel=\"noopener\">dieser Rubrik<\/a> f\u00fcndig. Weitere hilfreiche Tipps und Ideen zum Einschlafen sowie eine gr\u00f6\u00dfere Auswahl an Fl\u00fcstergeschichten finden sich in meinem Buch \u201e<a href=\"http:\/\/sabine-seyffert.de\/buch1.php?i=56&amp;q=\" target=\"_blank\" rel=\"noopener\">Bald schon kommt der Sandmann<\/a>\u201c aus dem K\u00f6sel Verlag.<\/p>\n<p style=\"text-align: justify;\">\u00dcbrigens war ich gestern bei Sonja auf ihrem Blog wert-voll zu Gast. Wer neugierig ist, schaut einfach mal vorbei!<\/p>\n<p style=\"text-align: justify;\"><a href=\"http:\/\/www.sabine-seyffert.de\/blog\/?page_id=32#urheberrecht\">urheberrechtlich gesch\u00fctzt<\/a>, \u00a9 Sabine Seyffert<\/p>\n","protected":false},"excerpt":{"rendered":"<p>Jetzt wo die Sonne uns mit ihrer wohltuenden W\u00e4rme verw\u00f6hnt und die Tage l\u00e4nger werden, findet man am Abend oft nicht so gut in den Schlaf wie sonst. Dem Nachwuchs geht es da erfahrungsgem\u00e4\u00df nicht anders. Aber vielleicht l\u00e4dt diese klitzekleine Fl\u00fcstergeschichte die Kinder dazu ein, die Augen schnell zu schlie\u00dfen, tief durchzuatmen und ganz&#8230; <a href=\"https:\/\/www.sabine-seyffert.de\/blog\/traeumen-auf-der-sommerwiese\/\" class=\"more-link\">Read more: Tr\u00e4umen auf der Sommerwiese&#8230;<\/a><\/p>\n","protected":false},"author":2,"featured_media":0,"comment_status":"open","ping_status":"open","sticky":false,"template":"","format":"standard","meta":{"_metis_text_type":"","_metis_text_length":2987,"_post_count":0,"footnotes":""},"categories":[4,13,24,42],"tags":[],"class_list":["post-4372","post","type-post","status-publish","format-standard","hentry","category-fantasiereisen","category-massagen","category-sommer","category-zu-gast-bei"],"_links":{"self":[{"href":"https:\/\/www.sabine-seyffert.de\/blog\/wp-json\/wp\/v2\/posts\/4372","targetHints":{"allow":["GET"]}}],"collection":[{"href":"https:\/\/www.sabine-seyffert.de\/blog\/wp-json\/wp\/v2\/posts"}],"about":[{"href":"https:\/\/www.sabine-seyffert.de\/blog\/wp-json\/wp\/v2\/types\/post"}],"author":[{"embeddable":true,"href":"https:\/\/www.sabine-seyffert.de\/blog\/wp-json\/wp\/v2\/users\/2"}],"replies":[{"embeddable":true,"href":"https:\/\/www.sabine-seyffert.de\/blog\/wp-json\/wp\/v2\/comments?post=4372"}],"version-history":[{"count":8,"href":"https:\/\/www.sabine-seyffert.de\/blog\/wp-json\/wp\/v2\/posts\/4372\/revisions"}],"predecessor-version":[{"id":11787,"href":"https:\/\/www.sabine-seyffert.de\/blog\/wp-json\/wp\/v2\/posts\/4372\/revisions\/11787"}],"wp:attachment":[{"href":"https:\/\/www.sabine-seyffert.de\/blog\/wp-json\/wp\/v2\/media?parent=4372"}],"wp:term":[{"taxonomy":"category","embeddable":true,"href":"https:\/\/www.sabine-seyffert.de\/blog\/wp-json\/wp\/v2\/categories?post=4372"},{"taxonomy":"post_tag","embeddable":true,"href":"https:\/\/www.sabine-seyffert.de\/blog\/wp-json\/wp\/v2\/tags?post=4372"}],"curies":[{"name":"wp","href":"https:\/\/api.w.org\/{rel}","templated":true}]}}