{"id":4346,"date":"2014-07-18T18:44:26","date_gmt":"2014-07-18T16:44:26","guid":{"rendered":"http:\/\/www.sabine-seyffert.de\/blog\/?p=4346"},"modified":"2017-03-02T17:34:25","modified_gmt":"2017-03-02T15:34:25","slug":"sommertraum-im-glas","status":"publish","type":"post","link":"https:\/\/www.sabine-seyffert.de\/blog\/sommertraum-im-glas\/","title":{"rendered":"Sommertraum im Glas"},"content":{"rendered":"<p style=\"text-align: justify;\"><img loading=\"lazy\" decoding=\"async\" src=\"https:\/\/ssl-vg03.met.vgwort.de\/na\/aaae473009e24890a798a180cff9c5dd\" alt=\"\" width=\"1\" height=\"1\" \/>Der Sommer hat begonnen, die Sonne lacht und es gibt derzeit allerhand leckere Fr\u00fcchte, die die Jahreszeit so mit sich bringt. Besonders begehrt sind zum Fr\u00fchst\u00fcck selbstgemachte Marmeladen. Insbesondere Erdbeermarmelade.<\/p>\n<p style=\"text-align: center;\"><a href=\"http:\/\/www.sabine-seyffert.de\/blog\/wp-content\/uploads\/2014\/07\/A-12.jpg\"><img loading=\"lazy\" decoding=\"async\" class=\"alignnone size-full wp-image-4347\" src=\"http:\/\/www.sabine-seyffert.de\/blog\/wp-content\/uploads\/2014\/07\/A-12.jpg\" alt=\"A 1\" width=\"800\" height=\"600\" srcset=\"https:\/\/www.sabine-seyffert.de\/blog\/wp-content\/uploads\/2014\/07\/A-12.jpg 800w, https:\/\/www.sabine-seyffert.de\/blog\/wp-content\/uploads\/2014\/07\/A-12-300x225.jpg 300w\" sizes=\"auto, (max-width: 800px) 100vw, 800px\" \/><\/a><\/p>\n<p style=\"text-align: justify;\">Und diese in etlichen Variationen. Vor kurzem habe ich in der K\u00fcche meiner Fantasie mal wieder freien Lauf gelassen und meine Schokoladenliebe mit zuckers\u00fc\u00dfen Erdbeeren verbunden. Als waschechter Sommertraum im Glas sozusagen. Da wir diese Variante f\u00fcr ausgesprochen k\u00f6stlich befunden haben, eignet sich diese auch ganz prima als Geschenk aus der K\u00fcche, f\u00fcr <a href=\"http:\/\/www.sabine-seyffert.de\/blog\/?p=4321\" target=\"_blank\">leckeres Geb\u00e4ck<\/a> und kleines Mitbringsel. Daher schnell an die roten Fr\u00fcchtchen und die Schokolade!<\/p>\n<p style=\"text-align: center;\"><a href=\"http:\/\/www.sabine-seyffert.de\/blog\/wp-content\/uploads\/2014\/07\/A-22.jpg\"><img loading=\"lazy\" decoding=\"async\" class=\"alignnone size-full wp-image-4348\" src=\"http:\/\/www.sabine-seyffert.de\/blog\/wp-content\/uploads\/2014\/07\/A-22.jpg\" alt=\"A 2\" width=\"800\" height=\"600\" srcset=\"https:\/\/www.sabine-seyffert.de\/blog\/wp-content\/uploads\/2014\/07\/A-22.jpg 800w, https:\/\/www.sabine-seyffert.de\/blog\/wp-content\/uploads\/2014\/07\/A-22-300x225.jpg 300w\" sizes=\"auto, (max-width: 800px) 100vw, 800px\" \/><\/a><\/p>\n<p style=\"text-align: justify;\"><strong>Das wird gebraucht:<\/strong><br \/>\n900 gr Erdbeeren (bereits von Stil und Gr\u00fcn befreit!), 1 kg Gelierzucker 1:1, gemahlene Vanille, 80 gr wei\u00dfe Schokolade, 1 Tropfen Bittermandel Aroma, leere Marmeladengl\u00e4ser (sauber, gesp\u00fclt und trocken) mit passendem Deckel<\/p>\n<p style=\"text-align: center;\"><a href=\"http:\/\/www.sabine-seyffert.de\/blog\/wp-content\/uploads\/2014\/07\/A-32.jpg\"><img loading=\"lazy\" decoding=\"async\" class=\"alignnone size-full wp-image-4349\" src=\"http:\/\/www.sabine-seyffert.de\/blog\/wp-content\/uploads\/2014\/07\/A-32.jpg\" alt=\"A 3\" width=\"800\" height=\"600\" srcset=\"https:\/\/www.sabine-seyffert.de\/blog\/wp-content\/uploads\/2014\/07\/A-32.jpg 800w, https:\/\/www.sabine-seyffert.de\/blog\/wp-content\/uploads\/2014\/07\/A-32-300x225.jpg 300w\" sizes=\"auto, (max-width: 800px) 100vw, 800px\" \/><\/a><\/p>\n<p style=\"text-align: justify;\"><strong>So wird\u2019s gemacht:<\/strong><br \/>\nAm besten bereitet man zuerst die Schokolade vor. Diese packt man aus und legt sie auf ein gro\u00dfes Brettchen. Mit Hilfe eines gro\u00dfen Messers hakt man diese in lauter kleine St\u00fcckchen.<\/p>\n<p style=\"text-align: center;\"><a href=\"http:\/\/www.sabine-seyffert.de\/blog\/wp-content\/uploads\/2014\/07\/A-42.jpg\"><img loading=\"lazy\" decoding=\"async\" class=\"alignnone size-full wp-image-4350\" src=\"http:\/\/www.sabine-seyffert.de\/blog\/wp-content\/uploads\/2014\/07\/A-42.jpg\" alt=\"A 4\" width=\"800\" height=\"600\" srcset=\"https:\/\/www.sabine-seyffert.de\/blog\/wp-content\/uploads\/2014\/07\/A-42.jpg 800w, https:\/\/www.sabine-seyffert.de\/blog\/wp-content\/uploads\/2014\/07\/A-42-300x225.jpg 300w\" sizes=\"auto, (max-width: 800px) 100vw, 800px\" \/><\/a><\/p>\n<p style=\"text-align: justify;\">Die Erdbeeren gibt man in einen gro\u00dfen Topf und p\u00fcriert diese gr\u00fcndlich durch bis alle Fr\u00fcchte zu einem feinen Mus verarbeitet sind. Nun den gesamten Gelierzucker dazugeben und unter st\u00e4ndigem R\u00fchren zum Kochen bringen.<\/p>\n<p style=\"text-align: center;\"><a href=\"http:\/\/www.sabine-seyffert.de\/blog\/wp-content\/uploads\/2014\/07\/A-52.jpg\"><img loading=\"lazy\" decoding=\"async\" class=\"alignnone size-full wp-image-4351\" src=\"http:\/\/www.sabine-seyffert.de\/blog\/wp-content\/uploads\/2014\/07\/A-52.jpg\" alt=\"A 5\" width=\"800\" height=\"600\" srcset=\"https:\/\/www.sabine-seyffert.de\/blog\/wp-content\/uploads\/2014\/07\/A-52.jpg 800w, https:\/\/www.sabine-seyffert.de\/blog\/wp-content\/uploads\/2014\/07\/A-52-300x225.jpg 300w\" sizes=\"auto, (max-width: 800px) 100vw, 800px\" \/><\/a><\/p>\n<p style=\"text-align: justify;\">Sobald die Fruchtmasse k\u00f6chelt auf die Uhr schauen \u2013 die Marmelade sollte 4 Minuten kochen. Auch hierbei st\u00e4ndig weiterr\u00fchren, damit nichts anbrennt!<\/p>\n<p style=\"text-align: center;\"><a href=\"http:\/\/www.sabine-seyffert.de\/blog\/wp-content\/uploads\/2014\/07\/A-61.jpg\"><img loading=\"lazy\" decoding=\"async\" class=\"alignnone size-full wp-image-4352\" src=\"http:\/\/www.sabine-seyffert.de\/blog\/wp-content\/uploads\/2014\/07\/A-61.jpg\" alt=\"A 6\" width=\"600\" height=\"800\" srcset=\"https:\/\/www.sabine-seyffert.de\/blog\/wp-content\/uploads\/2014\/07\/A-61.jpg 600w, https:\/\/www.sabine-seyffert.de\/blog\/wp-content\/uploads\/2014\/07\/A-61-225x300.jpg 225w\" sizes=\"auto, (max-width: 600px) 100vw, 600px\" \/><\/a><\/p>\n<p style=\"text-align: justify;\">Wenn die vier Minuten um sind, etwas gemahlene Vanille und den Tropfen Bittermandel dazugeben und unterr\u00fchren. Die Marmeladengl\u00e4ser \u00f6ffnen und bereitstellen. Unmittelbar vor dem Umf\u00fcllen, die gehakte Schokolade in die Erdbeerzuckermasse sch\u00fctten, umr\u00fchren und dann schnell in die leeren Gl\u00e4ser f\u00fcllen. Anschlie\u00dfend alle Gl\u00e4ser sofort verschlie\u00dfen.<\/p>\n<p style=\"text-align: center;\"><a href=\"http:\/\/www.sabine-seyffert.de\/blog\/wp-content\/uploads\/2014\/07\/A-7.jpg\"><img loading=\"lazy\" decoding=\"async\" class=\"alignnone size-full wp-image-4353\" src=\"http:\/\/www.sabine-seyffert.de\/blog\/wp-content\/uploads\/2014\/07\/A-7.jpg\" alt=\"A 7\" width=\"800\" height=\"600\" srcset=\"https:\/\/www.sabine-seyffert.de\/blog\/wp-content\/uploads\/2014\/07\/A-7.jpg 800w, https:\/\/www.sabine-seyffert.de\/blog\/wp-content\/uploads\/2014\/07\/A-7-300x225.jpg 300w\" sizes=\"auto, (max-width: 800px) 100vw, 800px\" \/><\/a><\/p>\n<p style=\"text-align: justify;\"><strong>Ein kleiner Tipp:<\/strong><br \/>\nMit nettem Schild oder selbstgemachten Label versehen, sind die bef\u00fcllten Marmeladengl\u00e4ser wirklich ein perfektes Sommergeschenk!<\/p>\n<p style=\"text-align: justify;\"><a href=\"http:\/\/www.sabine-seyffert.de\/blog\/?page_id=32#urheberrecht\">urheberrechtlich gesch\u00fctzt<\/a>, \u00a9 Sabine Seyffert<\/p>\n","protected":false},"excerpt":{"rendered":"<p>Der Sommer hat begonnen, die Sonne lacht und es gibt derzeit allerhand leckere Fr\u00fcchte, die die Jahreszeit so mit sich bringt. Besonders begehrt sind zum Fr\u00fchst\u00fcck selbstgemachte Marmeladen. Insbesondere Erdbeermarmelade. Und diese in etlichen Variationen. Vor kurzem habe ich in der K\u00fcche meiner Fantasie mal wieder freien Lauf gelassen und meine Schokoladenliebe mit zuckers\u00fc\u00dfen Erdbeeren&#8230; <a href=\"https:\/\/www.sabine-seyffert.de\/blog\/sommertraum-im-glas\/\" class=\"more-link\">Read more: Sommertraum im Glas<\/a><\/p>\n","protected":false},"author":2,"featured_media":0,"comment_status":"open","ping_status":"open","sticky":false,"template":"","format":"standard","meta":{"_metis_text_type":"","_metis_text_length":2037,"_post_count":0,"footnotes":""},"categories":[43,36,31,24],"tags":[],"class_list":["post-4346","post","type-post","status-publish","format-standard","hentry","category-geschenke-aus-der-kueche","category-klitzekleine-geschenkideen","category-rezepte-suse-kuchen-co","category-sommer"],"_links":{"self":[{"href":"https:\/\/www.sabine-seyffert.de\/blog\/wp-json\/wp\/v2\/posts\/4346","targetHints":{"allow":["GET"]}}],"collection":[{"href":"https:\/\/www.sabine-seyffert.de\/blog\/wp-json\/wp\/v2\/posts"}],"about":[{"href":"https:\/\/www.sabine-seyffert.de\/blog\/wp-json\/wp\/v2\/types\/post"}],"author":[{"embeddable":true,"href":"https:\/\/www.sabine-seyffert.de\/blog\/wp-json\/wp\/v2\/users\/2"}],"replies":[{"embeddable":true,"href":"https:\/\/www.sabine-seyffert.de\/blog\/wp-json\/wp\/v2\/comments?post=4346"}],"version-history":[{"count":3,"href":"https:\/\/www.sabine-seyffert.de\/blog\/wp-json\/wp\/v2\/posts\/4346\/revisions"}],"predecessor-version":[{"id":9731,"href":"https:\/\/www.sabine-seyffert.de\/blog\/wp-json\/wp\/v2\/posts\/4346\/revisions\/9731"}],"wp:attachment":[{"href":"https:\/\/www.sabine-seyffert.de\/blog\/wp-json\/wp\/v2\/media?parent=4346"}],"wp:term":[{"taxonomy":"category","embeddable":true,"href":"https:\/\/www.sabine-seyffert.de\/blog\/wp-json\/wp\/v2\/categories?post=4346"},{"taxonomy":"post_tag","embeddable":true,"href":"https:\/\/www.sabine-seyffert.de\/blog\/wp-json\/wp\/v2\/tags?post=4346"}],"curies":[{"name":"wp","href":"https:\/\/api.w.org\/{rel}","templated":true}]}}