{"id":4296,"date":"2014-07-03T14:31:30","date_gmt":"2014-07-03T12:31:30","guid":{"rendered":"http:\/\/www.sabine-seyffert.de\/blog\/?p=4296"},"modified":"2017-03-02T17:38:38","modified_gmt":"2017-03-02T15:38:38","slug":"mit-schafskaese-gefuellt-fuers-picknick-grillfest-oder-einfach-so","status":"publish","type":"post","link":"https:\/\/www.sabine-seyffert.de\/blog\/mit-schafskaese-gefuellt-fuers-picknick-grillfest-oder-einfach-so\/","title":{"rendered":"Mit Schafsk\u00e4se gef\u00fcllt \u2013 f\u00fcrs Picknick, Grillfest oder einfach so\u2026"},"content":{"rendered":"<p style=\"text-align: justify;\"><img loading=\"lazy\" decoding=\"async\" src=\"https:\/\/ssl-vg03.met.vgwort.de\/na\/a39b3db21a5545bfb2b5803b366e84cf\" alt=\"\" width=\"1\" height=\"1\" \/>Wenn der Sommer naht, dann ist es wieder an der Zeit f\u00fcr ein fr\u00f6hliches Picknick im Gr\u00fcnen, ein gem\u00fctliches Grillfest oder <a href=\"http:\/\/www.sabine-seyffert.de\/blog\/?cat=39\" target=\"_blank\">spannende Ausfl\u00fcge<\/a>. Was hierbei immer ein Hit sind, sind selbstgebackene Teigtaschen mit frischem Schafsk\u00e4se gef\u00fcllt \u2013 einfach lecker! Und weil diese schneller weg sind, als man gucken kann, gibt es hier das passende Rezept dazu!<\/p>\n<p style=\"text-align: center;\"><a href=\"http:\/\/www.sabine-seyffert.de\/blog\/wp-content\/uploads\/2014\/07\/A-1.jpg\"><img loading=\"lazy\" decoding=\"async\" class=\"alignnone size-full wp-image-4297\" src=\"http:\/\/www.sabine-seyffert.de\/blog\/wp-content\/uploads\/2014\/07\/A-1.jpg\" alt=\"A 1\" width=\"800\" height=\"600\" srcset=\"https:\/\/www.sabine-seyffert.de\/blog\/wp-content\/uploads\/2014\/07\/A-1.jpg 800w, https:\/\/www.sabine-seyffert.de\/blog\/wp-content\/uploads\/2014\/07\/A-1-300x225.jpg 300w\" sizes=\"auto, (max-width: 800px) 100vw, 800px\" \/><\/a><\/p>\n<p style=\"text-align: justify;\"><strong>Das wird gebraucht:<\/strong><br \/>\n500 gr. Mehl, 1 Packung Backpulver, Salz, \u00bd W\u00fcrfel frische Hefe, 100 ml Oliven\u00f6l, warmes Wasser, 200 gr Schafsk\u00e4se, 1 Zwiebel, 1 Knoblauchzehe, eine Prise Kreuzk\u00fcmmel, Pfeffer, \u00bd Bund Petersilie, 1 Eigelb sowie\u00a0 etwas schwarzen K\u00fcmmel zum Bestreuen.<\/p>\n<p style=\"text-align: center;\"><a href=\"http:\/\/www.sabine-seyffert.de\/blog\/wp-content\/uploads\/2014\/07\/A-3.jpg\"><img loading=\"lazy\" decoding=\"async\" class=\"alignnone size-full wp-image-4298\" src=\"http:\/\/www.sabine-seyffert.de\/blog\/wp-content\/uploads\/2014\/07\/A-3.jpg\" alt=\"A 3\" width=\"600\" height=\"800\" srcset=\"https:\/\/www.sabine-seyffert.de\/blog\/wp-content\/uploads\/2014\/07\/A-3.jpg 600w, https:\/\/www.sabine-seyffert.de\/blog\/wp-content\/uploads\/2014\/07\/A-3-225x300.jpg 225w\" sizes=\"auto, (max-width: 600px) 100vw, 600px\" \/><\/a><\/p>\n<p style=\"text-align: justify;\"><strong>So wird\u2019s gemacht:<\/strong><br \/>\nIn einer gro\u00dfen Sch\u00fcssel vermengt man das Mehl m\u00f6glichst gleichm\u00e4\u00dfig mit dem Backpulver, Salz und der Hefe. Dar\u00fcber gibt man das Oliven\u00f6l und gibt nach und nach das warme Wasser hinzu. Dabei knetet man den Teig gut durch. Wenn nichts mehr an den H\u00e4nden klebt und man die Zutaten zu einer gro\u00dfen Teigkugel rollen kann, l\u00e4sst man den Teig f\u00fcr ca. 60 Minuten ruhen. Eine genaue Anleitung f\u00fcr den Hefeteig findet ihr <a href=\"http:\/\/www.sabine-seyffert.de\/blog\/?p=2123\" target=\"_blank\">hier.<\/a><\/p>\n<p style=\"text-align: center;\"><a href=\"http:\/\/www.sabine-seyffert.de\/blog\/wp-content\/uploads\/2014\/07\/A-2.jpg\"><img loading=\"lazy\" decoding=\"async\" class=\"alignnone size-full wp-image-4299\" src=\"http:\/\/www.sabine-seyffert.de\/blog\/wp-content\/uploads\/2014\/07\/A-2.jpg\" alt=\"A 2\" width=\"800\" height=\"600\" srcset=\"https:\/\/www.sabine-seyffert.de\/blog\/wp-content\/uploads\/2014\/07\/A-2.jpg 800w, https:\/\/www.sabine-seyffert.de\/blog\/wp-content\/uploads\/2014\/07\/A-2-300x225.jpg 300w\" sizes=\"auto, (max-width: 800px) 100vw, 800px\" \/><\/a><\/p>\n<p style=\"text-align: justify;\">Kurz bevor der Teig fertig ist, w\u00fcrfelt man eine Zwiebel m\u00f6glichst klein. Dann br\u00f6selt man den gesamten Schafsk\u00e4se in eine Sch\u00fcssel, presst eine Knoblauchzehe hinein, r\u00fchrt die Zwiebel unter und vermengt das Ganze mit etwas Pfeffer und Kreuzk\u00fcmmel. Extra salzen muss man die F\u00fcllung nicht, da der Feta schon recht w\u00fcrzig ist.<\/p>\n<p style=\"text-align: center;\"><a href=\"http:\/\/www.sabine-seyffert.de\/blog\/wp-content\/uploads\/2014\/07\/A-5.jpg\"><img loading=\"lazy\" decoding=\"async\" class=\"alignnone size-full wp-image-4300\" src=\"http:\/\/www.sabine-seyffert.de\/blog\/wp-content\/uploads\/2014\/07\/A-5.jpg\" alt=\"A 5\" width=\"800\" height=\"600\" srcset=\"https:\/\/www.sabine-seyffert.de\/blog\/wp-content\/uploads\/2014\/07\/A-5.jpg 800w, https:\/\/www.sabine-seyffert.de\/blog\/wp-content\/uploads\/2014\/07\/A-5-300x225.jpg 300w\" sizes=\"auto, (max-width: 800px) 100vw, 800px\" \/><\/a><\/p>\n<p style=\"text-align: justify;\">Dann schneidet man die Petersilie wie <a href=\"http:\/\/www.sabine-seyffert.de\/blog\/?p=2066\" target=\"_blank\">hier<\/a> beschrieben ganz klein und hebt diese unter die Schafsk\u00e4semasse. Nun sollte der Hefeteig fertig sein. Diesen knetet man nochmals gr\u00fcndlich durch und nimmt einen etwa e\u00dfl\u00f6ffelgro\u00dfe Kugel Teig ab. Diese formt man zu einem d\u00fcnnen Oval und gibt 1-2 Teel\u00f6ffel der Schafsk\u00e4semischung darauf. Dann klappt man den Teig zusammen und dr\u00fcckt die \u00e4u\u00dferen R\u00e4nder gut zusammen, damit diese beim Backen nicht aufgehen.<\/p>\n<p style=\"text-align: center;\"><a href=\"http:\/\/www.sabine-seyffert.de\/blog\/wp-content\/uploads\/2014\/07\/A-6.jpg\"><img loading=\"lazy\" decoding=\"async\" class=\"alignnone size-full wp-image-4301\" src=\"http:\/\/www.sabine-seyffert.de\/blog\/wp-content\/uploads\/2014\/07\/A-6.jpg\" alt=\"A 6\" width=\"800\" height=\"600\" srcset=\"https:\/\/www.sabine-seyffert.de\/blog\/wp-content\/uploads\/2014\/07\/A-6.jpg 800w, https:\/\/www.sabine-seyffert.de\/blog\/wp-content\/uploads\/2014\/07\/A-6-300x225.jpg 300w\" sizes=\"auto, (max-width: 800px) 100vw, 800px\" \/><\/a><\/p>\n<p style=\"text-align: justify;\">Anschlie\u00dfend mit etwas Eigelb bestreichen und eine Prise schwarzen K\u00fcmmel darauf geben. Die gef\u00fcllten Teigtaschen legt man auf ein gefettetes oder mit Backpapier ausgelegtes Blech und b\u00e4ckt diese bei 170 C Grad f\u00fcr circa 20 Minuten, bis die Taschen oben leicht gebr\u00e4unt sind.<\/p>\n<p style=\"text-align: justify;\"><a href=\"http:\/\/www.sabine-seyffert.de\/blog\/wp-content\/uploads\/2014\/07\/A-4.jpg\"><img loading=\"lazy\" decoding=\"async\" class=\"alignnone size-full wp-image-4302\" src=\"http:\/\/www.sabine-seyffert.de\/blog\/wp-content\/uploads\/2014\/07\/A-4.jpg\" alt=\"A 4\" width=\"800\" height=\"600\" srcset=\"https:\/\/www.sabine-seyffert.de\/blog\/wp-content\/uploads\/2014\/07\/A-4.jpg 800w, https:\/\/www.sabine-seyffert.de\/blog\/wp-content\/uploads\/2014\/07\/A-4-300x225.jpg 300w\" sizes=\"auto, (max-width: 800px) 100vw, 800px\" \/><\/a><\/p>\n<p style=\"text-align: justify;\">Genie\u00dft die Sonne &amp; guten Appetit!<\/p>\n<p style=\"text-align: justify;\"><a href=\"http:\/\/www.sabine-seyffert.de\/blog\/?page_id=32#urheberrecht\">urheberrechtlich gesch\u00fctzt<\/a>, \u00a9 Sabine Seyffert<\/p>\n<p style=\"text-align: justify;\">\n","protected":false},"excerpt":{"rendered":"<p>Wenn der Sommer naht, dann ist es wieder an der Zeit f\u00fcr ein fr\u00f6hliches Picknick im Gr\u00fcnen, ein gem\u00fctliches Grillfest oder spannende Ausfl\u00fcge. Was hierbei immer ein Hit sind, sind selbstgebackene Teigtaschen mit frischem Schafsk\u00e4se gef\u00fcllt \u2013 einfach lecker! Und weil diese schneller weg sind, als man gucken kann, gibt es hier das passende Rezept&#8230; <a href=\"https:\/\/www.sabine-seyffert.de\/blog\/mit-schafskaese-gefuellt-fuers-picknick-grillfest-oder-einfach-so\/\" class=\"more-link\">Read more: Mit Schafsk\u00e4se gef\u00fcllt \u2013 f\u00fcrs Picknick, Grillfest oder einfach so\u2026<\/a><\/p>\n","protected":false},"author":2,"featured_media":0,"comment_status":"open","ping_status":"open","sticky":false,"template":"","format":"standard","meta":{"_metis_text_type":"","_metis_text_length":2194,"_post_count":0,"footnotes":""},"categories":[30,24],"tags":[],"class_list":["post-4296","post","type-post","status-publish","format-standard","hentry","category-rezepte-herzhaft","category-sommer"],"_links":{"self":[{"href":"https:\/\/www.sabine-seyffert.de\/blog\/wp-json\/wp\/v2\/posts\/4296","targetHints":{"allow":["GET"]}}],"collection":[{"href":"https:\/\/www.sabine-seyffert.de\/blog\/wp-json\/wp\/v2\/posts"}],"about":[{"href":"https:\/\/www.sabine-seyffert.de\/blog\/wp-json\/wp\/v2\/types\/post"}],"author":[{"embeddable":true,"href":"https:\/\/www.sabine-seyffert.de\/blog\/wp-json\/wp\/v2\/users\/2"}],"replies":[{"embeddable":true,"href":"https:\/\/www.sabine-seyffert.de\/blog\/wp-json\/wp\/v2\/comments?post=4296"}],"version-history":[{"count":10,"href":"https:\/\/www.sabine-seyffert.de\/blog\/wp-json\/wp\/v2\/posts\/4296\/revisions"}],"predecessor-version":[{"id":9737,"href":"https:\/\/www.sabine-seyffert.de\/blog\/wp-json\/wp\/v2\/posts\/4296\/revisions\/9737"}],"wp:attachment":[{"href":"https:\/\/www.sabine-seyffert.de\/blog\/wp-json\/wp\/v2\/media?parent=4296"}],"wp:term":[{"taxonomy":"category","embeddable":true,"href":"https:\/\/www.sabine-seyffert.de\/blog\/wp-json\/wp\/v2\/categories?post=4296"},{"taxonomy":"post_tag","embeddable":true,"href":"https:\/\/www.sabine-seyffert.de\/blog\/wp-json\/wp\/v2\/tags?post=4296"}],"curies":[{"name":"wp","href":"https:\/\/api.w.org\/{rel}","templated":true}]}}