{"id":4270,"date":"2014-07-01T06:25:34","date_gmt":"2014-07-01T04:25:34","guid":{"rendered":"http:\/\/www.sabine-seyffert.de\/blog\/?p=4270"},"modified":"2024-06-05T11:30:14","modified_gmt":"2024-06-05T09:30:14","slug":"wann-sind-wir-endlich-da","status":"publish","type":"post","link":"https:\/\/www.sabine-seyffert.de\/blog\/wann-sind-wir-endlich-da\/","title":{"rendered":"Wann sind wir endlich da?!"},"content":{"rendered":"<p style=\"text-align: justify;\"><img loading=\"lazy\" decoding=\"async\" src=\"https:\/\/ssl-vg03.met.vgwort.de\/na\/a4800cc446084c948d36198dbda7d5c0\" alt=\"\" width=\"1\" height=\"1\" \/>Die Ferienzeit steht kurz bevor. Ich kann mich noch gut an die Zeit erinnern, w\u00e4hrend der ich mich geschworen habe <strong>nie wieder<\/strong> in Urlaub zu fahren, da die Kinderhorde vorbildlich im Wechsel n\u00f6rgelten, das Baby schrie, eines der Kinder st\u00e4ndig versuchte sich aus dem Kindersitz zu befreien und ein anderes w\u00e4hrenddessen unerm\u00fcdlich fragte: \u201eWann sind wir endlich da?!\u201c<\/p>\n<p style=\"text-align: center;\"><a href=\"https:\/\/www.sabine-seyffert.de\/blog\/wp-content\/uploads\/2014\/07\/Wann-sind-wir-endlich-da-Sabine-Seyffert.de-1.jpg\"><img loading=\"lazy\" decoding=\"async\" class=\"alignnone size-full wp-image-28036\" src=\"https:\/\/www.sabine-seyffert.de\/blog\/wp-content\/uploads\/2014\/07\/Wann-sind-wir-endlich-da-Sabine-Seyffert.de-1.jpg\" alt=\"\" width=\"800\" height=\"600\" srcset=\"https:\/\/www.sabine-seyffert.de\/blog\/wp-content\/uploads\/2014\/07\/Wann-sind-wir-endlich-da-Sabine-Seyffert.de-1.jpg 800w, https:\/\/www.sabine-seyffert.de\/blog\/wp-content\/uploads\/2014\/07\/Wann-sind-wir-endlich-da-Sabine-Seyffert.de-1-300x225.jpg 300w, https:\/\/www.sabine-seyffert.de\/blog\/wp-content\/uploads\/2014\/07\/Wann-sind-wir-endlich-da-Sabine-Seyffert.de-1-768x576.jpg 768w\" sizes=\"auto, (max-width: 800px) 100vw, 800px\" \/><\/a><\/p>\n<p style=\"text-align: justify;\">Da \u201eNie wieder in Urlaub zu fahren!\u201c nat\u00fcrlich keine L\u00f6sung ist, sollte ein anderes Mittel gefunden werden, damit alle heil &amp; unversehrt am Urlaubsziel ankommen und auch weiterhin die Ferien genie\u00dfen k\u00f6nnen.<\/p>\n<p style=\"text-align: center;\"><a href=\"https:\/\/www.sabine-seyffert.de\/blog\/wp-content\/uploads\/2014\/07\/Wann-sind-wir-endlich-da-Sabine-Seyffert.de-2.jpg\"><img loading=\"lazy\" decoding=\"async\" class=\"alignnone size-full wp-image-28037\" src=\"https:\/\/www.sabine-seyffert.de\/blog\/wp-content\/uploads\/2014\/07\/Wann-sind-wir-endlich-da-Sabine-Seyffert.de-2.jpg\" alt=\"\" width=\"800\" height=\"600\" srcset=\"https:\/\/www.sabine-seyffert.de\/blog\/wp-content\/uploads\/2014\/07\/Wann-sind-wir-endlich-da-Sabine-Seyffert.de-2.jpg 800w, https:\/\/www.sabine-seyffert.de\/blog\/wp-content\/uploads\/2014\/07\/Wann-sind-wir-endlich-da-Sabine-Seyffert.de-2-300x225.jpg 300w, https:\/\/www.sabine-seyffert.de\/blog\/wp-content\/uploads\/2014\/07\/Wann-sind-wir-endlich-da-Sabine-Seyffert.de-2-768x576.jpg 768w\" sizes=\"auto, (max-width: 800px) 100vw, 800px\" \/><\/a><\/p>\n<p style=\"text-align: justify;\"><em>Wie<\/em> man Kinder w\u00e4hrend einer langen Autofahrt besch\u00e4ftigen kann ist nat\u00fcrlich ganz unterschiedlich und h\u00e4ngt nicht nur vom jeweiligen Kind, sondern auch von seinem Alter ab. Ebenso ist eine \u201elange\u201c Fahrt reine Ansichtssache. Wo ein Kind ein ganz geduldiger Mitfahrer ist, meckert ein anderes vielleicht bereits bevor man die erste Autobahnauffahrt erreicht hat.<\/p>\n<p style=\"text-align: center;\"><a href=\"http:\/\/www.sabine-seyffert.de\/blog\/wp-content\/uploads\/2014\/06\/A-11.jpg\"><img loading=\"lazy\" decoding=\"async\" class=\"alignnone size-full wp-image-4271\" src=\"http:\/\/www.sabine-seyffert.de\/blog\/wp-content\/uploads\/2014\/06\/A-11.jpg\" alt=\"A 1\" width=\"800\" height=\"600\" srcset=\"https:\/\/www.sabine-seyffert.de\/blog\/wp-content\/uploads\/2014\/06\/A-11.jpg 800w, https:\/\/www.sabine-seyffert.de\/blog\/wp-content\/uploads\/2014\/06\/A-11-300x225.jpg 300w\" sizes=\"auto, (max-width: 800px) 100vw, 800px\" \/><\/a><\/p>\n<p style=\"text-align: justify;\">Folgende Tricks und Ideen haben bei uns bislang immer geholfen oder zumindest zeitweise f\u00fcr willkommene Abwechslung gesorgt:<\/p>\n<p style=\"text-align: center;\"><a href=\"http:\/\/www.sabine-seyffert.de\/blog\/wp-content\/uploads\/2014\/06\/A-51.jpg\"><img loading=\"lazy\" decoding=\"async\" class=\"alignnone size-full wp-image-4272\" src=\"http:\/\/www.sabine-seyffert.de\/blog\/wp-content\/uploads\/2014\/06\/A-51.jpg\" alt=\"A 5\" width=\"800\" height=\"600\" srcset=\"https:\/\/www.sabine-seyffert.de\/blog\/wp-content\/uploads\/2014\/06\/A-51.jpg 800w, https:\/\/www.sabine-seyffert.de\/blog\/wp-content\/uploads\/2014\/06\/A-51-300x225.jpg 300w\" sizes=\"auto, (max-width: 800px) 100vw, 800px\" \/><\/a><\/p>\n<p style=\"text-align: justify;\">* Ein Schwung an B\u00fcchern im Mini Format oder auch Pixi B\u00fccher. Darin l\u00e4sst sich eine Weile bl\u00e4ttern, schauen und entdecken, auch wenn nicht vorgelesen wird. Und diese nehmen auch nicht soviel Platz weg wie gro\u00dfe Bilderb\u00fccher, die man unterwegs schlecht verstauen kann.<\/p>\n<p style=\"text-align: center;\"><a href=\"http:\/\/www.sabine-seyffert.de\/blog\/wp-content\/uploads\/2014\/06\/A-111.jpg\"><img loading=\"lazy\" decoding=\"async\" class=\"alignnone size-full wp-image-4273\" src=\"http:\/\/www.sabine-seyffert.de\/blog\/wp-content\/uploads\/2014\/06\/A-111.jpg\" alt=\"A 11\" width=\"800\" height=\"547\" srcset=\"https:\/\/www.sabine-seyffert.de\/blog\/wp-content\/uploads\/2014\/06\/A-111.jpg 800w, https:\/\/www.sabine-seyffert.de\/blog\/wp-content\/uploads\/2014\/06\/A-111-300x205.jpg 300w\" sizes=\"auto, (max-width: 800px) 100vw, 800px\" \/><\/a><\/p>\n<p style=\"text-align: justify;\">* Ein kleiner Malblock mit Stiften oder noch besser eine \u201eZaubertafel\u201c, auf der man die Bilder mit einem Rutsch wieder wegzaubern und neu malen kann.<\/p>\n<p style=\"text-align: center;\"><a href=\"https:\/\/www.sabine-seyffert.de\/blog\/wp-content\/uploads\/2014\/07\/Wann-sind-wir-endlich-da-Sabine-Seyffert.de-3.jpg\"><img loading=\"lazy\" decoding=\"async\" class=\"alignnone size-full wp-image-28038\" src=\"https:\/\/www.sabine-seyffert.de\/blog\/wp-content\/uploads\/2014\/07\/Wann-sind-wir-endlich-da-Sabine-Seyffert.de-3.jpg\" alt=\"\" width=\"600\" height=\"800\" srcset=\"https:\/\/www.sabine-seyffert.de\/blog\/wp-content\/uploads\/2014\/07\/Wann-sind-wir-endlich-da-Sabine-Seyffert.de-3.jpg 600w, https:\/\/www.sabine-seyffert.de\/blog\/wp-content\/uploads\/2014\/07\/Wann-sind-wir-endlich-da-Sabine-Seyffert.de-3-225x300.jpg 225w\" sizes=\"auto, (max-width: 600px) 100vw, 600px\" \/><\/a><\/p>\n<p style=\"text-align: justify;\">* Quizbl\u00f6cke, Bandolino &amp; Co. Diese sind ebenfalls klein und handlich, so dass man sie in einer kleinen Tasche, dem Rucksack o.\u00e4. verstauen kann. Diese gibt es f\u00fcr jede Altersstufe und die Kinder k\u00f6nnen dem Alter entsprechend Aufgaben l\u00f6sen und sind abgelenkt.<\/p>\n<p style=\"text-align: center;\"><a href=\"https:\/\/www.sabine-seyffert.de\/blog\/wp-content\/uploads\/2014\/07\/Wann-sind-wir-endlich-da-Sabine-Seyffert.de-4.jpg\"><img loading=\"lazy\" decoding=\"async\" class=\"alignnone size-full wp-image-28039\" src=\"https:\/\/www.sabine-seyffert.de\/blog\/wp-content\/uploads\/2014\/07\/Wann-sind-wir-endlich-da-Sabine-Seyffert.de-4.jpg\" alt=\"\" width=\"600\" height=\"800\" srcset=\"https:\/\/www.sabine-seyffert.de\/blog\/wp-content\/uploads\/2014\/07\/Wann-sind-wir-endlich-da-Sabine-Seyffert.de-4.jpg 600w, https:\/\/www.sabine-seyffert.de\/blog\/wp-content\/uploads\/2014\/07\/Wann-sind-wir-endlich-da-Sabine-Seyffert.de-4-225x300.jpg 225w\" sizes=\"auto, (max-width: 600px) 100vw, 600px\" \/><\/a><\/p>\n<p style=\"text-align: justify;\">* Ein kleines Fernglas \u2013 damit lassen sich w\u00e4hrend der Fahrt recht viele Dinge in der Ferne entdecken und aufsp\u00fcren.<\/p>\n<p style=\"text-align: center;\"><a href=\"http:\/\/www.sabine-seyffert.de\/blog\/wp-content\/uploads\/2014\/06\/A-21.jpg\"><img loading=\"lazy\" decoding=\"async\" class=\"alignnone size-full wp-image-4274\" src=\"http:\/\/www.sabine-seyffert.de\/blog\/wp-content\/uploads\/2014\/06\/A-21.jpg\" alt=\"A 2\" width=\"600\" height=\"800\" srcset=\"https:\/\/www.sabine-seyffert.de\/blog\/wp-content\/uploads\/2014\/06\/A-21.jpg 600w, https:\/\/www.sabine-seyffert.de\/blog\/wp-content\/uploads\/2014\/06\/A-21-225x300.jpg 225w\" sizes=\"auto, (max-width: 600px) 100vw, 600px\" \/><\/a><\/p>\n<p style=\"text-align: justify;\">* Kennzeichen erraten \u2013 woher kommen die Autos denn \u00fcberhaupt? Lassen sich die Kennzeichen, die man auf der Fahrt an anderen Fahrzeugen entdeckt, \u00fcberhaupt einer Stadt zuordnen?<\/p>\n<p style=\"text-align: center;\"><a href=\"http:\/\/www.sabine-seyffert.de\/blog\/wp-content\/uploads\/2014\/06\/A-61.jpg\"><img loading=\"lazy\" decoding=\"async\" class=\"alignnone size-full wp-image-4275\" src=\"http:\/\/www.sabine-seyffert.de\/blog\/wp-content\/uploads\/2014\/06\/A-61.jpg\" alt=\"A 6\" width=\"600\" height=\"800\" srcset=\"https:\/\/www.sabine-seyffert.de\/blog\/wp-content\/uploads\/2014\/06\/A-61.jpg 600w, https:\/\/www.sabine-seyffert.de\/blog\/wp-content\/uploads\/2014\/06\/A-61-225x300.jpg 225w\" sizes=\"auto, (max-width: 600px) 100vw, 600px\" \/><\/a><\/p>\n<p style=\"text-align: justify;\">* Welche Marke ist es blo\u00df? Manche Hersteller lassen sich anhand des Logos ganz schnell erraten und zuordnen. Aber vielleicht gibt es weitere Dinge, die f\u00fcr dieses Auto typisch sind \u2013 wer wei\u00df sie?<\/p>\n<p style=\"text-align: center;\"><a href=\"http:\/\/www.sabine-seyffert.de\/blog\/wp-content\/uploads\/2014\/06\/A-12.jpg\"><img loading=\"lazy\" decoding=\"async\" class=\"alignnone size-full wp-image-4276\" src=\"http:\/\/www.sabine-seyffert.de\/blog\/wp-content\/uploads\/2014\/06\/A-12.jpg\" alt=\"A 12\" width=\"600\" height=\"800\" srcset=\"https:\/\/www.sabine-seyffert.de\/blog\/wp-content\/uploads\/2014\/06\/A-12.jpg 600w, https:\/\/www.sabine-seyffert.de\/blog\/wp-content\/uploads\/2014\/06\/A-12-225x300.jpg 225w\" sizes=\"auto, (max-width: 600px) 100vw, 600px\" \/><\/a><\/p>\n<p style=\"text-align: justify;\">* <em>Im Fr\u00fchtau zu Berge wir ziehn fallera<\/em> \u2013 keine Bange, au\u00dfer den engsten Familienmitgliedern h\u00f6rt niemand zu. Singen macht einfach gute Laune und vertreibt die Zeit. Gemeinsam singen macht au\u00dferdem gro\u00dfen Spa\u00df! Wer kennt die meisten Strophen?<\/p>\n<p style=\"text-align: center;\"><a href=\"http:\/\/www.sabine-seyffert.de\/blog\/wp-content\/uploads\/2014\/06\/A-31.jpg\"><img loading=\"lazy\" decoding=\"async\" class=\"alignnone size-full wp-image-4277\" src=\"http:\/\/www.sabine-seyffert.de\/blog\/wp-content\/uploads\/2014\/06\/A-31.jpg\" alt=\"A 3\" width=\"800\" height=\"600\" srcset=\"https:\/\/www.sabine-seyffert.de\/blog\/wp-content\/uploads\/2014\/06\/A-31.jpg 800w, https:\/\/www.sabine-seyffert.de\/blog\/wp-content\/uploads\/2014\/06\/A-31-300x225.jpg 300w\" sizes=\"auto, (max-width: 800px) 100vw, 800px\" \/><\/a><\/p>\n<p style=\"text-align: justify;\">* Kinderkassetten &amp; CD auf keinen Fall vergessen. Auch wenn man selbst lieber etwas anderes h\u00f6ren m\u00f6chte, mit diesen \u201eSch\u00e4tzen\u201c kann man die Langeweile in jedem Fall f\u00fcr eine Zeit lang sehr gut vertreiben.<\/p>\n<p style=\"text-align: center;\"><a href=\"http:\/\/www.sabine-seyffert.de\/blog\/wp-content\/uploads\/2014\/06\/A-71.jpg\"><img loading=\"lazy\" decoding=\"async\" class=\"alignnone size-full wp-image-4278\" src=\"http:\/\/www.sabine-seyffert.de\/blog\/wp-content\/uploads\/2014\/06\/A-71.jpg\" alt=\"A 7\" width=\"800\" height=\"600\" srcset=\"https:\/\/www.sabine-seyffert.de\/blog\/wp-content\/uploads\/2014\/06\/A-71.jpg 800w, https:\/\/www.sabine-seyffert.de\/blog\/wp-content\/uploads\/2014\/06\/A-71-300x225.jpg 300w\" sizes=\"auto, (max-width: 800px) 100vw, 800px\" \/><\/a><\/p>\n<p style=\"text-align: justify;\">* Mal eine Pause einlegen um sich die Beine zu vertreten. Das ist auf Park- und Rastpl\u00e4tzen sicher nicht ganz einfach. Aber anschlie\u00dfend sind alle Unruhegeister in jedem Fall deutlich gebannter \ud83d\ude42<\/p>\n<p style=\"text-align: center;\"><a href=\"http:\/\/www.sabine-seyffert.de\/blog\/wp-content\/uploads\/2014\/06\/A-13.jpg\"><img loading=\"lazy\" decoding=\"async\" class=\"alignnone size-full wp-image-4279\" src=\"http:\/\/www.sabine-seyffert.de\/blog\/wp-content\/uploads\/2014\/06\/A-13.jpg\" alt=\"A 13\" width=\"600\" height=\"800\" srcset=\"https:\/\/www.sabine-seyffert.de\/blog\/wp-content\/uploads\/2014\/06\/A-13.jpg 600w, https:\/\/www.sabine-seyffert.de\/blog\/wp-content\/uploads\/2014\/06\/A-13-225x300.jpg 225w\" sizes=\"auto, (max-width: 600px) 100vw, 600px\" \/><\/a><\/p>\n<p style=\"text-align: justify;\">* Mit mehreren Leuten &amp; Autos unterwegs in den Urlaub? Eine ganz hilfreiche M\u00f6glichkeit war bei uns, einfach mal die Kinder im Austausch in das andere Auto wechseln zu lassen. Das wirkt manchmal wahre Wunder! Und im \u201efremden\u201c Auto l\u00e4sst sich der eigene Nachwuchs erfahrungsgem\u00e4\u00df auch nicht so gehen\u2026<\/p>\n<p style=\"text-align: center;\"><a href=\"http:\/\/www.sabine-seyffert.de\/blog\/wp-content\/uploads\/2014\/06\/A-41.jpg\"><img loading=\"lazy\" decoding=\"async\" class=\"alignnone size-full wp-image-4280\" src=\"http:\/\/www.sabine-seyffert.de\/blog\/wp-content\/uploads\/2014\/06\/A-41.jpg\" alt=\"A 4\" width=\"800\" height=\"600\" srcset=\"https:\/\/www.sabine-seyffert.de\/blog\/wp-content\/uploads\/2014\/06\/A-41.jpg 800w, https:\/\/www.sabine-seyffert.de\/blog\/wp-content\/uploads\/2014\/06\/A-41-300x225.jpg 300w\" sizes=\"auto, (max-width: 800px) 100vw, 800px\" \/><\/a><\/p>\n<p style=\"text-align: justify;\">* Ein kleines Nickerchen tut einfach gut \u2013 wer mag packt einfach <a href=\"http:\/\/www.sabine-seyffert.de\/blog\/?p=4122\" target=\"_blank\" rel=\"noopener\">ein kleines Kissen<\/a> ein und macht die Augen zu. Wer dabei einschl\u00e4ft, umso besser! Denn der hat ein ganzes St\u00fcck Fahrt verschlafen und unbemerkt hinter sich gebracht!<\/p>\n<p style=\"text-align: center;\"><a href=\"http:\/\/www.sabine-seyffert.de\/blog\/wp-content\/uploads\/2014\/06\/A-81.jpg\"><img loading=\"lazy\" decoding=\"async\" class=\"alignnone size-full wp-image-4281\" src=\"http:\/\/www.sabine-seyffert.de\/blog\/wp-content\/uploads\/2014\/06\/A-81.jpg\" alt=\"A 8\" width=\"800\" height=\"600\" srcset=\"https:\/\/www.sabine-seyffert.de\/blog\/wp-content\/uploads\/2014\/06\/A-81.jpg 800w, https:\/\/www.sabine-seyffert.de\/blog\/wp-content\/uploads\/2014\/06\/A-81-300x225.jpg 300w\" sizes=\"auto, (max-width: 800px) 100vw, 800px\" \/><\/a><\/p>\n<p style=\"text-align: justify;\">* Auf Ferienfahrten wird bei uns die Spieltasche am Autositz am Abend zuvor heimlich neu best\u00fcckt: Kleine Geduldsspiele, eine Kinderzeitung, kleine B\u00fccher, ein Kaleidoskop, eine Trinkflasche mit Wasser und andere Kleinigkeiten finden hierin Platz. So ist die erste Stunde Fahrt damit gerettet, dass die Kinder das alles in Ruhe erforschen k\u00f6nnen&#8230;<\/p>\n<p style=\"text-align: center;\"><a href=\"http:\/\/www.sabine-seyffert.de\/blog\/wp-content\/uploads\/2014\/06\/A-14.jpg\"><img loading=\"lazy\" decoding=\"async\" class=\"alignnone size-full wp-image-4282\" src=\"http:\/\/www.sabine-seyffert.de\/blog\/wp-content\/uploads\/2014\/06\/A-14.jpg\" alt=\"A 14\" width=\"600\" height=\"800\" srcset=\"https:\/\/www.sabine-seyffert.de\/blog\/wp-content\/uploads\/2014\/06\/A-14.jpg 600w, https:\/\/www.sabine-seyffert.de\/blog\/wp-content\/uploads\/2014\/06\/A-14-225x300.jpg 225w\" sizes=\"auto, (max-width: 600px) 100vw, 600px\" \/><\/a><\/p>\n<p style=\"text-align: justify;\">* Wenn auch p\u00e4dagogisch so gar nicht sinnvoll, in solchen Momenten aber durchaus beruhigend. Deswegen gibt es ab und an, wenn gar nichts andere mehr hilft, auch schon mal eine Mini T\u00fcte Gummib\u00e4rchen, einen kleinen Lutscher, eine Lakritz- \/ Weingummischnecke (die lassen sich herrlich entrollen!) oder eine andere S\u00fc\u00dfigkeit, die die Nerven beruhigt, ablenkt und die im Alltag sonst eher die Ausnahme sind.<\/p>\n<p style=\"text-align: center;\"><a href=\"http:\/\/www.sabine-seyffert.de\/blog\/wp-content\/uploads\/2014\/06\/A-91.jpg\"><img loading=\"lazy\" decoding=\"async\" class=\"alignnone size-full wp-image-4283\" src=\"http:\/\/www.sabine-seyffert.de\/blog\/wp-content\/uploads\/2014\/06\/A-91.jpg\" alt=\"A 9\" width=\"800\" height=\"600\" srcset=\"https:\/\/www.sabine-seyffert.de\/blog\/wp-content\/uploads\/2014\/06\/A-91.jpg 800w, https:\/\/www.sabine-seyffert.de\/blog\/wp-content\/uploads\/2014\/06\/A-91-300x225.jpg 300w\" sizes=\"auto, (max-width: 800px) 100vw, 800px\" \/><\/a><\/p>\n<p style=\"text-align: justify;\">Somit w\u00fcnsche ich allen einen ganz wunderbaren Start in die Ferienzeit &amp; eine stressfreie Anreise!<\/p>\n<p style=\"text-align: justify;\">Weitere Ideen zum Thema Ferien findet Ihr <a href=\"http:\/\/www.sabine-seyffert.de\/blog\/?cat=38\" target=\"_blank\" rel=\"noopener\">hier<\/a> und andere kreative Ideen <a href=\"http:\/\/www.creadienstag.de\/2014\/06\/130.html\" target=\"_blank\" rel=\"noopener\">da<\/a> und <a href=\"http:\/\/kiddikram.blogspot.de\/2014\/06\/kiddikram-juli.html\" target=\"_blank\" rel=\"noopener\">dort<\/a> \ud83d\ude42<br \/>\n<a href=\"http:\/\/www.sabine-seyffert.de\/blog\/?page_id=32#urheberrecht\">urheberrechtlich gesch\u00fctzt<\/a>, \u00a9 Sabine Seyffert<\/p>\n<p>&nbsp;<\/p>\n<p style=\"text-align: justify;\">\n","protected":false},"excerpt":{"rendered":"<p>Die Ferienzeit steht kurz bevor. Ich kann mich noch gut an die Zeit erinnern, w\u00e4hrend der ich mich geschworen habe nie wieder in Urlaub zu fahren, da die Kinderhorde vorbildlich im Wechsel n\u00f6rgelten, das Baby schrie, eines der Kinder st\u00e4ndig versuchte sich aus dem Kindersitz zu befreien und ein anderes w\u00e4hrenddessen unerm\u00fcdlich fragte: \u201eWann sind&#8230; <a href=\"https:\/\/www.sabine-seyffert.de\/blog\/wann-sind-wir-endlich-da\/\" class=\"more-link\">Read more: Wann sind wir endlich da?!<\/a><\/p>\n","protected":false},"author":2,"featured_media":0,"comment_status":"open","ping_status":"open","sticky":false,"template":"","format":"standard","meta":{"_metis_text_type":"standard","_metis_text_length":4427,"_post_count":0,"footnotes":""},"categories":[39,52,38,24,10],"tags":[],"class_list":["post-4270","post","type-post","status-publish","format-standard","hentry","category-ausfluge-co","category-familie","category-ferien","category-sommer","category-spiel-spas"],"_links":{"self":[{"href":"https:\/\/www.sabine-seyffert.de\/blog\/wp-json\/wp\/v2\/posts\/4270","targetHints":{"allow":["GET"]}}],"collection":[{"href":"https:\/\/www.sabine-seyffert.de\/blog\/wp-json\/wp\/v2\/posts"}],"about":[{"href":"https:\/\/www.sabine-seyffert.de\/blog\/wp-json\/wp\/v2\/types\/post"}],"author":[{"embeddable":true,"href":"https:\/\/www.sabine-seyffert.de\/blog\/wp-json\/wp\/v2\/users\/2"}],"replies":[{"embeddable":true,"href":"https:\/\/www.sabine-seyffert.de\/blog\/wp-json\/wp\/v2\/comments?post=4270"}],"version-history":[{"count":15,"href":"https:\/\/www.sabine-seyffert.de\/blog\/wp-json\/wp\/v2\/posts\/4270\/revisions"}],"predecessor-version":[{"id":28040,"href":"https:\/\/www.sabine-seyffert.de\/blog\/wp-json\/wp\/v2\/posts\/4270\/revisions\/28040"}],"wp:attachment":[{"href":"https:\/\/www.sabine-seyffert.de\/blog\/wp-json\/wp\/v2\/media?parent=4270"}],"wp:term":[{"taxonomy":"category","embeddable":true,"href":"https:\/\/www.sabine-seyffert.de\/blog\/wp-json\/wp\/v2\/categories?post=4270"},{"taxonomy":"post_tag","embeddable":true,"href":"https:\/\/www.sabine-seyffert.de\/blog\/wp-json\/wp\/v2\/tags?post=4270"}],"curies":[{"name":"wp","href":"https:\/\/api.w.org\/{rel}","templated":true}]}}