{"id":4261,"date":"2014-06-27T09:48:18","date_gmt":"2014-06-27T07:48:18","guid":{"rendered":"http:\/\/www.sabine-seyffert.de\/blog\/?p=4261"},"modified":"2017-03-02T17:40:48","modified_gmt":"2017-03-02T15:40:48","slug":"koestlicher-dip-fuer-kartoffeln-gemuese-co","status":"publish","type":"post","link":"https:\/\/www.sabine-seyffert.de\/blog\/koestlicher-dip-fuer-kartoffeln-gemuese-co\/","title":{"rendered":"K\u00f6stlicher Dip f\u00fcr Kartoffeln, Gem\u00fcse &#038; Co."},"content":{"rendered":"<p style=\"text-align: justify;\"><img loading=\"lazy\" decoding=\"async\" src=\"https:\/\/ssl-vg03.met.vgwort.de\/na\/749283712a8f44dcba06cd697e89ee71\" alt=\"\" width=\"1\" height=\"1\" \/>Mittags wandert bei uns regelm\u00e4\u00dfig knackiges Gem\u00fcse auf den Tisch. Das ist nicht nur lecker, sondern auch sehr gesund. Aber nicht nur zu Broccoli, Blumenkohl, Kohlrabi, Maiskolben &amp; Co passt diese sommerlich frische So\u00dfe, sondern auch zu Back- &amp; Bratkartoffeln oder Reis ist dies der Hit. Selbst zu frisch aufgeschnibbelter Rohkost ist bei uns der Dip als Beilage immer gerne gesehen. Eine ganz schnelle Dip Variante, die zudem wirklich spritzig und frisch schmeckt, m\u00f6chte ich euch nicht l\u00e4nger vorenthalten.<\/p>\n<p style=\"text-align: center;\"><a href=\"http:\/\/www.sabine-seyffert.de\/blog\/wp-content\/uploads\/2014\/06\/B-3.jpg\"><img loading=\"lazy\" decoding=\"async\" class=\"alignnone size-full wp-image-4262\" src=\"http:\/\/www.sabine-seyffert.de\/blog\/wp-content\/uploads\/2014\/06\/B-3.jpg\" alt=\"B 3\" width=\"800\" height=\"600\" srcset=\"https:\/\/www.sabine-seyffert.de\/blog\/wp-content\/uploads\/2014\/06\/B-3.jpg 800w, https:\/\/www.sabine-seyffert.de\/blog\/wp-content\/uploads\/2014\/06\/B-3-300x225.jpg 300w\" sizes=\"auto, (max-width: 800px) 100vw, 800px\" \/><\/a><\/p>\n<p style=\"text-align: justify;\"><strong>Das wird gebraucht:<\/strong><br \/>\n1 Becher Kr\u00e4uter Creme Fraiche, 1 kleine Knoblauchzehe, frisch gemahlener Pfeffer, Kr\u00e4utersalz, eine klitzekleine Prise Zucker, Saft von einer halben Zitrone<\/p>\n<p style=\"text-align: center;\"><a href=\"http:\/\/www.sabine-seyffert.de\/blog\/wp-content\/uploads\/2014\/06\/B-4.jpg\"><img loading=\"lazy\" decoding=\"async\" class=\"alignnone size-full wp-image-4263\" src=\"http:\/\/www.sabine-seyffert.de\/blog\/wp-content\/uploads\/2014\/06\/B-4.jpg\" alt=\"B 4\" width=\"800\" height=\"600\" srcset=\"https:\/\/www.sabine-seyffert.de\/blog\/wp-content\/uploads\/2014\/06\/B-4.jpg 800w, https:\/\/www.sabine-seyffert.de\/blog\/wp-content\/uploads\/2014\/06\/B-4-300x225.jpg 300w\" sizes=\"auto, (max-width: 800px) 100vw, 800px\" \/><\/a><\/p>\n<p style=\"text-align: justify;\"><strong>So wird\u2019s gemacht:<\/strong><br \/>\nDas Creme Fraiche in eine kleine Sch\u00fcssel geben. Dann den Knoblauch sch\u00e4len und die Zehe in das Creme Fraiche pressen. Nun mit frisch gemahlenem Pfeffer, Salz und einem Hauch Zucker abschmecken. Die Zitrone halbieren und eine H\u00e4lfe auspressen. Unter den Dip r\u00fchren und ggf. nochmals nachw\u00fcrzen.<\/p>\n<p style=\"text-align: center;\"><a href=\"http:\/\/www.sabine-seyffert.de\/blog\/wp-content\/uploads\/2014\/06\/B-2.jpg\"><img loading=\"lazy\" decoding=\"async\" class=\"alignnone size-full wp-image-4264\" src=\"http:\/\/www.sabine-seyffert.de\/blog\/wp-content\/uploads\/2014\/06\/B-2.jpg\" alt=\"B 2\" width=\"800\" height=\"600\" srcset=\"https:\/\/www.sabine-seyffert.de\/blog\/wp-content\/uploads\/2014\/06\/B-2.jpg 800w, https:\/\/www.sabine-seyffert.de\/blog\/wp-content\/uploads\/2014\/06\/B-2-300x225.jpg 300w\" sizes=\"auto, (max-width: 800px) 100vw, 800px\" \/><\/a><\/p>\n<p style=\"text-align: justify;\">Der Dip schmeckt ganz sommerlich leicht und ist wirklich easy peasy gemacht. Also genau das richtige f\u00fcr die schnelle Mittagsk\u00fcche. Besonders lecker schmecken dazu \u00fcbrigens Blumenkohl und Pellkartoffeln. Aber auch ein Teller mit Rohkost wie Gurkenscheiben, M\u00f6hrenst\u00fcckchen, Paprika oder Kohlrabi lassen sich darin prima dippen und verfeinern. Damit davon auch ja nichts \u00fcbrig bleibt, kann man den restlichen Dip mit einer Brotscheibe vom Teller wischen und in den Mund wandern lassen \u2013 guten Appetit!<\/p>\n<p style=\"text-align: center;\"><a href=\"http:\/\/www.sabine-seyffert.de\/blog\/wp-content\/uploads\/2014\/06\/B-1.jpg\"><img loading=\"lazy\" decoding=\"async\" class=\"alignnone size-full wp-image-4265\" src=\"http:\/\/www.sabine-seyffert.de\/blog\/wp-content\/uploads\/2014\/06\/B-1.jpg\" alt=\"B 1\" width=\"800\" height=\"600\" srcset=\"https:\/\/www.sabine-seyffert.de\/blog\/wp-content\/uploads\/2014\/06\/B-1.jpg 800w, https:\/\/www.sabine-seyffert.de\/blog\/wp-content\/uploads\/2014\/06\/B-1-300x225.jpg 300w\" sizes=\"auto, (max-width: 800px) 100vw, 800px\" \/><\/a><\/p>\n<p style=\"text-align: justify;\"><strong>Ein kleiner Tipp:<\/strong><br \/>\nF\u00fcr den gro\u00dfen Hunger, eine gr\u00f6\u00dfere Anzahl Personen oder falls ein geselliger Grillabend ansteht, kann man die Menge der angegebenen Zutaten nat\u00fcrlich entsprechend anpassen und diesen in einem gro\u00dfen Vorratsglas zubereiten. Darin l\u00e4sst sich der Dip, falls doch mal etwas \u00fcbrig bleiben sollte, prima im K\u00fchlschrank aufbewahren!<\/p>\n<p style=\"text-align: justify;\"><a href=\"http:\/\/www.sabine-seyffert.de\/blog\/?page_id=32#urheberrecht\">urheberrechtlich gesch\u00fctzt<\/a>, \u00a9 Sabine Seyffert<\/p>\n","protected":false},"excerpt":{"rendered":"<p>Mittags wandert bei uns regelm\u00e4\u00dfig knackiges Gem\u00fcse auf den Tisch. Das ist nicht nur lecker, sondern auch sehr gesund. Aber nicht nur zu Broccoli, Blumenkohl, Kohlrabi, Maiskolben &amp; Co passt diese sommerlich frische So\u00dfe, sondern auch zu Back- &amp; Bratkartoffeln oder Reis ist dies der Hit. Selbst zu frisch aufgeschnibbelter Rohkost ist bei uns der&#8230; <a href=\"https:\/\/www.sabine-seyffert.de\/blog\/koestlicher-dip-fuer-kartoffeln-gemuese-co\/\" class=\"more-link\">Read more: K\u00f6stlicher Dip f\u00fcr Kartoffeln, Gem\u00fcse &#038; Co.<\/a><\/p>\n","protected":false},"author":2,"featured_media":0,"comment_status":"open","ping_status":"open","sticky":false,"template":"","format":"standard","meta":{"_metis_text_type":"","_metis_text_length":1901,"_post_count":0,"footnotes":""},"categories":[30,24],"tags":[],"class_list":["post-4261","post","type-post","status-publish","format-standard","hentry","category-rezepte-herzhaft","category-sommer"],"_links":{"self":[{"href":"https:\/\/www.sabine-seyffert.de\/blog\/wp-json\/wp\/v2\/posts\/4261","targetHints":{"allow":["GET"]}}],"collection":[{"href":"https:\/\/www.sabine-seyffert.de\/blog\/wp-json\/wp\/v2\/posts"}],"about":[{"href":"https:\/\/www.sabine-seyffert.de\/blog\/wp-json\/wp\/v2\/types\/post"}],"author":[{"embeddable":true,"href":"https:\/\/www.sabine-seyffert.de\/blog\/wp-json\/wp\/v2\/users\/2"}],"replies":[{"embeddable":true,"href":"https:\/\/www.sabine-seyffert.de\/blog\/wp-json\/wp\/v2\/comments?post=4261"}],"version-history":[{"count":5,"href":"https:\/\/www.sabine-seyffert.de\/blog\/wp-json\/wp\/v2\/posts\/4261\/revisions"}],"predecessor-version":[{"id":9740,"href":"https:\/\/www.sabine-seyffert.de\/blog\/wp-json\/wp\/v2\/posts\/4261\/revisions\/9740"}],"wp:attachment":[{"href":"https:\/\/www.sabine-seyffert.de\/blog\/wp-json\/wp\/v2\/media?parent=4261"}],"wp:term":[{"taxonomy":"category","embeddable":true,"href":"https:\/\/www.sabine-seyffert.de\/blog\/wp-json\/wp\/v2\/categories?post=4261"},{"taxonomy":"post_tag","embeddable":true,"href":"https:\/\/www.sabine-seyffert.de\/blog\/wp-json\/wp\/v2\/tags?post=4261"}],"curies":[{"name":"wp","href":"https:\/\/api.w.org\/{rel}","templated":true}]}}