{"id":4217,"date":"2014-06-21T09:37:16","date_gmt":"2014-06-21T07:37:16","guid":{"rendered":"http:\/\/www.sabine-seyffert.de\/blog\/?p=4217"},"modified":"2018-06-26T08:41:03","modified_gmt":"2018-06-26T06:41:03","slug":"eine-spannende-zeitreise-ein-ausflugstipp","status":"publish","type":"post","link":"https:\/\/www.sabine-seyffert.de\/blog\/eine-spannende-zeitreise-ein-ausflugstipp\/","title":{"rendered":"Eine spannende Zeitreise \/ Ein Ausflugstipp"},"content":{"rendered":"<p style=\"text-align: justify;\"><img loading=\"lazy\" decoding=\"async\" src=\"https:\/\/ssl-vg03.met.vgwort.de\/na\/8a2045eca2b9421197eea08c05a074ea\" alt=\"\" width=\"1\" height=\"1\" \/>Seid Ihr auf der Suche nach einem originellen Ausflugsziel? Und vor allem nach einem Ausflugsort, bei dem der Besuch selbst bei Regenwetter Spa\u00df macht? Dann habe ich genau das Richtige f\u00fcr Euch entdeckt: Den Zeittunnel in W\u00fclfrath!<\/p>\n<p style=\"text-align: center;\"><a href=\"http:\/\/www.sabine-seyffert.de\/blog\/wp-content\/uploads\/2014\/06\/11.jpg\"><img loading=\"lazy\" decoding=\"async\" class=\"alignnone size-full wp-image-4218\" src=\"http:\/\/www.sabine-seyffert.de\/blog\/wp-content\/uploads\/2014\/06\/11.jpg\" alt=\"1\" width=\"800\" height=\"600\" srcset=\"https:\/\/www.sabine-seyffert.de\/blog\/wp-content\/uploads\/2014\/06\/11.jpg 800w, https:\/\/www.sabine-seyffert.de\/blog\/wp-content\/uploads\/2014\/06\/11-300x225.jpg 300w\" sizes=\"auto, (max-width: 800px) 100vw, 800px\" \/><\/a><\/p>\n<p style=\"text-align: justify;\">Genau diesen haben wir an einem regnerischen Sonntag im Mai als spontanes Ausflugsziel auserkoren und haben den Besuch allesamt sehr genossen.<\/p>\n<p style=\"text-align: center;\"><a href=\"http:\/\/www.sabine-seyffert.de\/blog\/wp-content\/uploads\/2014\/06\/3.jpg\"><img loading=\"lazy\" decoding=\"async\" class=\"alignnone size-full wp-image-4220\" src=\"http:\/\/www.sabine-seyffert.de\/blog\/wp-content\/uploads\/2014\/06\/3.jpg\" alt=\"3\" width=\"800\" height=\"600\" srcset=\"https:\/\/www.sabine-seyffert.de\/blog\/wp-content\/uploads\/2014\/06\/3.jpg 800w, https:\/\/www.sabine-seyffert.de\/blog\/wp-content\/uploads\/2014\/06\/3-300x225.jpg 300w\" sizes=\"auto, (max-width: 800px) 100vw, 800px\" \/><\/a><\/p>\n<p style=\"text-align: justify;\">Denn dieser Zeittunnel ist ein wirklich spannendes Erlebnis, in dem jeder auf seine Kosten kommt. In dem Eingangsbereich, in dem auch ein kleines Caf\u00e9 beheimatet ist, bekommt man gleich an der Kasse eine kurze Einweisung und interessante Infos \u00fcber den Zeittunnel, bei dem es sich um einen stillgelegten Abbautunnel handelt.<\/p>\n<p style=\"text-align: center;\"><a href=\"http:\/\/www.sabine-seyffert.de\/blog\/wp-content\/uploads\/2014\/06\/4.jpg\"><img loading=\"lazy\" decoding=\"async\" class=\"alignnone size-full wp-image-4221\" src=\"http:\/\/www.sabine-seyffert.de\/blog\/wp-content\/uploads\/2014\/06\/4.jpg\" alt=\"4\" width=\"600\" height=\"800\" srcset=\"https:\/\/www.sabine-seyffert.de\/blog\/wp-content\/uploads\/2014\/06\/4.jpg 600w, https:\/\/www.sabine-seyffert.de\/blog\/wp-content\/uploads\/2014\/06\/4-225x300.jpg 225w\" sizes=\"auto, (max-width: 600px) 100vw, 600px\" \/><\/a><\/p>\n<p style=\"text-align: justify;\">An dieser Stelle sei gesagt, dass man sich entsprechend warm anziehen sollte, da es dort recht k\u00fchl ist. Am Eingang liegt f\u00fcr Besucher ein gro\u00dfer Stapel an warmen Decken bereit, die man sich f\u00fcr die Dauer des Aufenthalts mit in den Tunnel nehmen kann.<\/p>\n<p style=\"text-align: center;\"><a href=\"http:\/\/www.sabine-seyffert.de\/blog\/wp-content\/uploads\/2014\/06\/2.jpg\"><img loading=\"lazy\" decoding=\"async\" class=\"alignnone size-full wp-image-4219\" src=\"http:\/\/www.sabine-seyffert.de\/blog\/wp-content\/uploads\/2014\/06\/2.jpg\" alt=\"2\" width=\"800\" height=\"600\" srcset=\"https:\/\/www.sabine-seyffert.de\/blog\/wp-content\/uploads\/2014\/06\/2.jpg 800w, https:\/\/www.sabine-seyffert.de\/blog\/wp-content\/uploads\/2014\/06\/2-300x225.jpg 300w\" sizes=\"auto, (max-width: 800px) 100vw, 800px\" \/><\/a><\/p>\n<p style=\"text-align: justify;\">Noch bevor man diesen betritt, gibt es allerhand zu entdecken. Wisst Ihr dass Steine klingen und man damit &#8220;Musik&#8221; erzeugen kann? Wer es nicht glaubt, kann es hier vor Ort einmal ausprobieren und die verschiedenen Steinplatten mit Hilfe eines Schlegels erklingen lassen \ud83d\ude42<\/p>\n<p style=\"text-align: center;\"><a href=\"http:\/\/www.sabine-seyffert.de\/blog\/wp-content\/uploads\/2014\/06\/5.jpg\"><img loading=\"lazy\" decoding=\"async\" class=\"alignnone size-full wp-image-4222\" src=\"http:\/\/www.sabine-seyffert.de\/blog\/wp-content\/uploads\/2014\/06\/5.jpg\" alt=\"5\" width=\"600\" height=\"800\" srcset=\"https:\/\/www.sabine-seyffert.de\/blog\/wp-content\/uploads\/2014\/06\/5.jpg 600w, https:\/\/www.sabine-seyffert.de\/blog\/wp-content\/uploads\/2014\/06\/5-225x300.jpg 225w\" sizes=\"auto, (max-width: 600px) 100vw, 600px\" \/><\/a><\/p>\n<p style=\"text-align: justify;\">Au\u00dferdem gibt es einen begehbaren Brennofen, eine Lore und einen gro\u00dfen Steinh\u00fcgel. Hier k\u00f6nnen die kleinen Abenteurer mit Sicherheitshelm, Schutzbrille, Hammer und Meisel tatkr\u00e4ftig ans Werk gehen und Steine nach Herzenslust bearbeiten.<\/p>\n<p style=\"text-align: center;\"><a href=\"http:\/\/www.sabine-seyffert.de\/blog\/wp-content\/uploads\/2014\/06\/7.jpg\"><img loading=\"lazy\" decoding=\"async\" class=\"alignnone size-full wp-image-4223\" src=\"http:\/\/www.sabine-seyffert.de\/blog\/wp-content\/uploads\/2014\/06\/7.jpg\" alt=\"7\" width=\"800\" height=\"600\" srcset=\"https:\/\/www.sabine-seyffert.de\/blog\/wp-content\/uploads\/2014\/06\/7.jpg 800w, https:\/\/www.sabine-seyffert.de\/blog\/wp-content\/uploads\/2014\/06\/7-300x225.jpg 300w\" sizes=\"auto, (max-width: 800px) 100vw, 800px\" \/><\/a><\/p>\n<p style=\"text-align: justify;\">Den freigeklopften Fund d\u00fcrfen die kleinen Besucher nat\u00fcrlich mit nach Hause nehmen und bekommen am Ausgang sogar erkl\u00e4rt, was genau sich in diesen bearbeiteten Steinen befindet.<\/p>\n<p style=\"text-align: center;\"><a href=\"http:\/\/www.sabine-seyffert.de\/blog\/wp-content\/uploads\/2014\/06\/8.jpg\"><img loading=\"lazy\" decoding=\"async\" class=\"alignnone size-full wp-image-4224\" src=\"http:\/\/www.sabine-seyffert.de\/blog\/wp-content\/uploads\/2014\/06\/8.jpg\" alt=\"8\" width=\"800\" height=\"600\" srcset=\"https:\/\/www.sabine-seyffert.de\/blog\/wp-content\/uploads\/2014\/06\/8.jpg 800w, https:\/\/www.sabine-seyffert.de\/blog\/wp-content\/uploads\/2014\/06\/8-300x225.jpg 300w\" sizes=\"auto, (max-width: 800px) 100vw, 800px\" \/><\/a><\/p>\n<p style=\"text-align: justify;\">Doch zuvor haben wir uns auf die spannende Zeitreise der letzten 400 Millionen Jahre gemacht, die uns im Tunnel erwartet hat. So spaziert man auf einem geraden Pfad, der seitlich beleuchtet ist, mitten durch den Tunnel hindurch.<\/p>\n<p style=\"text-align: center;\"><a href=\"http:\/\/www.sabine-seyffert.de\/blog\/wp-content\/uploads\/2014\/06\/9.jpg\"><img loading=\"lazy\" decoding=\"async\" class=\"alignnone size-full wp-image-4225\" src=\"http:\/\/www.sabine-seyffert.de\/blog\/wp-content\/uploads\/2014\/06\/9.jpg\" alt=\"9\" width=\"600\" height=\"800\" srcset=\"https:\/\/www.sabine-seyffert.de\/blog\/wp-content\/uploads\/2014\/06\/9.jpg 600w, https:\/\/www.sabine-seyffert.de\/blog\/wp-content\/uploads\/2014\/06\/9-225x300.jpg 225w\" sizes=\"auto, (max-width: 600px) 100vw, 600px\" \/><\/a><\/p>\n<p style=\"text-align: justify;\">Zwischendurch wandert man so durch die verschiedenen Epochen hindurch, die mit Hilfe von Schaubildern, Texttafeln und Steinen auch f\u00fcr Kinder spannend dargestellt werden.<\/p>\n<p style=\"text-align: center;\"><a href=\"http:\/\/www.sabine-seyffert.de\/blog\/wp-content\/uploads\/2014\/06\/10.jpg\"><img loading=\"lazy\" decoding=\"async\" class=\"alignnone size-full wp-image-4226\" src=\"http:\/\/www.sabine-seyffert.de\/blog\/wp-content\/uploads\/2014\/06\/10.jpg\" alt=\"10\" width=\"600\" height=\"800\" srcset=\"https:\/\/www.sabine-seyffert.de\/blog\/wp-content\/uploads\/2014\/06\/10.jpg 600w, https:\/\/www.sabine-seyffert.de\/blog\/wp-content\/uploads\/2014\/06\/10-225x300.jpg 225w\" sizes=\"auto, (max-width: 600px) 100vw, 600px\" \/><\/a><\/p>\n<p style=\"text-align: justify;\">Hier und da findet man in den dunklen Tunnelw\u00e4nden beleuchtete Steine als kleine Lichtquelle.<\/p>\n<p style=\"text-align: center;\"><a href=\"http:\/\/www.sabine-seyffert.de\/blog\/wp-content\/uploads\/2014\/06\/111.jpg\"><img loading=\"lazy\" decoding=\"async\" class=\"alignnone size-full wp-image-4227\" src=\"http:\/\/www.sabine-seyffert.de\/blog\/wp-content\/uploads\/2014\/06\/111.jpg\" alt=\"11\" width=\"800\" height=\"600\" srcset=\"https:\/\/www.sabine-seyffert.de\/blog\/wp-content\/uploads\/2014\/06\/111.jpg 800w, https:\/\/www.sabine-seyffert.de\/blog\/wp-content\/uploads\/2014\/06\/111-300x225.jpg 300w\" sizes=\"auto, (max-width: 800px) 100vw, 800px\" \/><\/a><\/p>\n<p style=\"text-align: justify;\">Wer denkt, so ein Besuch ist der reinste Spaziergang liegt wirklich falsch. Denn mitten im Tunnel ist sogar k\u00f6rperlicher Einsatz gefragt. Hier kann man mit bereit liegenden Handschuhen und Knieschonern ausgestattet \u00fcber den Boden kriechen. Ganz sch\u00f6n anstrengend, vor allem wenn die Kinder dies als eine Art Wettbewerb betrachten.<\/p>\n<p style=\"text-align: center;\"><a href=\"http:\/\/www.sabine-seyffert.de\/blog\/wp-content\/uploads\/2014\/06\/12.jpg\"><img loading=\"lazy\" decoding=\"async\" class=\"alignnone size-full wp-image-4228\" src=\"http:\/\/www.sabine-seyffert.de\/blog\/wp-content\/uploads\/2014\/06\/12.jpg\" alt=\"12\" width=\"600\" height=\"800\" srcset=\"https:\/\/www.sabine-seyffert.de\/blog\/wp-content\/uploads\/2014\/06\/12.jpg 600w, https:\/\/www.sabine-seyffert.de\/blog\/wp-content\/uploads\/2014\/06\/12-225x300.jpg 225w\" sizes=\"auto, (max-width: 600px) 100vw, 600px\" \/><\/a><\/p>\n<p style=\"text-align: justify;\">Am Ende des Zeittunnels kann man einem kleinen Film anschauen sowie im freien den Ausblick auf den Steinbruch genie\u00dfen. Zumindest diejenigen, die nicht unter H\u00f6henangst leiden \ud83d\ude42 Au\u00dferdem fand hier bei unserem Besuch auch eine Skulpturenausstellung statt.<\/p>\n<p style=\"text-align: center;\"><a href=\"http:\/\/www.sabine-seyffert.de\/blog\/wp-content\/uploads\/2014\/06\/14.jpg\"><img loading=\"lazy\" decoding=\"async\" class=\"alignnone size-full wp-image-4229\" src=\"http:\/\/www.sabine-seyffert.de\/blog\/wp-content\/uploads\/2014\/06\/14.jpg\" alt=\"14\" width=\"600\" height=\"800\" srcset=\"https:\/\/www.sabine-seyffert.de\/blog\/wp-content\/uploads\/2014\/06\/14.jpg 600w, https:\/\/www.sabine-seyffert.de\/blog\/wp-content\/uploads\/2014\/06\/14-225x300.jpg 225w\" sizes=\"auto, (max-width: 600px) 100vw, 600px\" \/><\/a><\/p>\n<p style=\"text-align: justify;\">Nach unserem Besuch im Zeittunnel durften die jungen Besucher unter uns noch nach &#8220;Sch\u00e4tzen&#8221; graben. In einem gro\u00dfen Sandkasten d\u00fcrfen sich die kleinen G\u00e4ste mit Hilfe eines Siebs einen Edelstein aus dem Sand suchen.<\/p>\n<p style=\"text-align: center;\"><a href=\"http:\/\/www.sabine-seyffert.de\/blog\/wp-content\/uploads\/2014\/06\/15.jpg\"><img loading=\"lazy\" decoding=\"async\" class=\"alignnone size-full wp-image-4230\" src=\"http:\/\/www.sabine-seyffert.de\/blog\/wp-content\/uploads\/2014\/06\/15.jpg\" alt=\"15\" width=\"800\" height=\"600\" srcset=\"https:\/\/www.sabine-seyffert.de\/blog\/wp-content\/uploads\/2014\/06\/15.jpg 800w, https:\/\/www.sabine-seyffert.de\/blog\/wp-content\/uploads\/2014\/06\/15-300x225.jpg 300w\" sizes=\"auto, (max-width: 800px) 100vw, 800px\" \/><\/a><\/p>\n<p style=\"text-align: justify;\">Weitere Ausflugstipps findet Ihr \u00fcbrigens in <a href=\"http:\/\/www.sabine-seyffert.de\/blog\/?cat=39\" target=\"_blank\" rel=\"noopener\">dieser Rubrik<\/a>!<\/p>\n<p style=\"text-align: justify;\">Zum Schlu\u00df ein Dank an Andrea Gellert, Leiterin des Zeittunnels, f\u00fcr die Genehmigung die Fotos vom Zeittunnel hier ver\u00f6ffentlichen zu d\u00fcrfen.<\/p>\n<p style=\"text-align: justify;\"><a href=\"http:\/\/www.sabine-seyffert.de\/blog\/?page_id=32#urheberrecht\">urheberrechtlich gesch\u00fctzt<\/a>, \u00a9 Sabine Seyffert<\/p>\n","protected":false},"excerpt":{"rendered":"<p>Seid Ihr auf der Suche nach einem originellen Ausflugsziel? Und vor allem nach einem Ausflugsort, bei dem der Besuch selbst bei Regenwetter Spa\u00df macht? Dann habe ich genau das Richtige f\u00fcr Euch entdeckt: Den Zeittunnel in W\u00fclfrath! Genau diesen haben wir an einem regnerischen Sonntag im Mai als spontanes Ausflugsziel auserkoren und haben den Besuch&#8230; <a href=\"https:\/\/www.sabine-seyffert.de\/blog\/eine-spannende-zeitreise-ein-ausflugstipp\/\" class=\"more-link\">Read more: Eine spannende Zeitreise \/ Ein Ausflugstipp<\/a><\/p>\n","protected":false},"author":2,"featured_media":0,"comment_status":"open","ping_status":"open","sticky":false,"template":"","format":"standard","meta":{"_metis_text_type":"","_metis_text_length":3209,"_post_count":0,"footnotes":""},"categories":[39],"tags":[],"class_list":["post-4217","post","type-post","status-publish","format-standard","hentry","category-ausfluge-co"],"_links":{"self":[{"href":"https:\/\/www.sabine-seyffert.de\/blog\/wp-json\/wp\/v2\/posts\/4217","targetHints":{"allow":["GET"]}}],"collection":[{"href":"https:\/\/www.sabine-seyffert.de\/blog\/wp-json\/wp\/v2\/posts"}],"about":[{"href":"https:\/\/www.sabine-seyffert.de\/blog\/wp-json\/wp\/v2\/types\/post"}],"author":[{"embeddable":true,"href":"https:\/\/www.sabine-seyffert.de\/blog\/wp-json\/wp\/v2\/users\/2"}],"replies":[{"embeddable":true,"href":"https:\/\/www.sabine-seyffert.de\/blog\/wp-json\/wp\/v2\/comments?post=4217"}],"version-history":[{"count":11,"href":"https:\/\/www.sabine-seyffert.de\/blog\/wp-json\/wp\/v2\/posts\/4217\/revisions"}],"predecessor-version":[{"id":12819,"href":"https:\/\/www.sabine-seyffert.de\/blog\/wp-json\/wp\/v2\/posts\/4217\/revisions\/12819"}],"wp:attachment":[{"href":"https:\/\/www.sabine-seyffert.de\/blog\/wp-json\/wp\/v2\/media?parent=4217"}],"wp:term":[{"taxonomy":"category","embeddable":true,"href":"https:\/\/www.sabine-seyffert.de\/blog\/wp-json\/wp\/v2\/categories?post=4217"},{"taxonomy":"post_tag","embeddable":true,"href":"https:\/\/www.sabine-seyffert.de\/blog\/wp-json\/wp\/v2\/tags?post=4217"}],"curies":[{"name":"wp","href":"https:\/\/api.w.org\/{rel}","templated":true}]}}