{"id":4164,"date":"2014-06-13T11:09:29","date_gmt":"2014-06-13T09:09:29","guid":{"rendered":"http:\/\/www.sabine-seyffert.de\/blog\/?p=4164"},"modified":"2018-06-26T08:43:22","modified_gmt":"2018-06-26T06:43:22","slug":"hier-gibt-es-allerhand-zu-entdecken","status":"publish","type":"post","link":"https:\/\/www.sabine-seyffert.de\/blog\/hier-gibt-es-allerhand-zu-entdecken\/","title":{"rendered":"Hier gibt es allerhand zu entdecken!"},"content":{"rendered":"<p style=\"text-align: center;\"><img loading=\"lazy\" decoding=\"async\" src=\"https:\/\/ssl-vg03.met.vgwort.de\/na\/cc8defc30cc440c2b900512581e34127\" alt=\"\" width=\"1\" height=\"1\" \/><a href=\"http:\/\/www.sabine-seyffert.de\/blog\/wp-content\/uploads\/2014\/06\/M\u00fc-0.jpg\"><img loading=\"lazy\" decoding=\"async\" class=\"alignnone size-full wp-image-4165\" src=\"http:\/\/www.sabine-seyffert.de\/blog\/wp-content\/uploads\/2014\/06\/M\u00fc-0.jpg\" alt=\"M\u00fc 0\" width=\"600\" height=\"800\" srcset=\"https:\/\/www.sabine-seyffert.de\/blog\/wp-content\/uploads\/2014\/06\/M\u00fc-0.jpg 600w, https:\/\/www.sabine-seyffert.de\/blog\/wp-content\/uploads\/2014\/06\/M\u00fc-0-225x300.jpg 225w\" sizes=\"auto, (max-width: 600px) 100vw, 600px\" \/><\/a><\/p>\n<p style=\"text-align: justify;\">Das Wochenende steht vor der T\u00fcr und die Sonne lacht. Habt Ihr Lust auf einen kleinen Ausflug?<\/p>\n<p style=\"text-align: center;\"><a href=\"http:\/\/www.sabine-seyffert.de\/blog\/wp-content\/uploads\/2014\/06\/M\u00fc-3.jpg\"><img loading=\"lazy\" decoding=\"async\" class=\"alignnone size-full wp-image-4166\" src=\"http:\/\/www.sabine-seyffert.de\/blog\/wp-content\/uploads\/2014\/06\/M\u00fc-3.jpg\" alt=\"M\u00fc 3\" width=\"600\" height=\"800\" srcset=\"https:\/\/www.sabine-seyffert.de\/blog\/wp-content\/uploads\/2014\/06\/M\u00fc-3.jpg 600w, https:\/\/www.sabine-seyffert.de\/blog\/wp-content\/uploads\/2014\/06\/M\u00fc-3-225x300.jpg 225w\" sizes=\"auto, (max-width: 600px) 100vw, 600px\" \/><\/a><\/p>\n<p style=\"text-align: justify;\">Dann begleitet mich doch heute einfach mal in den <a href=\"https:\/\/de.wikipedia.org\/wiki\/M%C3%BCngstener_Br%C3%BCckenpark\" target=\"_blank\" rel=\"noopener\">Br\u00fcckenpark M\u00fcngsten<\/a>. In diesem befindet sich die ber\u00fchmte <a href=\"http:\/\/de.wikipedia.org\/wiki\/M%C3%BCngstener_Br%C3%BCcke\" target=\"_blank\" rel=\"noopener\">M\u00fcngstener Br\u00fccke<\/a>, die gleich drei bergische St\u00e4dte Wuppertal, Solingen und Remscheid miteinander verbindet.<\/p>\n<p style=\"text-align: center;\"><a href=\"http:\/\/www.sabine-seyffert.de\/blog\/wp-content\/uploads\/2014\/06\/M\u00fc-4.jpg\"><img loading=\"lazy\" decoding=\"async\" class=\"alignnone size-full wp-image-4167\" src=\"http:\/\/www.sabine-seyffert.de\/blog\/wp-content\/uploads\/2014\/06\/M\u00fc-4.jpg\" alt=\"M\u00fc 4\" width=\"600\" height=\"800\" srcset=\"https:\/\/www.sabine-seyffert.de\/blog\/wp-content\/uploads\/2014\/06\/M\u00fc-4.jpg 600w, https:\/\/www.sabine-seyffert.de\/blog\/wp-content\/uploads\/2014\/06\/M\u00fc-4-225x300.jpg 225w\" sizes=\"auto, (max-width: 600px) 100vw, 600px\" \/><\/a><\/p>\n<p style=\"text-align: justify;\">Der Br\u00fcckenpark wurde vor einigen Jahren aufw\u00e4ndig erneuert und ist seitdem ein echter Publikumsmagnet f\u00fcr Klein &amp; Gro\u00df. Nicht nur an Wochenenden und bei gutem Wetter ist der Park gut besucht. Das liegt sicher daran, dass der Br\u00fcckenpark seit seiner Erneuerung 2006 au\u00dfer seiner nat\u00fcrlichen Kulisse allerhand zu bieten hat.<\/p>\n<p style=\"text-align: center;\"><a href=\"http:\/\/www.sabine-seyffert.de\/blog\/wp-content\/uploads\/2014\/06\/M\u00fc-1.jpg\"><img loading=\"lazy\" decoding=\"async\" class=\"alignnone size-full wp-image-4168\" src=\"http:\/\/www.sabine-seyffert.de\/blog\/wp-content\/uploads\/2014\/06\/M\u00fc-1.jpg\" alt=\"M\u00fc 1\" width=\"800\" height=\"600\" srcset=\"https:\/\/www.sabine-seyffert.de\/blog\/wp-content\/uploads\/2014\/06\/M\u00fc-1.jpg 800w, https:\/\/www.sabine-seyffert.de\/blog\/wp-content\/uploads\/2014\/06\/M\u00fc-1-300x225.jpg 300w\" sizes=\"auto, (max-width: 800px) 100vw, 800px\" \/><\/a><\/p>\n<p style=\"text-align: justify;\">Ob zu Fu\u00df, mit dem Auto, dem Bus oder der Bahn, der Park ist f\u00fcr jedermann gut zu erreichen. Wir sind vom Parkplatz aus losgewandert. Schon hier kann man an der Wupper entlang laufen und die ersten von mehreren \u201eR\u00e4tseln\u201c entdecken. F\u00fcr diejenigen, die mit Kindern unterwegs sind, einfach toll. Denn hochmotiviert marschiert der Nachwuchs so ohne Murren von R\u00e4tsel zu R\u00e4tsel. Hat man eines entdeckt, darf man hinaufklettern oder \u2013springen und dann and\u00e4chtig dem R\u00e4tsel lauschen, das von wohlklingenden Stimmen erz\u00e4hlt wird. Dabei kommt man sich ein bisschen vor, wie in einem M\u00e4rchenpark\u2026<\/p>\n<p style=\"text-align: center;\"><a href=\"http:\/\/www.sabine-seyffert.de\/blog\/wp-content\/uploads\/2014\/06\/M\u00fc-5.jpg\"><img loading=\"lazy\" decoding=\"async\" class=\"alignnone size-full wp-image-4169\" src=\"http:\/\/www.sabine-seyffert.de\/blog\/wp-content\/uploads\/2014\/06\/M\u00fc-5.jpg\" alt=\"M\u00fc 5\" width=\"600\" height=\"800\" srcset=\"https:\/\/www.sabine-seyffert.de\/blog\/wp-content\/uploads\/2014\/06\/M\u00fc-5.jpg 600w, https:\/\/www.sabine-seyffert.de\/blog\/wp-content\/uploads\/2014\/06\/M\u00fc-5-225x300.jpg 225w\" sizes=\"auto, (max-width: 600px) 100vw, 600px\" \/><\/a><\/p>\n<p style=\"text-align: justify;\">Das der Weg zum Br\u00fcckenpark sich ein wenig hinzieht, f\u00e4llt dadurch gar nicht weiter auf. Und eh man sich versieht, hat man bereits die riesenhohe M\u00fcngstener Br\u00fccke entdeckt.<\/p>\n<p style=\"text-align: center;\"><a href=\"http:\/\/www.sabine-seyffert.de\/blog\/wp-content\/uploads\/2014\/06\/M\u00fc-6.jpg\"><img loading=\"lazy\" decoding=\"async\" class=\"alignnone size-full wp-image-4170\" src=\"http:\/\/www.sabine-seyffert.de\/blog\/wp-content\/uploads\/2014\/06\/M\u00fc-6.jpg\" alt=\"M\u00fc 6\" width=\"600\" height=\"800\" srcset=\"https:\/\/www.sabine-seyffert.de\/blog\/wp-content\/uploads\/2014\/06\/M\u00fc-6.jpg 600w, https:\/\/www.sabine-seyffert.de\/blog\/wp-content\/uploads\/2014\/06\/M\u00fc-6-225x300.jpg 225w\" sizes=\"auto, (max-width: 600px) 100vw, 600px\" \/><\/a><\/p>\n<p style=\"text-align: justify;\">Auf dem Gel\u00e4nde gibt nicht nur ein kleines Bistro sondern auch das <a href=\"http:\/\/www.haus-muengsten.de\/\" target=\"_blank\" rel=\"noopener\">Haus M\u00fcngsten<\/a> als Gastronomie. Dort kann man nach einem ausgedehnten Spaziergang gem\u00fctliche Kaffeetrinken, Essen oder eine Kleinigkeit trinken.<\/p>\n<p style=\"text-align: center;\"><a href=\"http:\/\/www.sabine-seyffert.de\/blog\/wp-content\/uploads\/2014\/06\/M\u00fc-7.jpg\"><img loading=\"lazy\" decoding=\"async\" class=\"alignnone size-full wp-image-4171\" src=\"http:\/\/www.sabine-seyffert.de\/blog\/wp-content\/uploads\/2014\/06\/M\u00fc-7.jpg\" alt=\"M\u00fc 7\" width=\"600\" height=\"800\" srcset=\"https:\/\/www.sabine-seyffert.de\/blog\/wp-content\/uploads\/2014\/06\/M\u00fc-7.jpg 600w, https:\/\/www.sabine-seyffert.de\/blog\/wp-content\/uploads\/2014\/06\/M\u00fc-7-225x300.jpg 225w\" sizes=\"auto, (max-width: 600px) 100vw, 600px\" \/><\/a><\/p>\n<p style=\"text-align: justify;\">Hinter dem Haus M\u00fcngsten liegt eine gro\u00dfe Wiese, die zum Teil mit B\u00e4nken ausgestattet ist und von aus man auch direkt unten an die Wupper kommt. An warmen Tagen nat\u00fcrlich ein Highlight sich dort am k\u00fchlen Wasser zu erfrischen, mit den nackten Beinen durchs Wasser zu waten oder am Ufer ein bisschen zu Planschen. Ab und an kommen auch Kanus vorbei geschwommen, wenn der Wasserstand der Wupper sowie das Wetter es zul\u00e4sst.<\/p>\n<p style=\"text-align: center;\"><a href=\"http:\/\/www.sabine-seyffert.de\/blog\/wp-content\/uploads\/2014\/06\/M\u00fc-8.jpg\"><img loading=\"lazy\" decoding=\"async\" class=\"alignnone size-full wp-image-4172\" src=\"http:\/\/www.sabine-seyffert.de\/blog\/wp-content\/uploads\/2014\/06\/M\u00fc-8.jpg\" alt=\"M\u00fc 8\" width=\"600\" height=\"800\" srcset=\"https:\/\/www.sabine-seyffert.de\/blog\/wp-content\/uploads\/2014\/06\/M\u00fc-8.jpg 600w, https:\/\/www.sabine-seyffert.de\/blog\/wp-content\/uploads\/2014\/06\/M\u00fc-8-225x300.jpg 225w\" sizes=\"auto, (max-width: 600px) 100vw, 600px\" \/><\/a><\/p>\n<p style=\"text-align: justify;\">Noch ein St\u00fcck weiter findet man eine Minigolfanlage sowie die Schwebef\u00e4hre. Mit dieser kann man den Fluss hier \u00fcberqueren. Allerdings muss man hierbei auch selbst kr\u00e4ftig mit anfassen, damit die F\u00e4hre auf die andere Seite kommt \ud83d\ude09<\/p>\n<p style=\"text-align: center;\"><a href=\"http:\/\/www.sabine-seyffert.de\/blog\/wp-content\/uploads\/2014\/06\/M\u00fc-12.jpg\"><img loading=\"lazy\" decoding=\"async\" class=\"alignnone size-full wp-image-4176\" src=\"http:\/\/www.sabine-seyffert.de\/blog\/wp-content\/uploads\/2014\/06\/M\u00fc-12.jpg\" alt=\"M\u00fc 12\" width=\"800\" height=\"600\" srcset=\"https:\/\/www.sabine-seyffert.de\/blog\/wp-content\/uploads\/2014\/06\/M\u00fc-12.jpg 800w, https:\/\/www.sabine-seyffert.de\/blog\/wp-content\/uploads\/2014\/06\/M\u00fc-12-300x225.jpg 300w\" sizes=\"auto, (max-width: 800px) 100vw, 800px\" \/><\/a><\/p>\n<p style=\"text-align: justify;\">Dieses Mal jedoch sind wir erst einmal ein St\u00fcck durch den Wald gewandert. Hier findet man seit neuestem auch auf den Wegen lustige Skulpturen vom K\u00fcnstler <a href=\"http:\/\/weltersbeste.de\/BertholdWelter\/person.html\" target=\"_blank\" rel=\"noopener\">Berthold Welter<\/a>. Mich haben sie spontan ein wenig an den Gr\u00fcffelo aus dem beliebten Bilderbuch erinnert.<\/p>\n<p style=\"text-align: center;\"><a href=\"http:\/\/www.sabine-seyffert.de\/blog\/wp-content\/uploads\/2014\/06\/M\u00fc-11.jpg\"><img loading=\"lazy\" decoding=\"async\" class=\"alignnone size-full wp-image-4174\" src=\"http:\/\/www.sabine-seyffert.de\/blog\/wp-content\/uploads\/2014\/06\/M\u00fc-11.jpg\" alt=\"M\u00fc 11\" width=\"600\" height=\"800\" srcset=\"https:\/\/www.sabine-seyffert.de\/blog\/wp-content\/uploads\/2014\/06\/M\u00fc-11.jpg 600w, https:\/\/www.sabine-seyffert.de\/blog\/wp-content\/uploads\/2014\/06\/M\u00fc-11-225x300.jpg 225w\" sizes=\"auto, (max-width: 600px) 100vw, 600px\" \/><\/a><\/p>\n<p style=\"text-align: justify;\">In jedem Fall machen diese einen Spaziergang f\u00fcr Kinder deutlich interessanter. Wer dem Weg folgt kann bis zu <a href=\"http:\/\/www.sabine-seyffert.de\/blog\/?p=3994\" target=\"_blank\" rel=\"noopener\">Schloss Burg<\/a> wandern oder eine kleinere Runde im Wald drehen. In jedem Fall eine wundersch\u00f6ne Gegend, in der es allerhand zu entdecken gibt!<\/p>\n<p style=\"text-align: center;\"><a href=\"http:\/\/www.sabine-seyffert.de\/blog\/wp-content\/uploads\/2014\/06\/M\u00fc-10.jpg\"><img loading=\"lazy\" decoding=\"async\" class=\"alignnone size-full wp-image-4175\" src=\"http:\/\/www.sabine-seyffert.de\/blog\/wp-content\/uploads\/2014\/06\/M\u00fc-10.jpg\" alt=\"M\u00fc 10\" width=\"800\" height=\"600\" srcset=\"https:\/\/www.sabine-seyffert.de\/blog\/wp-content\/uploads\/2014\/06\/M\u00fc-10.jpg 800w, https:\/\/www.sabine-seyffert.de\/blog\/wp-content\/uploads\/2014\/06\/M\u00fc-10-300x225.jpg 300w\" sizes=\"auto, (max-width: 800px) 100vw, 800px\" \/><\/a><\/p>\n<p style=\"text-align: justify;\"><a href=\"http:\/\/www.sabine-seyffert.de\/blog\/?page_id=32#urheberrecht\">urheberrechtlich gesch\u00fctzt<\/a>, \u00a9 Sabine Seyffert<\/p>\n<p style=\"text-align: justify;\">\n","protected":false},"excerpt":{"rendered":"<p>Das Wochenende steht vor der T\u00fcr und die Sonne lacht. Habt Ihr Lust auf einen kleinen Ausflug? Dann begleitet mich doch heute einfach mal in den Br\u00fcckenpark M\u00fcngsten. In diesem befindet sich die ber\u00fchmte M\u00fcngstener Br\u00fccke, die gleich drei bergische St\u00e4dte Wuppertal, Solingen und Remscheid miteinander verbindet. Der Br\u00fcckenpark wurde vor einigen Jahren aufw\u00e4ndig erneuert&#8230; <a href=\"https:\/\/www.sabine-seyffert.de\/blog\/hier-gibt-es-allerhand-zu-entdecken\/\" class=\"more-link\">Read more: Hier gibt es allerhand zu entdecken!<\/a><\/p>\n","protected":false},"author":2,"featured_media":0,"comment_status":"open","ping_status":"open","sticky":false,"template":"","format":"standard","meta":{"_metis_text_type":"","_metis_text_length":2824,"_post_count":0,"footnotes":""},"categories":[39],"tags":[],"class_list":["post-4164","post","type-post","status-publish","format-standard","hentry","category-ausfluge-co"],"_links":{"self":[{"href":"https:\/\/www.sabine-seyffert.de\/blog\/wp-json\/wp\/v2\/posts\/4164","targetHints":{"allow":["GET"]}}],"collection":[{"href":"https:\/\/www.sabine-seyffert.de\/blog\/wp-json\/wp\/v2\/posts"}],"about":[{"href":"https:\/\/www.sabine-seyffert.de\/blog\/wp-json\/wp\/v2\/types\/post"}],"author":[{"embeddable":true,"href":"https:\/\/www.sabine-seyffert.de\/blog\/wp-json\/wp\/v2\/users\/2"}],"replies":[{"embeddable":true,"href":"https:\/\/www.sabine-seyffert.de\/blog\/wp-json\/wp\/v2\/comments?post=4164"}],"version-history":[{"count":9,"href":"https:\/\/www.sabine-seyffert.de\/blog\/wp-json\/wp\/v2\/posts\/4164\/revisions"}],"predecessor-version":[{"id":12820,"href":"https:\/\/www.sabine-seyffert.de\/blog\/wp-json\/wp\/v2\/posts\/4164\/revisions\/12820"}],"wp:attachment":[{"href":"https:\/\/www.sabine-seyffert.de\/blog\/wp-json\/wp\/v2\/media?parent=4164"}],"wp:term":[{"taxonomy":"category","embeddable":true,"href":"https:\/\/www.sabine-seyffert.de\/blog\/wp-json\/wp\/v2\/categories?post=4164"},{"taxonomy":"post_tag","embeddable":true,"href":"https:\/\/www.sabine-seyffert.de\/blog\/wp-json\/wp\/v2\/tags?post=4164"}],"curies":[{"name":"wp","href":"https:\/\/api.w.org\/{rel}","templated":true}]}}