{"id":4152,"date":"2014-06-10T07:05:54","date_gmt":"2014-06-10T05:05:54","guid":{"rendered":"http:\/\/www.sabine-seyffert.de\/blog\/?p=4152"},"modified":"2017-03-02T17:47:08","modified_gmt":"2017-03-02T15:47:08","slug":"ein-praktisches-diy-fuer-die-naechste-party","status":"publish","type":"post","link":"https:\/\/www.sabine-seyffert.de\/blog\/ein-praktisches-diy-fuer-die-naechste-party\/","title":{"rendered":"Ein praktisches DIY f\u00fcr die n\u00e4chste Party"},"content":{"rendered":"<p style=\"text-align: justify;\"><img loading=\"lazy\" decoding=\"async\" src=\"https:\/\/ssl-vg03.met.vgwort.de\/na\/eebfa4036e7e40758068e8caa2e71d05\" alt=\"\" width=\"1\" height=\"1\" \/>Auf gr\u00f6\u00dferen Feiern gibt es meist reichhaltige Buffets. Was bei einem Kaffeetrinken noch recht einfach ist, in dem man alle Kuchen aufz\u00e4hlt, ist das bei einem Fr\u00fchst\u00fcck, Brunch oder abendlichen Buffet schon deutlich schwieriger. Um \u00dcberraschungen zu vermeiden habe ich neulich einfach einen Schwung Etiketten gebastelt um dem vorzubeugen und allen G\u00e4sten gut sichtbar anzuzeigen, um was es sich bei der jeweiligen K\u00f6stlichkeit handelt.<\/p>\n<p style=\"text-align: center;\"><a href=\"http:\/\/www.sabine-seyffert.de\/blog\/wp-content\/uploads\/2014\/06\/Schild-5.jpg\"><img loading=\"lazy\" decoding=\"async\" class=\"alignnone size-full wp-image-4153\" src=\"http:\/\/www.sabine-seyffert.de\/blog\/wp-content\/uploads\/2014\/06\/Schild-5.jpg\" alt=\"Schild 5\" width=\"800\" height=\"600\" srcset=\"https:\/\/www.sabine-seyffert.de\/blog\/wp-content\/uploads\/2014\/06\/Schild-5.jpg 800w, https:\/\/www.sabine-seyffert.de\/blog\/wp-content\/uploads\/2014\/06\/Schild-5-300x225.jpg 300w\" sizes=\"auto, (max-width: 800px) 100vw, 800px\" \/><\/a><\/p>\n<p style=\"text-align: justify;\"><strong>Das wird gebraucht:<\/strong><br \/>\nSchaschlikspie\u00dfe aus Holz, farbiges Papier, Kraftpapier oder ersatzweise dicker Tonkarton, Klebestift, Schere, Lochzange, Metall\u00f6sen, Nietenzange, Motivlocher, Kordel und einen Drucker<\/p>\n<p style=\"text-align: center;\"><a href=\"http:\/\/www.sabine-seyffert.de\/blog\/wp-content\/uploads\/2014\/06\/Schild-4.jpg\"><img loading=\"lazy\" decoding=\"async\" class=\"alignnone size-full wp-image-4154\" src=\"http:\/\/www.sabine-seyffert.de\/blog\/wp-content\/uploads\/2014\/06\/Schild-4.jpg\" alt=\"Schild 4\" width=\"800\" height=\"600\" srcset=\"https:\/\/www.sabine-seyffert.de\/blog\/wp-content\/uploads\/2014\/06\/Schild-4.jpg 800w, https:\/\/www.sabine-seyffert.de\/blog\/wp-content\/uploads\/2014\/06\/Schild-4-300x225.jpg 300w\" sizes=\"auto, (max-width: 800px) 100vw, 800px\" \/><\/a><\/p>\n<p style=\"text-align: justify;\"><strong>So wird\u2019s gemacht:<\/strong><br \/>\nBei uns gab es zwei unterschiedliche Ausf\u00fchrungen. Einmal bunte Spie\u00dfe f\u00fcr Salate, Kuchen und Nachspeisen, die man in Muffins stecken oder mit etwas Tesafilm an die Sch\u00fcsseln kleben konnte und h\u00e4ngende Etiketten f\u00fcr Marmelade, Honig sowie Aufstriche jeglicher Art.<\/p>\n<p style=\"text-align: center;\"><a href=\"http:\/\/www.sabine-seyffert.de\/blog\/wp-content\/uploads\/2014\/06\/Schild-7.jpg\"><img loading=\"lazy\" decoding=\"async\" class=\"alignnone size-full wp-image-4155\" src=\"http:\/\/www.sabine-seyffert.de\/blog\/wp-content\/uploads\/2014\/06\/Schild-7.jpg\" alt=\"Schild 7\" width=\"800\" height=\"600\" srcset=\"https:\/\/www.sabine-seyffert.de\/blog\/wp-content\/uploads\/2014\/06\/Schild-7.jpg 800w, https:\/\/www.sabine-seyffert.de\/blog\/wp-content\/uploads\/2014\/06\/Schild-7-300x225.jpg 300w\" sizes=\"auto, (max-width: 800px) 100vw, 800px\" \/><\/a><\/p>\n<p style=\"text-align: justify;\">F\u00fcr die Spie\u00dfe schreibt man die vorhandenen Gerichte einfach auf ein A4 Blatt und druckt diese auf farbigem Druckerpapier aus. Diese habe ich mit einem Motivlocher ausgestanzt. Um diese Schilder an den langen Holzst\u00e4ben befestigen zu k\u00f6nnen, habe ich f\u00fcr die R\u00fcckseiten unifarbene Ovale \/ Kreise ausgetanzt. Nun bestreicht man ein Papiermotiv mit Kleber, legt den Holzstab mittig dazwischen und klebt die bedruckte Seite von der anderen Seite dagegen.<\/p>\n<p style=\"text-align: center;\"><a href=\"http:\/\/www.sabine-seyffert.de\/blog\/wp-content\/uploads\/2014\/06\/Schild-8.jpg\"><img loading=\"lazy\" decoding=\"async\" class=\"alignnone size-full wp-image-4156\" src=\"http:\/\/www.sabine-seyffert.de\/blog\/wp-content\/uploads\/2014\/06\/Schild-8.jpg\" alt=\"Schild 8\" width=\"800\" height=\"600\" srcset=\"https:\/\/www.sabine-seyffert.de\/blog\/wp-content\/uploads\/2014\/06\/Schild-8.jpg 800w, https:\/\/www.sabine-seyffert.de\/blog\/wp-content\/uploads\/2014\/06\/Schild-8-300x225.jpg 300w\" sizes=\"auto, (max-width: 800px) 100vw, 800px\" \/><\/a><\/p>\n<p style=\"text-align: justify;\">F\u00fcr die h\u00e4ngenden Etiketten habe ich ebenfalls alle f\u00fcr das Buffet vorgesehenen Speisen wie selbst gemachte Marmeladen, Honig, Kr\u00e4uterbutter sowie die vielen Dips und selbst gemachten Aufstriche in einer daf\u00fcr vorgesehener Datei aufgelistet (denkt an <strong><span style=\"text-decoration: underline;\">ausreichend<\/span><\/strong> Abstand, damit diese auch vollst\u00e4ndig ausgestanzt werden k\u00f6nnen ohne das Etikett daneben zu besch\u00e4digen!) und auf Kraftpapiert ausgedruckt.<\/p>\n<p style=\"text-align: center;\"><a href=\"http:\/\/www.sabine-seyffert.de\/blog\/wp-content\/uploads\/2014\/06\/Schild-1.jpg\"><img loading=\"lazy\" decoding=\"async\" class=\"alignnone size-full wp-image-4157\" src=\"http:\/\/www.sabine-seyffert.de\/blog\/wp-content\/uploads\/2014\/06\/Schild-1.jpg\" alt=\"Schild 1\" width=\"800\" height=\"600\" srcset=\"https:\/\/www.sabine-seyffert.de\/blog\/wp-content\/uploads\/2014\/06\/Schild-1.jpg 800w, https:\/\/www.sabine-seyffert.de\/blog\/wp-content\/uploads\/2014\/06\/Schild-1-300x225.jpg 300w\" sizes=\"auto, (max-width: 800px) 100vw, 800px\" \/><\/a><\/p>\n<p style=\"text-align: justify;\">Diese habe ich mit dem Etikettenlocher ausgestanzt und am oberen Ende mit der Lochzange gelocht. Durch die \u00d6ffnung habe ich eine Metall\u00f6se gestecht und mit Hilfe der Nietenzange befestigt, so dass das Etikett nicht einrei\u00dft, wenn man eine Kordel durchsteckt. Mit Hilfe der Kordel haben wir diese Etiketten an den entsprechenden Gl\u00e4sern, Flaschen und auch Kr\u00fcgen befestigt.<\/p>\n<p style=\"text-align: center;\"><a href=\"http:\/\/www.sabine-seyffert.de\/blog\/wp-content\/uploads\/2014\/06\/Schild-2.jpg\"><img loading=\"lazy\" decoding=\"async\" class=\"alignnone size-full wp-image-4158\" src=\"http:\/\/www.sabine-seyffert.de\/blog\/wp-content\/uploads\/2014\/06\/Schild-2.jpg\" alt=\"Schild 2\" width=\"800\" height=\"600\" srcset=\"https:\/\/www.sabine-seyffert.de\/blog\/wp-content\/uploads\/2014\/06\/Schild-2.jpg 800w, https:\/\/www.sabine-seyffert.de\/blog\/wp-content\/uploads\/2014\/06\/Schild-2-300x225.jpg 300w\" sizes=\"auto, (max-width: 800px) 100vw, 800px\" \/><\/a><\/p>\n<p style=\"text-align: justify;\"><strong>Ein kleiner Tipp:<\/strong><br \/>\nDie Etiketten lassen sich im Anschlu\u00df prima in einem kleinen Glas oder eine Schachtel f\u00fcr die n\u00e4chste Party aufbewahren!<\/p>\n<p style=\"text-align: center;\"><a href=\"http:\/\/www.sabine-seyffert.de\/blog\/wp-content\/uploads\/2014\/06\/Schild-3.jpg\"><img loading=\"lazy\" decoding=\"async\" class=\"alignnone size-full wp-image-4159\" src=\"http:\/\/www.sabine-seyffert.de\/blog\/wp-content\/uploads\/2014\/06\/Schild-3.jpg\" alt=\"Schild 3\" width=\"800\" height=\"600\" srcset=\"https:\/\/www.sabine-seyffert.de\/blog\/wp-content\/uploads\/2014\/06\/Schild-3.jpg 800w, https:\/\/www.sabine-seyffert.de\/blog\/wp-content\/uploads\/2014\/06\/Schild-3-300x225.jpg 300w\" sizes=\"auto, (max-width: 800px) 100vw, 800px\" \/><\/a><\/p>\n<p style=\"text-align: justify;\">Mehr Ideen rund um Gartenparty, Sommerfest &amp; Co. findet Ihr in <a href=\"http:\/\/www.sabine-seyffert.de\/blog\/?cat=21\" target=\"_blank\">dieser Rubrik<\/a> und andere kreative Ideen bei <a href=\"http:\/\/www.creadienstag.de\/2014\/06\/127.html\" target=\"_blank\">Anke<\/a>!<br \/>\n<a href=\"http:\/\/www.sabine-seyffert.de\/blog\/?page_id=32#urheberrecht\">urheberrechtlich gesch\u00fctzt<\/a>, \u00a9 Sabine Seyffert<\/p>\n","protected":false},"excerpt":{"rendered":"<p>Auf gr\u00f6\u00dferen Feiern gibt es meist reichhaltige Buffets. Was bei einem Kaffeetrinken noch recht einfach ist, in dem man alle Kuchen aufz\u00e4hlt, ist das bei einem Fr\u00fchst\u00fcck, Brunch oder abendlichen Buffet schon deutlich schwieriger. Um \u00dcberraschungen zu vermeiden habe ich neulich einfach einen Schwung Etiketten gebastelt um dem vorzubeugen und allen G\u00e4sten gut sichtbar anzuzeigen,&#8230; <a href=\"https:\/\/www.sabine-seyffert.de\/blog\/ein-praktisches-diy-fuer-die-naechste-party\/\" class=\"more-link\">Read more: Ein praktisches DIY f\u00fcr die n\u00e4chste Party<\/a><\/p>\n","protected":false},"author":2,"featured_media":0,"comment_status":"open","ping_status":"open","sticky":false,"template":"","format":"standard","meta":{"_metis_text_type":"","_metis_text_length":2454,"_post_count":0,"footnotes":""},"categories":[12,21],"tags":[],"class_list":["post-4152","post","type-post","status-publish","format-standard","hentry","category-deko-ideen","category-kinderfeste-partys"],"_links":{"self":[{"href":"https:\/\/www.sabine-seyffert.de\/blog\/wp-json\/wp\/v2\/posts\/4152","targetHints":{"allow":["GET"]}}],"collection":[{"href":"https:\/\/www.sabine-seyffert.de\/blog\/wp-json\/wp\/v2\/posts"}],"about":[{"href":"https:\/\/www.sabine-seyffert.de\/blog\/wp-json\/wp\/v2\/types\/post"}],"author":[{"embeddable":true,"href":"https:\/\/www.sabine-seyffert.de\/blog\/wp-json\/wp\/v2\/users\/2"}],"replies":[{"embeddable":true,"href":"https:\/\/www.sabine-seyffert.de\/blog\/wp-json\/wp\/v2\/comments?post=4152"}],"version-history":[{"count":3,"href":"https:\/\/www.sabine-seyffert.de\/blog\/wp-json\/wp\/v2\/posts\/4152\/revisions"}],"predecessor-version":[{"id":9744,"href":"https:\/\/www.sabine-seyffert.de\/blog\/wp-json\/wp\/v2\/posts\/4152\/revisions\/9744"}],"wp:attachment":[{"href":"https:\/\/www.sabine-seyffert.de\/blog\/wp-json\/wp\/v2\/media?parent=4152"}],"wp:term":[{"taxonomy":"category","embeddable":true,"href":"https:\/\/www.sabine-seyffert.de\/blog\/wp-json\/wp\/v2\/categories?post=4152"},{"taxonomy":"post_tag","embeddable":true,"href":"https:\/\/www.sabine-seyffert.de\/blog\/wp-json\/wp\/v2\/tags?post=4152"}],"curies":[{"name":"wp","href":"https:\/\/api.w.org\/{rel}","templated":true}]}}