{"id":415,"date":"2013-02-14T12:39:12","date_gmt":"2013-02-14T10:39:12","guid":{"rendered":"http:\/\/www.sabine-seyffert.de\/blog\/?p=415"},"modified":"2015-09-21T18:25:19","modified_gmt":"2015-09-21T16:25:19","slug":"morgen","status":"publish","type":"post","link":"https:\/\/www.sabine-seyffert.de\/blog\/morgen\/","title":{"rendered":"Morgen&#8230;"},"content":{"rendered":"<p style=\"text-align: justify;\"><img loading=\"lazy\" decoding=\"async\" src=\"https:\/\/ssl-vg03.met.vgwort.de\/na\/967495cbe019444e9f3e9573198b6ff9\" alt=\"\" width=\"1\" height=\"1\" \/>Eigentlich bin ich ein richtig kleiner Morgenmuffel, um den man zur fr\u00fchen Stunde besser einen Bogen macht. Fr\u00fch aufstehen, liegt mir nicht besonders. Fr\u00fcher habe ich gerne den lieben Vormittag verschlafen, wenn es die Zeit zulie\u00df, aber seit ich Kinder habe,\u00a0 klingelt w\u00e4hrend der Woche bereits um 6 Uhr in der Fr\u00fch mein Wecker\u2026 Und gerade im Winter f\u00e4llt das Aufstehen doppelt schwer, zumindest mir. Nur wenn der Winter sich von seiner sch\u00f6nsten Seite zeigt, spring ich aus dem Bett. Dann zieht es mich regelrecht nach Drau\u00dfen.<\/p>\n<p><a href=\"http:\/\/www.sabine-seyffert.de\/blog\/wp-content\/uploads\/2013\/02\/Morgen-1.jpg\"><img loading=\"lazy\" decoding=\"async\" class=\"size-full wp-image-417 aligncenter\" src=\"http:\/\/www.sabine-seyffert.de\/blog\/wp-content\/uploads\/2013\/02\/Morgen-1.jpg\" alt=\"Morgen 1\" width=\"590\" height=\"787\" srcset=\"https:\/\/www.sabine-seyffert.de\/blog\/wp-content\/uploads\/2013\/02\/Morgen-1.jpg 800w, https:\/\/www.sabine-seyffert.de\/blog\/wp-content\/uploads\/2013\/02\/Morgen-1-224x300.jpg 224w, https:\/\/www.sabine-seyffert.de\/blog\/wp-content\/uploads\/2013\/02\/Morgen-1-767x1024.jpg 767w\" sizes=\"auto, (max-width: 590px) 100vw, 590px\" \/><\/a><br \/>\nLetzte Woche war wieder so ein ganz winterlicher Morgen mit Schnee wohin das Auge reicht. Genau der richtige Zeitpunkt f\u00fcr einen ausgiebigen Morgenspaziergang. So habe ich mir meine 14 j\u00e4hrige Tochter geschnappt, den Fotoapparat und nachdem wir unsere J\u00fcngste im Bunde im Kindergarten abgeliefert haben, ging es geradewegs in den Wald: Sch\u00f6n, kann ich da nur sagen und wusste vor lauter Wei\u00df um mich herum gar nicht wo ich zu erste Fotos machen sollte. Auch wenn der Himmel d\u00fcster, grau und verhangen war und die Bilder wirken, als w\u00e4ren es schwarz-wei\u00df Aufnahmen, so genie\u00dfe ich in solchen Momenten jeden Augenblick in vollen Z\u00fcgen. Wie hei\u00dft es bei <a href=\"http:\/\/luziapimpinella.blogspot.de\/2013\/02\/beauty-is-where-you-find-it-52.html\" target=\"_blank\">Luzia Pimpinella<\/a> so sch\u00f6n: Beauty is where you find it. Wie wahr! Allein die absolute Ruhe ist himmlisch. Alles liegt still und friedlich da. Man hat das Gef\u00fchl mit dem Schnee hat sich alles verlangsamt. Kaum ein Ger\u00e4usch ist zu vernehmen. Solche Spazierg\u00e4nge schenken mir reichlich Kraft und innere Ruhe. Das kann mir die winterliche K\u00e4lte auch nicht madig machen. F\u00fcr den Fall r\u00fcstet man sich eben mit zus\u00e4tzlicher Kleidung.<\/p>\n<p>&nbsp;<\/p>\n<p><a href=\"http:\/\/www.sabine-seyffert.de\/blog\/wp-content\/uploads\/2013\/02\/morgen-2.jpg\"><img loading=\"lazy\" decoding=\"async\" class=\"size-full wp-image-418 aligncenter\" src=\"http:\/\/www.sabine-seyffert.de\/blog\/wp-content\/uploads\/2013\/02\/morgen-2.jpg\" alt=\"morgen 2\" width=\"616\" height=\"820\" \/><\/a><\/p>\n<p style=\"text-align: justify;\">Auch heute Morgen war ich mit meiner Freundin im Wald spazieren. Wenn es zeitlich passt, drehen wir beide gerne eine ausgiebige Runde. Das haben wir fr\u00fcher schon samt Babys und Kinderwagen getan, die wir \u00fcber Stock, Stein und Unterholz geschoben haben. Und heute haben wir trotz Eisesk\u00e4lte bei dem Spaziergang die erste Begegnung mit dem Fr\u00fchling gemacht. An den Zweigen eines Strauchs waren lauter \u201efr\u00fchlingsgr\u00fcne\u201c Bl\u00e4tter zu finden. Zwar klein, aber ein Augenfang in der winterlichen Landschaft\u2026<\/p>\n<p><a href=\"http:\/\/www.sabine-seyffert.de\/blog\/wp-content\/uploads\/2013\/02\/morgen-3.jpg\"><img loading=\"lazy\" decoding=\"async\" class=\"size-full wp-image-419 aligncenter\" src=\"http:\/\/www.sabine-seyffert.de\/blog\/wp-content\/uploads\/2013\/02\/morgen-3.jpg\" alt=\"morgen 3\" width=\"579\" height=\"771\" \/><\/a><br \/>\n<a href=\"http:\/\/www.sabine-seyffert.de\/blog\/?page_id=32#urheberrecht\">urherrechtlich gesch\u00fctzt<\/a>, \u00a9 Sabine Seyffert<\/p>\n","protected":false},"excerpt":{"rendered":"<p>Eigentlich bin ich ein richtig kleiner Morgenmuffel, um den man zur fr\u00fchen Stunde besser einen Bogen macht. Fr\u00fch aufstehen, liegt mir nicht besonders. Fr\u00fcher habe ich gerne den lieben Vormittag verschlafen, wenn es die Zeit zulie\u00df, aber seit ich Kinder habe,\u00a0 klingelt w\u00e4hrend der Woche bereits um 6 Uhr in der Fr\u00fch mein Wecker\u2026 Und&#8230; <a href=\"https:\/\/www.sabine-seyffert.de\/blog\/morgen\/\" class=\"more-link\">Read more: Morgen&#8230;<\/a><\/p>\n","protected":false},"author":1,"featured_media":0,"comment_status":"open","ping_status":"open","sticky":false,"template":"","format":"standard","meta":{"_metis_text_type":"","_metis_text_length":2155,"_post_count":0,"footnotes":""},"categories":[22],"tags":[],"class_list":["post-415","post","type-post","status-publish","format-standard","hentry","category-winter"],"_links":{"self":[{"href":"https:\/\/www.sabine-seyffert.de\/blog\/wp-json\/wp\/v2\/posts\/415","targetHints":{"allow":["GET"]}}],"collection":[{"href":"https:\/\/www.sabine-seyffert.de\/blog\/wp-json\/wp\/v2\/posts"}],"about":[{"href":"https:\/\/www.sabine-seyffert.de\/blog\/wp-json\/wp\/v2\/types\/post"}],"author":[{"embeddable":true,"href":"https:\/\/www.sabine-seyffert.de\/blog\/wp-json\/wp\/v2\/users\/1"}],"replies":[{"embeddable":true,"href":"https:\/\/www.sabine-seyffert.de\/blog\/wp-json\/wp\/v2\/comments?post=415"}],"version-history":[{"count":9,"href":"https:\/\/www.sabine-seyffert.de\/blog\/wp-json\/wp\/v2\/posts\/415\/revisions"}],"predecessor-version":[{"id":6124,"href":"https:\/\/www.sabine-seyffert.de\/blog\/wp-json\/wp\/v2\/posts\/415\/revisions\/6124"}],"wp:attachment":[{"href":"https:\/\/www.sabine-seyffert.de\/blog\/wp-json\/wp\/v2\/media?parent=415"}],"wp:term":[{"taxonomy":"category","embeddable":true,"href":"https:\/\/www.sabine-seyffert.de\/blog\/wp-json\/wp\/v2\/categories?post=415"},{"taxonomy":"post_tag","embeddable":true,"href":"https:\/\/www.sabine-seyffert.de\/blog\/wp-json\/wp\/v2\/tags?post=415"}],"curies":[{"name":"wp","href":"https:\/\/api.w.org\/{rel}","templated":true}]}}