{"id":4137,"date":"2014-06-07T10:34:35","date_gmt":"2014-06-07T08:34:35","guid":{"rendered":"http:\/\/www.sabine-seyffert.de\/blog\/?p=4137"},"modified":"2018-06-26T08:44:50","modified_gmt":"2018-06-26T06:44:50","slug":"ganz-schoen-pieksig","status":"publish","type":"post","link":"https:\/\/www.sabine-seyffert.de\/blog\/ganz-schoen-pieksig\/","title":{"rendered":"Ganz sch\u00f6n pieksig\u2026"},"content":{"rendered":"<p style=\"text-align: center;\"><img loading=\"lazy\" decoding=\"async\" src=\"https:\/\/ssl-vg03.met.vgwort.de\/na\/730741e07078466db03d7c63f435db00\" alt=\"\" width=\"1\" height=\"1\" \/><a href=\"http:\/\/www.sabine-seyffert.de\/blog\/wp-content\/uploads\/2014\/06\/A-1.jpg\"><img loading=\"lazy\" decoding=\"async\" class=\"alignnone size-full wp-image-4138\" src=\"http:\/\/www.sabine-seyffert.de\/blog\/wp-content\/uploads\/2014\/06\/A-1.jpg\" alt=\"A 1\" width=\"800\" height=\"600\" srcset=\"https:\/\/www.sabine-seyffert.de\/blog\/wp-content\/uploads\/2014\/06\/A-1.jpg 800w, https:\/\/www.sabine-seyffert.de\/blog\/wp-content\/uploads\/2014\/06\/A-1-300x225.jpg 300w\" sizes=\"auto, (max-width: 800px) 100vw, 800px\" \/><\/a><\/p>\n<p style=\"text-align: justify;\">Als wir vor einiger Zeit den <a href=\"http:\/\/www.sabine-seyffert.de\/blog\/?p=4076\" target=\"_blank\" rel=\"noopener\">Botanischen Garten<\/a> in Solingen besucht haben, gab es noch allerhand weitere Dinge zu erkunden.<\/p>\n<p style=\"text-align: center;\"><a href=\"http:\/\/www.sabine-seyffert.de\/blog\/wp-content\/uploads\/2014\/06\/A-2.jpg\"><img loading=\"lazy\" decoding=\"async\" class=\"alignnone size-full wp-image-4139\" src=\"http:\/\/www.sabine-seyffert.de\/blog\/wp-content\/uploads\/2014\/06\/A-2.jpg\" alt=\"A 2\" width=\"800\" height=\"600\" srcset=\"https:\/\/www.sabine-seyffert.de\/blog\/wp-content\/uploads\/2014\/06\/A-2.jpg 800w, https:\/\/www.sabine-seyffert.de\/blog\/wp-content\/uploads\/2014\/06\/A-2-300x225.jpg 300w\" sizes=\"auto, (max-width: 800px) 100vw, 800px\" \/><\/a><\/p>\n<p style=\"text-align: justify;\">Unter anderem sind \u00fcberall in der Parkanlage kunstvolle Skulpturen zu entdecken, die von der Jugendhilfe Werkstatt Solingen selbst entworfen und von Hand angefertigt wurden. Jedes der vielen Kunstwerke, die wir dort bei unserem Besuch entdecken konnten, hatte seinen ganz eigenen Charme.<\/p>\n<p style=\"text-align: center;\"><a href=\"http:\/\/www.sabine-seyffert.de\/blog\/wp-content\/uploads\/2014\/06\/A-9.jpg\"><img loading=\"lazy\" decoding=\"async\" class=\"alignnone size-full wp-image-4140\" src=\"http:\/\/www.sabine-seyffert.de\/blog\/wp-content\/uploads\/2014\/06\/A-9.jpg\" alt=\"A 9\" width=\"600\" height=\"800\" srcset=\"https:\/\/www.sabine-seyffert.de\/blog\/wp-content\/uploads\/2014\/06\/A-9.jpg 600w, https:\/\/www.sabine-seyffert.de\/blog\/wp-content\/uploads\/2014\/06\/A-9-225x300.jpg 225w\" sizes=\"auto, (max-width: 600px) 100vw, 600px\" \/><\/a><\/p>\n<p style=\"text-align: justify;\">Besonders gefreut haben wir uns nat\u00fcrlich \u00fcber den riesengro\u00dfen Schmetterling, der dort auf der Wiese gelandet ist. Denn auch bei uns sind ja bereits <a href=\"http:\/\/www.sabine-seyffert.de\/blog\/?p=4057\" target=\"_blank\" rel=\"noopener\">einige bunte Falter<\/a> gelandet und ein paar davon haben es sich sogar in <a href=\"http:\/\/www.sabine-seyffert.de\/blog\/?p=1477\" target=\"_blank\" rel=\"noopener\">unserem Garten<\/a> ganz bequem gemacht. Es ist immer wieder sch\u00f6n zu sehen wie viel verschiedene Schmetterlingsarten man so findet, wenn man nur die Augen offen h\u00e4lt \ud83d\ude42<\/p>\n<p style=\"text-align: center;\"><a href=\"http:\/\/www.sabine-seyffert.de\/blog\/wp-content\/uploads\/2014\/06\/Bi-4.jpg\"><img loading=\"lazy\" decoding=\"async\" class=\"alignnone size-full wp-image-4141\" src=\"http:\/\/www.sabine-seyffert.de\/blog\/wp-content\/uploads\/2014\/06\/Bi-4.jpg\" alt=\"Bi 4\" width=\"800\" height=\"600\" srcset=\"https:\/\/www.sabine-seyffert.de\/blog\/wp-content\/uploads\/2014\/06\/Bi-4.jpg 800w, https:\/\/www.sabine-seyffert.de\/blog\/wp-content\/uploads\/2014\/06\/Bi-4-300x225.jpg 300w\" sizes=\"auto, (max-width: 800px) 100vw, 800px\" \/><\/a><\/p>\n<p style=\"text-align: justify;\">Zum Schluss als sich der Himmel schon wieder bedenklich zusammenzog und dicke Regenwolken n\u00e4her r\u00fcckten, haben wir spontan noch einen Blick ins Kakteenhaus geworfen. Zugegeben \u2013 Kakteen sind eigentlich nicht so meins \u2013 aber bei unserem Besuch fiel mir auf, dass manche von ihnen richtig fotogen sind.<\/p>\n<p style=\"text-align: center;\"><a href=\"http:\/\/www.sabine-seyffert.de\/blog\/wp-content\/uploads\/2014\/06\/A-3.jpg\"><img loading=\"lazy\" decoding=\"async\" class=\"alignnone size-full wp-image-4142\" src=\"http:\/\/www.sabine-seyffert.de\/blog\/wp-content\/uploads\/2014\/06\/A-3.jpg\" alt=\"A 3\" width=\"800\" height=\"600\" srcset=\"https:\/\/www.sabine-seyffert.de\/blog\/wp-content\/uploads\/2014\/06\/A-3.jpg 800w, https:\/\/www.sabine-seyffert.de\/blog\/wp-content\/uploads\/2014\/06\/A-3-300x225.jpg 300w\" sizes=\"auto, (max-width: 800px) 100vw, 800px\" \/><\/a><\/p>\n<p style=\"text-align: justify;\">Und wenn man mal genauer hinschaut (<span style=\"text-decoration: underline;\"><strong>Achtung<\/strong><\/span> \u2013 die Kakteen sind durchweg ganz schon pieksig!!! \u00dcbrigens auch die, die gar nicht so aussehen. Woher ich das wei\u00df? Offenbar geh\u00f6re ich zu den Leuten, die aus Schaden klug werden, oder wie hei\u00dft es so sch\u00f6n?), dann sieht man auch die vielen Unterschiede der Struktur, Stacheln und der Farbe.<\/p>\n<p style=\"text-align: justify;\"><a href=\"http:\/\/www.sabine-seyffert.de\/blog\/wp-content\/uploads\/2014\/06\/A-4.jpg\"><img loading=\"lazy\" decoding=\"async\" class=\"size-full wp-image-4143 aligncenter\" src=\"http:\/\/www.sabine-seyffert.de\/blog\/wp-content\/uploads\/2014\/06\/A-4.jpg\" alt=\"A 4\" width=\"800\" height=\"600\" srcset=\"https:\/\/www.sabine-seyffert.de\/blog\/wp-content\/uploads\/2014\/06\/A-4.jpg 800w, https:\/\/www.sabine-seyffert.de\/blog\/wp-content\/uploads\/2014\/06\/A-4-300x225.jpg 300w\" sizes=\"auto, (max-width: 800px) 100vw, 800px\" \/><\/a><br \/>\nBesonders angetan haben es mir die Kakteen mit den Bl\u00fcten. Die pinken Bl\u00fcten sahen fast wie eine fr\u00fchlingshafte Geburtstagskrone aus, irgendwie ganz feierlich und rundum fr\u00f6hlich.<\/p>\n<p style=\"text-align: center;\"><a href=\"http:\/\/www.sabine-seyffert.de\/blog\/wp-content\/uploads\/2014\/06\/A-5.jpg\"><img loading=\"lazy\" decoding=\"async\" class=\"alignnone size-full wp-image-4144\" src=\"http:\/\/www.sabine-seyffert.de\/blog\/wp-content\/uploads\/2014\/06\/A-5.jpg\" alt=\"A 5\" width=\"800\" height=\"600\" srcset=\"https:\/\/www.sabine-seyffert.de\/blog\/wp-content\/uploads\/2014\/06\/A-5.jpg 800w, https:\/\/www.sabine-seyffert.de\/blog\/wp-content\/uploads\/2014\/06\/A-5-300x225.jpg 300w\" sizes=\"auto, (max-width: 800px) 100vw, 800px\" \/><\/a><\/p>\n<p style=\"text-align: justify;\">Ein kleiner Ausflug in den Botanischen Garten ist wie eine kleine \u201eAuszeit\u201c und wirklich zu empfehlen. Wer weitere Ausflugstipps f\u00fcrs Pfingstwochenende, die Ferienzeit o.\u00e4. sucht, wird in <a href=\"http:\/\/www.sabine-seyffert.de\/blog\/?cat=39\" target=\"_blank\" rel=\"noopener\">dieser Rubrik<\/a> sicherlich f\u00fcndig.<\/p>\n<p style=\"text-align: center;\"><a href=\"http:\/\/www.sabine-seyffert.de\/blog\/wp-content\/uploads\/2014\/06\/A-6.jpg\"><img loading=\"lazy\" decoding=\"async\" class=\"alignnone size-full wp-image-4145\" src=\"http:\/\/www.sabine-seyffert.de\/blog\/wp-content\/uploads\/2014\/06\/A-6.jpg\" alt=\"A 6\" width=\"800\" height=\"600\" srcset=\"https:\/\/www.sabine-seyffert.de\/blog\/wp-content\/uploads\/2014\/06\/A-6.jpg 800w, https:\/\/www.sabine-seyffert.de\/blog\/wp-content\/uploads\/2014\/06\/A-6-300x225.jpg 300w\" sizes=\"auto, (max-width: 800px) 100vw, 800px\" \/><\/a><\/p>\n<p style=\"text-align: justify;\">Zu guter Letzt noch ein Dank an Herrn Siering, Leiter der Jugendhilfe Werkstatt Solingen f\u00fcr die freundliche Genehmigung, dass ich die fotografierten Skulpturen auf meinen Blog stellen darf!<\/p>\n<p style=\"text-align: center;\"><a href=\"http:\/\/www.sabine-seyffert.de\/blog\/wp-content\/uploads\/2014\/06\/A-8.jpg\"><img loading=\"lazy\" decoding=\"async\" class=\"alignnone size-full wp-image-4146\" src=\"http:\/\/www.sabine-seyffert.de\/blog\/wp-content\/uploads\/2014\/06\/A-8.jpg\" alt=\"A 8\" width=\"800\" height=\"600\" srcset=\"https:\/\/www.sabine-seyffert.de\/blog\/wp-content\/uploads\/2014\/06\/A-8.jpg 800w, https:\/\/www.sabine-seyffert.de\/blog\/wp-content\/uploads\/2014\/06\/A-8-300x225.jpg 300w\" sizes=\"auto, (max-width: 800px) 100vw, 800px\" \/><\/a><\/p>\n<p style=\"text-align: justify;\">Ich w\u00fcnsche allen ganz sonnige, erholsame Pfingstage \ud83d\ude42<\/p>\n<p style=\"text-align: center;\"><a href=\"http:\/\/www.sabine-seyffert.de\/blog\/wp-content\/uploads\/2014\/06\/A-7.jpg\"><img loading=\"lazy\" decoding=\"async\" class=\"alignnone size-full wp-image-4147\" src=\"http:\/\/www.sabine-seyffert.de\/blog\/wp-content\/uploads\/2014\/06\/A-7.jpg\" alt=\"A 7\" width=\"799\" height=\"655\" srcset=\"https:\/\/www.sabine-seyffert.de\/blog\/wp-content\/uploads\/2014\/06\/A-7.jpg 799w, https:\/\/www.sabine-seyffert.de\/blog\/wp-content\/uploads\/2014\/06\/A-7-300x245.jpg 300w\" sizes=\"auto, (max-width: 799px) 100vw, 799px\" \/><\/a><\/p>\n<p style=\"text-align: justify;\"><a href=\"http:\/\/www.sabine-seyffert.de\/blog\/?page_id=32#urheberrecht\">urheberrechtlich gesch\u00fctzt<\/a>, \u00a9 Sabine Seyffert<\/p>\n<p style=\"text-align: justify;\">\n","protected":false},"excerpt":{"rendered":"<p>Als wir vor einiger Zeit den Botanischen Garten in Solingen besucht haben, gab es noch allerhand weitere Dinge zu erkunden. Unter anderem sind \u00fcberall in der Parkanlage kunstvolle Skulpturen zu entdecken, die von der Jugendhilfe Werkstatt Solingen selbst entworfen und von Hand angefertigt wurden. Jedes der vielen Kunstwerke, die wir dort bei unserem Besuch entdecken&#8230; <a href=\"https:\/\/www.sabine-seyffert.de\/blog\/ganz-schoen-pieksig\/\" class=\"more-link\">Read more: Ganz sch\u00f6n pieksig\u2026<\/a><\/p>\n","protected":false},"author":2,"featured_media":0,"comment_status":"open","ping_status":"open","sticky":false,"template":"","format":"standard","meta":{"_metis_text_type":"","_metis_text_length":2126,"_post_count":0,"footnotes":""},"categories":[39,23],"tags":[],"class_list":["post-4137","post","type-post","status-publish","format-standard","hentry","category-ausfluge-co","category-fruhling"],"_links":{"self":[{"href":"https:\/\/www.sabine-seyffert.de\/blog\/wp-json\/wp\/v2\/posts\/4137","targetHints":{"allow":["GET"]}}],"collection":[{"href":"https:\/\/www.sabine-seyffert.de\/blog\/wp-json\/wp\/v2\/posts"}],"about":[{"href":"https:\/\/www.sabine-seyffert.de\/blog\/wp-json\/wp\/v2\/types\/post"}],"author":[{"embeddable":true,"href":"https:\/\/www.sabine-seyffert.de\/blog\/wp-json\/wp\/v2\/users\/2"}],"replies":[{"embeddable":true,"href":"https:\/\/www.sabine-seyffert.de\/blog\/wp-json\/wp\/v2\/comments?post=4137"}],"version-history":[{"count":6,"href":"https:\/\/www.sabine-seyffert.de\/blog\/wp-json\/wp\/v2\/posts\/4137\/revisions"}],"predecessor-version":[{"id":12821,"href":"https:\/\/www.sabine-seyffert.de\/blog\/wp-json\/wp\/v2\/posts\/4137\/revisions\/12821"}],"wp:attachment":[{"href":"https:\/\/www.sabine-seyffert.de\/blog\/wp-json\/wp\/v2\/media?parent=4137"}],"wp:term":[{"taxonomy":"category","embeddable":true,"href":"https:\/\/www.sabine-seyffert.de\/blog\/wp-json\/wp\/v2\/categories?post=4137"},{"taxonomy":"post_tag","embeddable":true,"href":"https:\/\/www.sabine-seyffert.de\/blog\/wp-json\/wp\/v2\/tags?post=4137"}],"curies":[{"name":"wp","href":"https:\/\/api.w.org\/{rel}","templated":true}]}}