{"id":4122,"date":"2014-06-03T06:21:47","date_gmt":"2014-06-03T04:21:47","guid":{"rendered":"http:\/\/www.sabine-seyffert.de\/blog\/?p=4122"},"modified":"2017-03-02T17:49:04","modified_gmt":"2017-03-02T15:49:04","slug":"auf-blumen-gebettet","status":"publish","type":"post","link":"https:\/\/www.sabine-seyffert.de\/blog\/auf-blumen-gebettet\/","title":{"rendered":"Auf Blumen gebettet&#8230;"},"content":{"rendered":"<p style=\"text-align: justify;\"><img loading=\"lazy\" decoding=\"async\" src=\"https:\/\/ssl-vg03.met.vgwort.de\/na\/3296cee1b4314e9697ea3a7c68d5cd75\" alt=\"\" width=\"1\" height=\"1\" \/>Das ich mich gerne kreativ bet\u00e4tige ist wohl nichts neues. Und das ich zu Geburtstagen mit vorliebe selbstgemachte Dinge schenke ebenfalls. So sind im Laufe der Zeit etliche bunte Kissen mit Namen entstanden, die wir verschenkt haben. Auch meine Tochter meldete entsprechenden Bedarf an. Also schnell an die Stoffvorr\u00e4te, die N\u00e4hmaschine angeworfen und los geht\u2019s!<\/p>\n<p style=\"text-align: center;\"><a href=\"http:\/\/www.sabine-seyffert.de\/blog\/wp-content\/uploads\/2014\/06\/Ki-5.jpg\"><img loading=\"lazy\" decoding=\"async\" class=\"alignnone size-full wp-image-4123\" src=\"http:\/\/www.sabine-seyffert.de\/blog\/wp-content\/uploads\/2014\/06\/Ki-5.jpg\" alt=\"Ki 5\" width=\"800\" height=\"628\" srcset=\"https:\/\/www.sabine-seyffert.de\/blog\/wp-content\/uploads\/2014\/06\/Ki-5.jpg 800w, https:\/\/www.sabine-seyffert.de\/blog\/wp-content\/uploads\/2014\/06\/Ki-5-300x235.jpg 300w\" sizes=\"auto, (max-width: 800px) 100vw, 800px\" \/><\/a><\/p>\n<p style=\"text-align: justify;\"><strong>Das wird gebraucht:<\/strong><br \/>\nEin d\u00fcnneres Zierkissen in der Gr\u00f6\u00dfe 40 x 40 cm, einen Rei\u00dfverschluss in 30 cm L\u00e4nge, ca. 0,5 m doppellagiger Baumwollstoff f\u00fcr den Bezug sowie kleinere, farblich passende Stoffreste f\u00fcr die Applikation, ca. 10-15 cm Schr\u00e4gband, 10 cm d\u00fcnnere Baumwollkordel, Ma\u00dfband, Vliesofix, Bleistift, Stoffkreide, Stoffschere, N\u00e4hgarn und eine N\u00e4hmaschine<\/p>\n<p style=\"text-align: center;\"><a href=\"http:\/\/www.sabine-seyffert.de\/blog\/wp-content\/uploads\/2014\/06\/Ki-6.jpg\"><img loading=\"lazy\" decoding=\"async\" class=\"alignnone size-full wp-image-4124\" src=\"http:\/\/www.sabine-seyffert.de\/blog\/wp-content\/uploads\/2014\/06\/Ki-6.jpg\" alt=\"Ki 6\" width=\"800\" height=\"600\" srcset=\"https:\/\/www.sabine-seyffert.de\/blog\/wp-content\/uploads\/2014\/06\/Ki-6.jpg 800w, https:\/\/www.sabine-seyffert.de\/blog\/wp-content\/uploads\/2014\/06\/Ki-6-300x225.jpg 300w\" sizes=\"auto, (max-width: 800px) 100vw, 800px\" \/><\/a><\/p>\n<p style=\"text-align: justify;\"><strong>So wird\u2019s gemacht:<\/strong><br \/>\nDa mein Talent mehr im kreativen als n\u00e4htechnischem K\u00f6nnen liegt, kann ich zum Entstehen keine wirklich hilfreichen Angaben machen. An einer ungef\u00e4hren Anleitung f\u00fcr selbstgen\u00e4hte Kissen habe ich mich <a href=\"http:\/\/www.sabine-seyffert.de\/blog\/?p=1690\" target=\"_blank\">hier<\/a> schon einmal versucht. Das Kissen sollte zum Fr\u00fchling passen, den Namen enthalten und dem Exemplar \u00e4hneln, das seinerzeit an die Freundin verschenkt wurde.<\/p>\n<p style=\"text-align: center;\"><a href=\"http:\/\/www.sabine-seyffert.de\/blog\/wp-content\/uploads\/2014\/06\/Ki-4.jpg\"><img loading=\"lazy\" decoding=\"async\" class=\"alignnone size-full wp-image-4125\" src=\"http:\/\/www.sabine-seyffert.de\/blog\/wp-content\/uploads\/2014\/06\/Ki-4.jpg\" alt=\"Ki 4\" width=\"600\" height=\"800\" srcset=\"https:\/\/www.sabine-seyffert.de\/blog\/wp-content\/uploads\/2014\/06\/Ki-4.jpg 600w, https:\/\/www.sabine-seyffert.de\/blog\/wp-content\/uploads\/2014\/06\/Ki-4-225x300.jpg 225w\" sizes=\"auto, (max-width: 600px) 100vw, 600px\" \/><\/a><\/p>\n<p style=\"text-align: justify;\">In jedem Fall kann ich verraten, dass man f\u00fcr Applikationen, wie auf dem abgebildeten Kissen, keine teure Stickmaschine ben\u00f6tigt. Dazu reicht eine normale N\u00e4hmaschine vollkommen aus. Als kleine Hilfe kann man einen Applikationsn\u00e4hfu\u00df verwenden, bei dem man gerade bei kleinen Motiven besser erkennen kann, wo man die Naht setzen muss. Aber auch dieser ist nicht zwingend notwendig. Als kleine Hilfe empfehle ich auf einem Stoffrest eine entsprechende Probenaht zu machen. Dazu stellt man einen Zickzackstich ein und probiert auch wie breit und eng die Naht sein muss damit die Applikationen sicher h\u00e4lt.<\/p>\n<p style=\"text-align: center;\"><a href=\"http:\/\/www.sabine-seyffert.de\/blog\/wp-content\/uploads\/2014\/06\/Ki-3.jpg\"><img loading=\"lazy\" decoding=\"async\" class=\"alignnone size-full wp-image-4126\" src=\"http:\/\/www.sabine-seyffert.de\/blog\/wp-content\/uploads\/2014\/06\/Ki-3.jpg\" alt=\"Ki 3\" width=\"800\" height=\"600\" srcset=\"https:\/\/www.sabine-seyffert.de\/blog\/wp-content\/uploads\/2014\/06\/Ki-3.jpg 800w, https:\/\/www.sabine-seyffert.de\/blog\/wp-content\/uploads\/2014\/06\/Ki-3-300x225.jpg 300w\" sizes=\"auto, (max-width: 800px) 100vw, 800px\" \/><\/a><\/p>\n<p style=\"text-align: justify;\">Sicher alles andere als perfekt gen\u00e4ht, aber daf\u00fcr mit einer gro\u00dfen Portion Liebe und allerhand Herzblut.<\/p>\n<p style=\"text-align: center;\"><a href=\"http:\/\/www.sabine-seyffert.de\/blog\/wp-content\/uploads\/2014\/06\/Ki-2.jpg\"><img loading=\"lazy\" decoding=\"async\" class=\"alignnone size-full wp-image-4127\" src=\"http:\/\/www.sabine-seyffert.de\/blog\/wp-content\/uploads\/2014\/06\/Ki-2.jpg\" alt=\"Ki 2\" width=\"800\" height=\"650\" srcset=\"https:\/\/www.sabine-seyffert.de\/blog\/wp-content\/uploads\/2014\/06\/Ki-2.jpg 800w, https:\/\/www.sabine-seyffert.de\/blog\/wp-content\/uploads\/2014\/06\/Ki-2-300x243.jpg 300w\" sizes=\"auto, (max-width: 800px) 100vw, 800px\" \/><\/a><\/p>\n<p style=\"text-align: justify;\">Weitere gen\u00e4hte Dinge aus meiner Hand gibt es <a href=\"http:\/\/www.sabine-seyffert.de\/blog\/?cat=33\" target=\"_blank\">hier<\/a> und andere kreative Sachen <a href=\"http:\/\/www.creadienstag.de\/2014\/05\/126.html\" target=\"_blank\">dort<\/a>!<\/p>\n<p style=\"text-align: center;\"><a href=\"http:\/\/www.sabine-seyffert.de\/blog\/wp-content\/uploads\/2014\/06\/Ki-8.jpg\"><img loading=\"lazy\" decoding=\"async\" class=\"alignnone size-full wp-image-4128\" src=\"http:\/\/www.sabine-seyffert.de\/blog\/wp-content\/uploads\/2014\/06\/Ki-8.jpg\" alt=\"Ki 8\" width=\"800\" height=\"695\" srcset=\"https:\/\/www.sabine-seyffert.de\/blog\/wp-content\/uploads\/2014\/06\/Ki-8.jpg 800w, https:\/\/www.sabine-seyffert.de\/blog\/wp-content\/uploads\/2014\/06\/Ki-8-300x260.jpg 300w\" sizes=\"auto, (max-width: 800px) 100vw, 800px\" \/><\/a><br \/>\n<a href=\"http:\/\/www.sabine-seyffert.de\/blog\/?page_id=32#urheberrecht\">urheberrechtlich gesch\u00fctzt<\/a>, \u00a9 Sabine Seyffert<\/p>\n","protected":false},"excerpt":{"rendered":"<p>Das ich mich gerne kreativ bet\u00e4tige ist wohl nichts neues. Und das ich zu Geburtstagen mit vorliebe selbstgemachte Dinge schenke ebenfalls. So sind im Laufe der Zeit etliche bunte Kissen mit Namen entstanden, die wir verschenkt haben. Auch meine Tochter meldete entsprechenden Bedarf an. Also schnell an die Stoffvorr\u00e4te, die N\u00e4hmaschine angeworfen und los geht\u2019s!&#8230; <a href=\"https:\/\/www.sabine-seyffert.de\/blog\/auf-blumen-gebettet\/\" class=\"more-link\">Read more: Auf Blumen gebettet&#8230;<\/a><\/p>\n","protected":false},"author":2,"featured_media":0,"comment_status":"open","ping_status":"open","sticky":false,"template":"","format":"standard","meta":{"_metis_text_type":"","_metis_text_length":1950,"_post_count":0,"footnotes":""},"categories":[12,23,33],"tags":[],"class_list":["post-4122","post","type-post","status-publish","format-standard","hentry","category-deko-ideen","category-fruhling","category-kreative-naherein"],"_links":{"self":[{"href":"https:\/\/www.sabine-seyffert.de\/blog\/wp-json\/wp\/v2\/posts\/4122","targetHints":{"allow":["GET"]}}],"collection":[{"href":"https:\/\/www.sabine-seyffert.de\/blog\/wp-json\/wp\/v2\/posts"}],"about":[{"href":"https:\/\/www.sabine-seyffert.de\/blog\/wp-json\/wp\/v2\/types\/post"}],"author":[{"embeddable":true,"href":"https:\/\/www.sabine-seyffert.de\/blog\/wp-json\/wp\/v2\/users\/2"}],"replies":[{"embeddable":true,"href":"https:\/\/www.sabine-seyffert.de\/blog\/wp-json\/wp\/v2\/comments?post=4122"}],"version-history":[{"count":6,"href":"https:\/\/www.sabine-seyffert.de\/blog\/wp-json\/wp\/v2\/posts\/4122\/revisions"}],"predecessor-version":[{"id":9746,"href":"https:\/\/www.sabine-seyffert.de\/blog\/wp-json\/wp\/v2\/posts\/4122\/revisions\/9746"}],"wp:attachment":[{"href":"https:\/\/www.sabine-seyffert.de\/blog\/wp-json\/wp\/v2\/media?parent=4122"}],"wp:term":[{"taxonomy":"category","embeddable":true,"href":"https:\/\/www.sabine-seyffert.de\/blog\/wp-json\/wp\/v2\/categories?post=4122"},{"taxonomy":"post_tag","embeddable":true,"href":"https:\/\/www.sabine-seyffert.de\/blog\/wp-json\/wp\/v2\/tags?post=4122"}],"curies":[{"name":"wp","href":"https:\/\/api.w.org\/{rel}","templated":true}]}}