{"id":4057,"date":"2014-05-20T06:24:48","date_gmt":"2014-05-20T04:24:48","guid":{"rendered":"http:\/\/www.sabine-seyffert.de\/blog\/?p=4057"},"modified":"2017-03-02T17:53:12","modified_gmt":"2017-03-02T15:53:12","slug":"hurra-sie-fliegen-wieder","status":"publish","type":"post","link":"https:\/\/www.sabine-seyffert.de\/blog\/hurra-sie-fliegen-wieder\/","title":{"rendered":"Hurra, sie fliegen wieder!"},"content":{"rendered":"<p style=\"text-align: center;\"><img loading=\"lazy\" decoding=\"async\" src=\"https:\/\/ssl-vg03.met.vgwort.de\/na\/4cfb5273bce5479495644db0e25f2ae5\" alt=\"\" width=\"1\" height=\"1\" \/><a href=\"http:\/\/www.sabine-seyffert.de\/blog\/wp-content\/uploads\/2014\/05\/Ka-2.jpg\"><img loading=\"lazy\" decoding=\"async\" class=\"alignnone size-full wp-image-4058\" src=\"http:\/\/www.sabine-seyffert.de\/blog\/wp-content\/uploads\/2014\/05\/Ka-2.jpg\" alt=\"Ka 2\" width=\"800\" height=\"600\" srcset=\"https:\/\/www.sabine-seyffert.de\/blog\/wp-content\/uploads\/2014\/05\/Ka-2.jpg 800w, https:\/\/www.sabine-seyffert.de\/blog\/wp-content\/uploads\/2014\/05\/Ka-2-300x225.jpg 300w\" sizes=\"auto, (max-width: 800px) 100vw, 800px\" \/><\/a><\/p>\n<p style=\"text-align: justify;\">\u00dcber gr\u00fcne Wiesen schweben sie dahin und auf bunten Blumen setzen sie sich nieder. Immer wieder begegnen uns bei sch\u00f6nem Wetter Schmetterlinge und bunte Falter. Auch hier ist ein ganzer Schwung gelandet.<\/p>\n<p style=\"text-align: justify;\"><a href=\"http:\/\/www.sabine-seyffert.de\/blog\/wp-content\/uploads\/2014\/05\/Ka-5.jpg\"><img loading=\"lazy\" decoding=\"async\" class=\"alignnone size-full wp-image-4059\" src=\"http:\/\/www.sabine-seyffert.de\/blog\/wp-content\/uploads\/2014\/05\/Ka-5.jpg\" alt=\"Ka 5\" width=\"800\" height=\"600\" srcset=\"https:\/\/www.sabine-seyffert.de\/blog\/wp-content\/uploads\/2014\/05\/Ka-5.jpg 800w, https:\/\/www.sabine-seyffert.de\/blog\/wp-content\/uploads\/2014\/05\/Ka-5-300x225.jpg 300w\" sizes=\"auto, (max-width: 800px) 100vw, 800px\" \/><\/a><\/p>\n<p style=\"text-align: justify;\"><strong>Das wird gebraucht:<\/strong><br \/>\nKaffeefilter in naturbraun oder wei\u00df, Wasser, Pinsel, Wasserfarben, einen Klebstift, eine Schere, farbiges Tonpapier oder Tonkarton und einen Stift<\/p>\n<p style=\"text-align: center;\"><a href=\"http:\/\/www.sabine-seyffert.de\/blog\/wp-content\/uploads\/2014\/05\/Ka-4.jpg\"><img loading=\"lazy\" decoding=\"async\" class=\"alignnone size-full wp-image-4060\" src=\"http:\/\/www.sabine-seyffert.de\/blog\/wp-content\/uploads\/2014\/05\/Ka-4.jpg\" alt=\"Ka 4\" width=\"800\" height=\"600\" srcset=\"https:\/\/www.sabine-seyffert.de\/blog\/wp-content\/uploads\/2014\/05\/Ka-4.jpg 800w, https:\/\/www.sabine-seyffert.de\/blog\/wp-content\/uploads\/2014\/05\/Ka-4-300x225.jpg 300w\" sizes=\"auto, (max-width: 800px) 100vw, 800px\" \/><\/a><\/p>\n<p><strong>So wird\u2019s gemacht:<\/strong><br \/>\nAls erstes bemalt man die Kaffeefilter mit reichlich Wasserfarbe kunterbunt an. Filigrane Muster oder Motive sind hierbei schwierig, da das Filterpapier das Wasser samt Farbe kr\u00e4ftig saugt und diese dadurch verlaufen w\u00fcrden. <a href=\"http:\/\/www.sabine-seyffert.de\/blog\/wp-content\/uploads\/2014\/05\/Ka-3.jpg\"><img loading=\"lazy\" decoding=\"async\" class=\"size-full wp-image-4061 aligncenter\" src=\"http:\/\/www.sabine-seyffert.de\/blog\/wp-content\/uploads\/2014\/05\/Ka-3.jpg\" alt=\"Ka 3\" width=\"800\" height=\"600\" srcset=\"https:\/\/www.sabine-seyffert.de\/blog\/wp-content\/uploads\/2014\/05\/Ka-3.jpg 800w, https:\/\/www.sabine-seyffert.de\/blog\/wp-content\/uploads\/2014\/05\/Ka-3-300x225.jpg 300w\" sizes=\"auto, (max-width: 800px) 100vw, 800px\" \/><\/a><\/p>\n<p style=\"text-align: justify;\">Das macht aber nichts, wenn man es von vornherein wei\u00df und sich beim Malen darauf einstellt. Ganz im Gegenteil, man kann durch viel Zugabe von Wasser sogar daf\u00fcr sorgen, das sich die Farbe auf dem Papier reichlich mischt \ud83d\ude42<\/p>\n<p style=\"text-align: center;\"><a href=\"http:\/\/www.sabine-seyffert.de\/blog\/wp-content\/uploads\/2014\/05\/Ka6.jpg\"><img loading=\"lazy\" decoding=\"async\" class=\"alignnone size-full wp-image-4063\" src=\"http:\/\/www.sabine-seyffert.de\/blog\/wp-content\/uploads\/2014\/05\/Ka6.jpg\" alt=\"Ka6\" width=\"800\" height=\"600\" srcset=\"https:\/\/www.sabine-seyffert.de\/blog\/wp-content\/uploads\/2014\/05\/Ka6.jpg 800w, https:\/\/www.sabine-seyffert.de\/blog\/wp-content\/uploads\/2014\/05\/Ka6-300x225.jpg 300w\" sizes=\"auto, (max-width: 800px) 100vw, 800px\" \/><\/a><\/p>\n<p style=\"text-align: justify;\">Nachdem genug Filter angemalt sind, legt man diese zum Trocknen weg. Nun kann man aus dem bunten Bastelpapier zwei Schmetterlingsk\u00f6rper und je zwei lange F\u00fchler ausschneiden. Wer mag, schneidet per Hand alles aus und wem es lieber ist, der malt sich mit einem Bleistift die gew\u00fcnschte Form vor.<\/p>\n<p style=\"text-align: center;\"><a href=\"http:\/\/www.sabine-seyffert.de\/blog\/wp-content\/uploads\/2014\/05\/Ka-7.jpg\"><img loading=\"lazy\" decoding=\"async\" class=\"alignnone size-full wp-image-4062\" src=\"http:\/\/www.sabine-seyffert.de\/blog\/wp-content\/uploads\/2014\/05\/Ka-7.jpg\" alt=\"Ka 7\" width=\"800\" height=\"600\" srcset=\"https:\/\/www.sabine-seyffert.de\/blog\/wp-content\/uploads\/2014\/05\/Ka-7.jpg 800w, https:\/\/www.sabine-seyffert.de\/blog\/wp-content\/uploads\/2014\/05\/Ka-7-300x225.jpg 300w\" sizes=\"auto, (max-width: 800px) 100vw, 800px\" \/><\/a><\/p>\n<p style=\"text-align: justify;\">Auf die F\u00fchler wurden in unserem Fall noch jeweils zwei \u201eAugen\u201c gemalt. Pro Schmetterling ben\u00f6tigt man zwei Filter f\u00fcr die Fl\u00fcgel, Rumpf in doppelter Ausf\u00fchrung (damit der Falter von beiden Seiten sch\u00f6n aussieht) und zwei F\u00fchler. Diese klebt man, wenn alle Farbe getrocknet ist, zu einem Schmetterling zusammen.<\/p>\n<p style=\"text-align: center;\"><a href=\"http:\/\/www.sabine-seyffert.de\/blog\/wp-content\/uploads\/2014\/05\/Ka-8.jpg\"><img loading=\"lazy\" decoding=\"async\" class=\"alignnone size-full wp-image-4064\" src=\"http:\/\/www.sabine-seyffert.de\/blog\/wp-content\/uploads\/2014\/05\/Ka-8.jpg\" alt=\"Ka 8\" width=\"800\" height=\"600\" srcset=\"https:\/\/www.sabine-seyffert.de\/blog\/wp-content\/uploads\/2014\/05\/Ka-8.jpg 800w, https:\/\/www.sabine-seyffert.de\/blog\/wp-content\/uploads\/2014\/05\/Ka-8-300x225.jpg 300w\" sizes=\"auto, (max-width: 800px) 100vw, 800px\" \/><\/a><\/p>\n<p style=\"text-align: justify;\">Ob sich diese nun am Fenster niederlassen (in dem Fall besser wei\u00dfe Filter nehmen, damit das Licht besser durchscheinen kann und die Farben kr\u00e4ftiger leuchten) oder man damit eine T\u00fcr, Wand oder ein gro\u00dfes Geschenk schm\u00fcckt, ist ganz egal. Die Schmetterlinge machen einfach gute Laune und sind selbst f\u00fcr die kleinsten Kinderh\u00e4nde ein kreativer Zeitvertreib!<\/p>\n<p style=\"text-align: center;\"><a href=\"http:\/\/www.sabine-seyffert.de\/blog\/wp-content\/uploads\/2014\/05\/Ka-9.jpg\"><img loading=\"lazy\" decoding=\"async\" class=\"alignnone size-full wp-image-4065\" src=\"http:\/\/www.sabine-seyffert.de\/blog\/wp-content\/uploads\/2014\/05\/Ka-9.jpg\" alt=\"Ka 9\" width=\"800\" height=\"600\" srcset=\"https:\/\/www.sabine-seyffert.de\/blog\/wp-content\/uploads\/2014\/05\/Ka-9.jpg 800w, https:\/\/www.sabine-seyffert.de\/blog\/wp-content\/uploads\/2014\/05\/Ka-9-300x225.jpg 300w\" sizes=\"auto, (max-width: 800px) 100vw, 800px\" \/><\/a><\/p>\n<p style=\"text-align: justify;\">Zu guter Letzt sind weitere Schmetterlinge zu mir geflogen und zwar von der Schulklasse, in der ich regelm\u00e4\u00dfig als Lesepate aktiv bin. Weil sie sich ebenfalls leicht basteln lassen, reihe ich sie einfach mit dazu!<\/p>\n<p style=\"text-align: center;\"><a href=\"http:\/\/www.sabine-seyffert.de\/blog\/wp-content\/uploads\/2014\/05\/Ka-11.jpg\"><img loading=\"lazy\" decoding=\"async\" class=\"alignnone size-full wp-image-4066\" src=\"http:\/\/www.sabine-seyffert.de\/blog\/wp-content\/uploads\/2014\/05\/Ka-11.jpg\" alt=\"Ka 11\" width=\"800\" height=\"600\" srcset=\"https:\/\/www.sabine-seyffert.de\/blog\/wp-content\/uploads\/2014\/05\/Ka-11.jpg 800w, https:\/\/www.sabine-seyffert.de\/blog\/wp-content\/uploads\/2014\/05\/Ka-11-300x225.jpg 300w\" sizes=\"auto, (max-width: 800px) 100vw, 800px\" \/><\/a><\/p>\n<p style=\"text-align: justify;\">Weitere Bastelideen findet Ihr in <a href=\"http:\/\/www.sabine-seyffert.de\/blog\/?cat=32\" target=\"_blank\">dieser Rubrik<\/a> oder auch <a href=\"http:\/\/www.creadienstag.de\/2014\/05\/124.html\" target=\"_blank\">hier<\/a>.<\/p>\n<p style=\"text-align: center;\"><a href=\"http:\/\/www.sabine-seyffert.de\/blog\/wp-content\/uploads\/2014\/05\/Ka-10.jpg\"><img loading=\"lazy\" decoding=\"async\" class=\"alignnone size-full wp-image-4067\" src=\"http:\/\/www.sabine-seyffert.de\/blog\/wp-content\/uploads\/2014\/05\/Ka-10.jpg\" alt=\"Ka 10\" width=\"800\" height=\"600\" srcset=\"https:\/\/www.sabine-seyffert.de\/blog\/wp-content\/uploads\/2014\/05\/Ka-10.jpg 800w, https:\/\/www.sabine-seyffert.de\/blog\/wp-content\/uploads\/2014\/05\/Ka-10-300x225.jpg 300w\" sizes=\"auto, (max-width: 800px) 100vw, 800px\" \/><\/a><\/p>\n<p style=\"text-align: justify;\"><a href=\"http:\/\/www.sabine-seyffert.de\/blog\/?page_id=32#urheberrecht\">urheberrechtlich gesch\u00fctzt<\/a>, \u00a9 Sabine Seyffert<\/p>\n","protected":false},"excerpt":{"rendered":"<p>\u00dcber gr\u00fcne Wiesen schweben sie dahin und auf bunten Blumen setzen sie sich nieder. Immer wieder begegnen uns bei sch\u00f6nem Wetter Schmetterlinge und bunte Falter. Auch hier ist ein ganzer Schwung gelandet. Das wird gebraucht: Kaffeefilter in naturbraun oder wei\u00df, Wasser, Pinsel, Wasserfarben, einen Klebstift, eine Schere, farbiges Tonpapier oder Tonkarton und einen Stift So&#8230; <a href=\"https:\/\/www.sabine-seyffert.de\/blog\/hurra-sie-fliegen-wieder\/\" class=\"more-link\">Read more: Hurra, sie fliegen wieder!<\/a><\/p>\n","protected":false},"author":2,"featured_media":0,"comment_status":"open","ping_status":"open","sticky":false,"template":"","format":"standard","meta":{"_metis_text_type":"","_metis_text_length":2128,"_post_count":0,"footnotes":""},"categories":[32,23],"tags":[],"class_list":["post-4057","post","type-post","status-publish","format-standard","hentry","category-kreatives-fur-kleine-kinderhande","category-fruhling"],"_links":{"self":[{"href":"https:\/\/www.sabine-seyffert.de\/blog\/wp-json\/wp\/v2\/posts\/4057","targetHints":{"allow":["GET"]}}],"collection":[{"href":"https:\/\/www.sabine-seyffert.de\/blog\/wp-json\/wp\/v2\/posts"}],"about":[{"href":"https:\/\/www.sabine-seyffert.de\/blog\/wp-json\/wp\/v2\/types\/post"}],"author":[{"embeddable":true,"href":"https:\/\/www.sabine-seyffert.de\/blog\/wp-json\/wp\/v2\/users\/2"}],"replies":[{"embeddable":true,"href":"https:\/\/www.sabine-seyffert.de\/blog\/wp-json\/wp\/v2\/comments?post=4057"}],"version-history":[{"count":8,"href":"https:\/\/www.sabine-seyffert.de\/blog\/wp-json\/wp\/v2\/posts\/4057\/revisions"}],"predecessor-version":[{"id":9748,"href":"https:\/\/www.sabine-seyffert.de\/blog\/wp-json\/wp\/v2\/posts\/4057\/revisions\/9748"}],"wp:attachment":[{"href":"https:\/\/www.sabine-seyffert.de\/blog\/wp-json\/wp\/v2\/media?parent=4057"}],"wp:term":[{"taxonomy":"category","embeddable":true,"href":"https:\/\/www.sabine-seyffert.de\/blog\/wp-json\/wp\/v2\/categories?post=4057"},{"taxonomy":"post_tag","embeddable":true,"href":"https:\/\/www.sabine-seyffert.de\/blog\/wp-json\/wp\/v2\/tags?post=4057"}],"curies":[{"name":"wp","href":"https:\/\/api.w.org\/{rel}","templated":true}]}}