{"id":4042,"date":"2014-05-13T06:25:48","date_gmt":"2014-05-13T04:25:48","guid":{"rendered":"http:\/\/www.sabine-seyffert.de\/blog\/?p=4042"},"modified":"2017-03-02T17:54:02","modified_gmt":"2017-03-02T15:54:02","slug":"das-urwaldabenteuer-geht-zu-ende","status":"publish","type":"post","link":"https:\/\/www.sabine-seyffert.de\/blog\/das-urwaldabenteuer-geht-zu-ende\/","title":{"rendered":"Das Urwaldabenteuer geht zu ende"},"content":{"rendered":"<p style=\"text-align: justify;\"><img loading=\"lazy\" decoding=\"async\" src=\"https:\/\/ssl-vg03.met.vgwort.de\/na\/be53d6fa7053483884b56d33631b329f\" alt=\"\" width=\"1\" height=\"1\" \/>Jedes Fest geht einmal zu ende, selbst unsere spannende Dschungelparty. Dazu habe ich in den letzten Wochen ja allerhand an Ideen gezeigt. Somit zu guter Letzt noch ein paar kleinere Anregungen was zu einem solchem Fest passt und <em>wie<\/em> man dieses noch erg\u00e4nzen kann.<\/p>\n<p style=\"text-align: justify;\"><a href=\"http:\/\/www.sabine-seyffert.de\/blog\/wp-content\/uploads\/2014\/05\/Deko-2.jpg\"><img loading=\"lazy\" decoding=\"async\" class=\"alignnone size-full wp-image-4050\" src=\"http:\/\/www.sabine-seyffert.de\/blog\/wp-content\/uploads\/2014\/05\/Deko-2.jpg\" alt=\"Deko 2\" width=\"800\" height=\"600\" srcset=\"https:\/\/www.sabine-seyffert.de\/blog\/wp-content\/uploads\/2014\/05\/Deko-2.jpg 800w, https:\/\/www.sabine-seyffert.de\/blog\/wp-content\/uploads\/2014\/05\/Deko-2-300x225.jpg 300w\" sizes=\"auto, (max-width: 800px) 100vw, 800px\" \/><\/a><\/p>\n<p style=\"text-align: justify;\">Als einfache, aber sehr wirkungsvolle Deko landete ein ganzer Schwung an Spieltieren auf dem gro\u00dfen Tisch: Elefanten, Affen, Giraffe und Co. greifen so das Thema Urwald wunderbar auf. So braucht man kein teures Partyzubeh\u00f6r kaufen, sondern durchforstet einfach vorab das Kinderzimmer nach entsprechendem Spielzeug. Das schont nicht nur den Geldbeutel sondern auch die Umwelt. Da die Dinge nach dem Fest einfach wieder in der Spielzeugkiste statt im M\u00fcll landen \ud83d\ude42<\/p>\n<p style=\"text-align: center;\"><a href=\"http:\/\/www.sabine-seyffert.de\/blog\/wp-content\/uploads\/2014\/05\/Deko-1.jpg\"><img loading=\"lazy\" decoding=\"async\" class=\"alignnone size-full wp-image-4051\" src=\"http:\/\/www.sabine-seyffert.de\/blog\/wp-content\/uploads\/2014\/05\/Deko-1.jpg\" alt=\"Deko 1\" width=\"600\" height=\"800\" srcset=\"https:\/\/www.sabine-seyffert.de\/blog\/wp-content\/uploads\/2014\/05\/Deko-1.jpg 600w, https:\/\/www.sabine-seyffert.de\/blog\/wp-content\/uploads\/2014\/05\/Deko-1-225x300.jpg 225w\" sizes=\"auto, (max-width: 600px) 100vw, 600px\" \/><\/a><\/p>\n<p style=\"text-align: justify;\">Bei Geburtstagsfesten darf nat\u00fcrlich auch ein wenig genascht werden. Lieber ist mir in diesen F\u00e4llen jedoch ein gesunder Snack. Gro\u00dfer Beliebtheit erfreuen sich bei Kindern erfahrungsgem\u00e4\u00df selbstgemachte Obstspie\u00dfe.<\/p>\n<p style=\"text-align: center;\"><a href=\"http:\/\/www.sabine-seyffert.de\/blog\/wp-content\/uploads\/2014\/05\/Obst-1.jpg\"><img loading=\"lazy\" decoding=\"async\" class=\"alignnone size-full wp-image-4048\" src=\"http:\/\/www.sabine-seyffert.de\/blog\/wp-content\/uploads\/2014\/05\/Obst-1.jpg\" alt=\"Obst 1\" width=\"800\" height=\"600\" srcset=\"https:\/\/www.sabine-seyffert.de\/blog\/wp-content\/uploads\/2014\/05\/Obst-1.jpg 800w, https:\/\/www.sabine-seyffert.de\/blog\/wp-content\/uploads\/2014\/05\/Obst-1-300x225.jpg 300w\" sizes=\"auto, (max-width: 800px) 100vw, 800px\" \/><\/a><\/p>\n<p style=\"text-align: justify;\">Dazu schneidet man einfach etwas frisches Obst in mundgerechte St\u00fccke und steckt diese auf h\u00f6lzerne Schaschlickspie\u00dfe. So ein erfrischender Obstspie\u00df ist im Urwald immer Willkommen!<\/p>\n<p style=\"text-align: center;\"><a href=\"http:\/\/www.sabine-seyffert.de\/blog\/wp-content\/uploads\/2014\/05\/Obst-2.jpg\"><img loading=\"lazy\" decoding=\"async\" class=\"alignnone size-full wp-image-4049\" src=\"http:\/\/www.sabine-seyffert.de\/blog\/wp-content\/uploads\/2014\/05\/Obst-2.jpg\" alt=\"Obst 2\" width=\"800\" height=\"600\" srcset=\"https:\/\/www.sabine-seyffert.de\/blog\/wp-content\/uploads\/2014\/05\/Obst-2.jpg 800w, https:\/\/www.sabine-seyffert.de\/blog\/wp-content\/uploads\/2014\/05\/Obst-2-300x225.jpg 300w\" sizes=\"auto, (max-width: 800px) 100vw, 800px\" \/><\/a><\/p>\n<p style=\"text-align: justify;\">Ein gro\u00dfes Highlight auf unserem Dschungelfest war \u00fcbrigens eine echte Kokosnuss. Wirklich unglaublich, wie viel Spa\u00df die kleinen Urwaldbesucher damit hatten.<\/p>\n<p style=\"text-align: center;\"><a href=\"http:\/\/www.sabine-seyffert.de\/blog\/wp-content\/uploads\/2014\/05\/Nuss-1.jpg\"><img loading=\"lazy\" decoding=\"async\" class=\"alignnone size-full wp-image-4043\" src=\"http:\/\/www.sabine-seyffert.de\/blog\/wp-content\/uploads\/2014\/05\/Nuss-1.jpg\" alt=\"Nuss 1\" width=\"800\" height=\"600\" srcset=\"https:\/\/www.sabine-seyffert.de\/blog\/wp-content\/uploads\/2014\/05\/Nuss-1.jpg 800w, https:\/\/www.sabine-seyffert.de\/blog\/wp-content\/uploads\/2014\/05\/Nuss-1-300x225.jpg 300w\" sizes=\"auto, (max-width: 800px) 100vw, 800px\" \/><\/a><\/p>\n<p style=\"text-align: justify;\">Allein das \u00d6ffnen derselben hat f\u00fcr reichlich Heiterkeit und k\u00f6rperlichen Einsatz der Partyg\u00e4ste gesorgt. Denn die Kinder sollten diese Nuss selbst knacken.<\/p>\n<p style=\"text-align: center;\"><a href=\"http:\/\/www.sabine-seyffert.de\/blog\/wp-content\/uploads\/2014\/05\/Nuss-2.jpg\"><img loading=\"lazy\" decoding=\"async\" class=\"alignnone size-full wp-image-4044\" src=\"http:\/\/www.sabine-seyffert.de\/blog\/wp-content\/uploads\/2014\/05\/Nuss-2.jpg\" alt=\"Nuss 2\" width=\"800\" height=\"600\" srcset=\"https:\/\/www.sabine-seyffert.de\/blog\/wp-content\/uploads\/2014\/05\/Nuss-2.jpg 800w, https:\/\/www.sabine-seyffert.de\/blog\/wp-content\/uploads\/2014\/05\/Nuss-2-300x225.jpg 300w\" sizes=\"auto, (max-width: 800px) 100vw, 800px\" \/><\/a><\/p>\n<p style=\"text-align: justify;\">Jeder durfte dann von der Kokosmilch probieren und im Anschluss ein St\u00fcck Kokosnuss knabbern. Ebenfalls ein recht gesunder Snack f\u00fcr Zwischendurch.<\/p>\n<p style=\"text-align: center;\"><a href=\"http:\/\/www.sabine-seyffert.de\/blog\/wp-content\/uploads\/2014\/05\/Nuss-3.jpg\"><img loading=\"lazy\" decoding=\"async\" class=\"alignnone size-full wp-image-4045\" src=\"http:\/\/www.sabine-seyffert.de\/blog\/wp-content\/uploads\/2014\/05\/Nuss-3.jpg\" alt=\"Nuss 3\" width=\"800\" height=\"600\" srcset=\"https:\/\/www.sabine-seyffert.de\/blog\/wp-content\/uploads\/2014\/05\/Nuss-3.jpg 800w, https:\/\/www.sabine-seyffert.de\/blog\/wp-content\/uploads\/2014\/05\/Nuss-3-300x225.jpg 300w\" sizes=\"auto, (max-width: 800px) 100vw, 800px\" \/><\/a><\/p>\n<p style=\"text-align: justify;\">Am Schluss gab es f\u00fcr jeden Besucher noch eine Kleinigkeit zum Mitnehmen. Diese sollte nat\u00fcrlich zum Thema Dschungel passen.<\/p>\n<p style=\"text-align: center;\"><a href=\"http:\/\/www.sabine-seyffert.de\/blog\/wp-content\/uploads\/2014\/05\/0.jpg\"><img loading=\"lazy\" decoding=\"async\" class=\"alignnone size-full wp-image-4046\" src=\"http:\/\/www.sabine-seyffert.de\/blog\/wp-content\/uploads\/2014\/05\/0.jpg\" alt=\"0\" width=\"800\" height=\"600\" srcset=\"https:\/\/www.sabine-seyffert.de\/blog\/wp-content\/uploads\/2014\/05\/0.jpg 800w, https:\/\/www.sabine-seyffert.de\/blog\/wp-content\/uploads\/2014\/05\/0-300x225.jpg 300w\" sizes=\"auto, (max-width: 800px) 100vw, 800px\" \/><\/a><\/p>\n<p style=\"text-align: justify;\">Auf gemustertem Bastelpapier haben wir dazu entsprechende Ovale ausgestanzt mit Hilfe von Dymo Band mit den jeweiligen Namen versehen.<\/p>\n<p style=\"text-align: center;\"><a href=\"http:\/\/www.sabine-seyffert.de\/blog\/wp-content\/uploads\/2014\/05\/1.jpg\"><img loading=\"lazy\" decoding=\"async\" class=\"alignnone size-full wp-image-4047\" src=\"http:\/\/www.sabine-seyffert.de\/blog\/wp-content\/uploads\/2014\/05\/1.jpg\" alt=\"1\" width=\"800\" height=\"600\" srcset=\"https:\/\/www.sabine-seyffert.de\/blog\/wp-content\/uploads\/2014\/05\/1.jpg 800w, https:\/\/www.sabine-seyffert.de\/blog\/wp-content\/uploads\/2014\/05\/1-300x225.jpg 300w\" sizes=\"auto, (max-width: 800px) 100vw, 800px\" \/><\/a><\/p>\n<p style=\"text-align: justify;\">Mit etwas Klebstoff auf eine kleine T\u00fcte heften und diese kann dann entsprechend mit kleinen Give Aways gef\u00fcllt werden.<\/p>\n<p style=\"text-align: justify;\">Wer nochmals nachlesen m\u00f6chte, hier unsere Dschungelparty im \u00dcberblick:<\/p>\n<p style=\"text-align: justify;\">* <a href=\"http:\/\/www.sabine-seyffert.de\/blog\/?p=3741\" target=\"_blank\">Einladungen<\/a><\/p>\n<p style=\"text-align: justify;\">* <a href=\"http:\/\/www.sabine-seyffert.de\/blog\/?p=3780\" target=\"_blank\">Dschungelgirlande<\/a><\/p>\n<p style=\"text-align: justify;\">* <a href=\"http:\/\/www.sabine-seyffert.de\/blog\/?p=3902\" target=\"_blank\">H\u00e4ngende Lianen<\/a><\/p>\n<p style=\"text-align: justify;\">* <a href=\"http:\/\/www.sabine-seyffert.de\/blog\/?p=3807\" target=\"_blank\">Fr\u00f6hliche Affenbande<\/a><\/p>\n<p style=\"text-align: justify;\">* <a href=\"http:\/\/www.sabine-seyffert.de\/blog\/?p=3865\" target=\"_blank\">L\u00f6wen &amp; Elefanten<\/a><\/p>\n<p style=\"text-align: justify;\">* <a href=\"http:\/\/www.sabine-seyffert.de\/blog\/?p=3835\" target=\"_blank\">Eine lange Schlange<\/a><\/p>\n<p style=\"text-align: justify;\">* <a href=\"http:\/\/www.sabine-seyffert.de\/blog\/?p=3929\" target=\"_blank\">L\u00f6wenf\u00fcttern<\/a><\/p>\n<p style=\"text-align: justify;\">* <a href=\"http:\/\/www.sabine-seyffert.de\/blog\/?p=3981\" target=\"_blank\">Fr\u00f6hliches Angeln<\/a><\/p>\n<p style=\"text-align: justify;\">* <a href=\"http:\/\/www.sabine-seyffert.de\/blog\/?p=4018\" target=\"_blank\">Psst, Ohren gespitzt und aufgepasst<\/a> \/ Stillespiel<\/p>\n<p style=\"text-align: justify;\">Und weitere kreative Dinge gibt es auch <a href=\"http:\/\/www.creadienstag.de\/2014\/05\/123.html\" target=\"_blank\">hier<\/a>!<\/p>\n<p style=\"text-align: justify;\"><a href=\"http:\/\/www.sabine-seyffert.de\/blog\/?page_id=32#urheberrecht\">urheberrechtlich gesch\u00fctzt<\/a>, \u00a9 Sabine Seyffert<\/p>\n","protected":false},"excerpt":{"rendered":"<p>Jedes Fest geht einmal zu ende, selbst unsere spannende Dschungelparty. Dazu habe ich in den letzten Wochen ja allerhand an Ideen gezeigt. Somit zu guter Letzt noch ein paar kleinere Anregungen was zu einem solchem Fest passt und wie man dieses noch erg\u00e4nzen kann. Als einfache, aber sehr wirkungsvolle Deko landete ein ganzer Schwung an&#8230; <a href=\"https:\/\/www.sabine-seyffert.de\/blog\/das-urwaldabenteuer-geht-zu-ende\/\" class=\"more-link\">Read more: Das Urwaldabenteuer geht zu ende<\/a><\/p>\n","protected":false},"author":2,"featured_media":0,"comment_status":"open","ping_status":"open","sticky":false,"template":"","format":"standard","meta":{"_metis_text_type":"","_metis_text_length":2341,"_post_count":0,"footnotes":""},"categories":[12,46,36,21],"tags":[],"class_list":["post-4042","post","type-post","status-publish","format-standard","hentry","category-deko-ideen","category-dschungelfest","category-klitzekleine-geschenkideen","category-kinderfeste-partys"],"_links":{"self":[{"href":"https:\/\/www.sabine-seyffert.de\/blog\/wp-json\/wp\/v2\/posts\/4042","targetHints":{"allow":["GET"]}}],"collection":[{"href":"https:\/\/www.sabine-seyffert.de\/blog\/wp-json\/wp\/v2\/posts"}],"about":[{"href":"https:\/\/www.sabine-seyffert.de\/blog\/wp-json\/wp\/v2\/types\/post"}],"author":[{"embeddable":true,"href":"https:\/\/www.sabine-seyffert.de\/blog\/wp-json\/wp\/v2\/users\/2"}],"replies":[{"embeddable":true,"href":"https:\/\/www.sabine-seyffert.de\/blog\/wp-json\/wp\/v2\/comments?post=4042"}],"version-history":[{"count":6,"href":"https:\/\/www.sabine-seyffert.de\/blog\/wp-json\/wp\/v2\/posts\/4042\/revisions"}],"predecessor-version":[{"id":9749,"href":"https:\/\/www.sabine-seyffert.de\/blog\/wp-json\/wp\/v2\/posts\/4042\/revisions\/9749"}],"wp:attachment":[{"href":"https:\/\/www.sabine-seyffert.de\/blog\/wp-json\/wp\/v2\/media?parent=4042"}],"wp:term":[{"taxonomy":"category","embeddable":true,"href":"https:\/\/www.sabine-seyffert.de\/blog\/wp-json\/wp\/v2\/categories?post=4042"},{"taxonomy":"post_tag","embeddable":true,"href":"https:\/\/www.sabine-seyffert.de\/blog\/wp-json\/wp\/v2\/tags?post=4042"}],"curies":[{"name":"wp","href":"https:\/\/api.w.org\/{rel}","templated":true}]}}