{"id":3994,"date":"2014-05-03T10:39:33","date_gmt":"2014-05-03T08:39:33","guid":{"rendered":"http:\/\/www.sabine-seyffert.de\/blog\/?p=3994"},"modified":"2018-06-26T08:33:55","modified_gmt":"2018-06-26T06:33:55","slug":"ein-besuch-auf-schloss-burg","status":"publish","type":"post","link":"https:\/\/www.sabine-seyffert.de\/blog\/ein-besuch-auf-schloss-burg\/","title":{"rendered":"Ein Besuch auf Schloss Burg"},"content":{"rendered":"<p style=\"text-align: center;\"><img loading=\"lazy\" decoding=\"async\" src=\"https:\/\/ssl-vg03.met.vgwort.de\/na\/19cdf840c8214bf282e1a12aade54650\" alt=\"\" width=\"1\" height=\"1\" \/><a href=\"http:\/\/www.sabine-seyffert.de\/blog\/wp-content\/uploads\/2014\/05\/Fr\u00fchl-1.jpg\"><img loading=\"lazy\" decoding=\"async\" class=\"alignnone size-full wp-image-3995\" src=\"http:\/\/www.sabine-seyffert.de\/blog\/wp-content\/uploads\/2014\/05\/Fr\u00fchl-1.jpg\" alt=\"Fr\u00fchl 1\" width=\"800\" height=\"600\" srcset=\"https:\/\/www.sabine-seyffert.de\/blog\/wp-content\/uploads\/2014\/05\/Fr\u00fchl-1.jpg 800w, https:\/\/www.sabine-seyffert.de\/blog\/wp-content\/uploads\/2014\/05\/Fr\u00fchl-1-300x225.jpg 300w\" sizes=\"auto, (max-width: 800px) 100vw, 800px\" \/><\/a><\/p>\n<p style=\"text-align: justify;\">Das Bergische Land, dessen gr\u00f6\u00dfte St\u00e4dte Wuppertal, Solingen und Remscheid sind, ist nach den Grafen und Herzogen von Berg benannt. Seit dem 12. Jahrhundert haben die &#8220;von Berg&#8221;s ihren Stammsitz auf <a href=\"http:\/\/de.wikipedia.org\/wiki\/Schloss_Burg\" target=\"_blank\" rel=\"noopener\">Schloss Burg<\/a> an der Wupper. Es beherbergte die Grafen von Berg, sp\u00e4ter die Herz\u00f6ge von Berg.<\/p>\n<p style=\"text-align: center;\"><a href=\"http:\/\/www.sabine-seyffert.de\/blog\/wp-content\/uploads\/2014\/05\/Burg-1.jpg\"><img loading=\"lazy\" decoding=\"async\" class=\"alignnone size-full wp-image-3996\" src=\"http:\/\/www.sabine-seyffert.de\/blog\/wp-content\/uploads\/2014\/05\/Burg-1.jpg\" alt=\"Burg 1\" width=\"600\" height=\"800\" srcset=\"https:\/\/www.sabine-seyffert.de\/blog\/wp-content\/uploads\/2014\/05\/Burg-1.jpg 600w, https:\/\/www.sabine-seyffert.de\/blog\/wp-content\/uploads\/2014\/05\/Burg-1-225x300.jpg 225w\" sizes=\"auto, (max-width: 600px) 100vw, 600px\" \/><\/a><\/p>\n<p style=\"text-align: justify;\">Im Drei\u00dfigj\u00e4hrigen Krieg (17. Jh.) wurde die Burg von schwedischen Kanonen beschossen und gro\u00dfe Teile der Burg zerst\u00f6rt.<\/p>\n<p style=\"text-align: center;\"><a href=\"http:\/\/www.sabine-seyffert.de\/blog\/wp-content\/uploads\/2014\/05\/Burg-2.jpg\"><img loading=\"lazy\" decoding=\"async\" class=\"alignnone size-full wp-image-3997\" src=\"http:\/\/www.sabine-seyffert.de\/blog\/wp-content\/uploads\/2014\/05\/Burg-2.jpg\" alt=\"Burg 2\" width=\"800\" height=\"600\" srcset=\"https:\/\/www.sabine-seyffert.de\/blog\/wp-content\/uploads\/2014\/05\/Burg-2.jpg 800w, https:\/\/www.sabine-seyffert.de\/blog\/wp-content\/uploads\/2014\/05\/Burg-2-300x225.jpg 300w\" sizes=\"auto, (max-width: 800px) 100vw, 800px\" \/><\/a><\/p>\n<p style=\"text-align: justify;\">Ab 1890 fand dann der gro\u00dfe Wiederaufbau der Ruine durch den Schlossbauverein statt, mit kr\u00e4ftiger Unterst\u00fctzung bergischer Industrieller.<\/p>\n<p style=\"text-align: center;\"><a href=\"http:\/\/www.sabine-seyffert.de\/blog\/wp-content\/uploads\/2014\/05\/Burg-3.jpg\"><img loading=\"lazy\" decoding=\"async\" class=\"alignnone size-full wp-image-3998\" src=\"http:\/\/www.sabine-seyffert.de\/blog\/wp-content\/uploads\/2014\/05\/Burg-3.jpg\" alt=\"Burg 3\" width=\"600\" height=\"800\" srcset=\"https:\/\/www.sabine-seyffert.de\/blog\/wp-content\/uploads\/2014\/05\/Burg-3.jpg 600w, https:\/\/www.sabine-seyffert.de\/blog\/wp-content\/uploads\/2014\/05\/Burg-3-225x300.jpg 225w\" sizes=\"auto, (max-width: 600px) 100vw, 600px\" \/><\/a><\/p>\n<p style=\"text-align: justify;\">Mit Bergfried, Pallas, innerer und \u00e4u\u00dferer Burg ist Schloss Burg heute die gr\u00f6\u00dfte rekonstruierte Burganlage in NRW. Und weil diese nicht nur ein beliebtes sondern wirklich tolles Ausflugsziel ist, haben wir (wie <a href=\"http:\/\/www.sabine-seyffert.de\/blog\/?p=1532\" target=\"_blank\" rel=\"noopener\">hier<\/a>) wieder einmal eine l\u00e4ngere Wanderung dorthin unternommen.<\/p>\n<p style=\"text-align: center;\"><a href=\"http:\/\/www.sabine-seyffert.de\/blog\/wp-content\/uploads\/2014\/05\/Burg-4.jpg\"><img loading=\"lazy\" decoding=\"async\" class=\"alignnone size-full wp-image-3999\" src=\"http:\/\/www.sabine-seyffert.de\/blog\/wp-content\/uploads\/2014\/05\/Burg-4.jpg\" alt=\"Burg 4\" width=\"600\" height=\"800\" srcset=\"https:\/\/www.sabine-seyffert.de\/blog\/wp-content\/uploads\/2014\/05\/Burg-4.jpg 600w, https:\/\/www.sabine-seyffert.de\/blog\/wp-content\/uploads\/2014\/05\/Burg-4-225x300.jpg 225w\" sizes=\"auto, (max-width: 600px) 100vw, 600px\" \/><\/a><\/p>\n<p style=\"text-align: justify;\">In unserem Fall freuten sich die Kinderf\u00fc\u00dfe nach dem langen Marsch \u00fcber die Fahrt mit <a href=\"https:\/\/de.wikipedia.org\/wiki\/Seilbahn_Burg\" target=\"_blank\" rel=\"noopener\">der Seilbahn<\/a>, die unten an der Wupper startet und dann direkt unterhalb von Schloss Burg ankommt. Alternativ kann man den hohen Berg aber auch zu Fu\u00df \u201eerklimmen\u201c und landet schlie\u00dflich an der Burgstiege.<\/p>\n<p style=\"text-align: center;\"><a href=\"http:\/\/www.sabine-seyffert.de\/blog\/wp-content\/uploads\/2014\/05\/Burg-5.jpg\"><img loading=\"lazy\" decoding=\"async\" class=\"alignnone size-full wp-image-4000\" src=\"http:\/\/www.sabine-seyffert.de\/blog\/wp-content\/uploads\/2014\/05\/Burg-5.jpg\" alt=\"Burg 5\" width=\"600\" height=\"800\" srcset=\"https:\/\/www.sabine-seyffert.de\/blog\/wp-content\/uploads\/2014\/05\/Burg-5.jpg 600w, https:\/\/www.sabine-seyffert.de\/blog\/wp-content\/uploads\/2014\/05\/Burg-5-225x300.jpg 225w\" sizes=\"auto, (max-width: 600px) 100vw, 600px\" \/><\/a><\/p>\n<p style=\"text-align: justify;\">An dieser liegen allerhand Caf\u00e9s und Restaurants, in denen man ein ganz klassisches Bergisches Kaffeetrinken zu sich nehmen kann.<\/p>\n<p style=\"text-align: center;\"><a href=\"http:\/\/www.sabine-seyffert.de\/blog\/wp-content\/uploads\/2014\/05\/Burg-6.jpg\"><img loading=\"lazy\" decoding=\"async\" class=\"alignnone size-full wp-image-4001\" src=\"http:\/\/www.sabine-seyffert.de\/blog\/wp-content\/uploads\/2014\/05\/Burg-6.jpg\" alt=\"Burg 6\" width=\"600\" height=\"800\" srcset=\"https:\/\/www.sabine-seyffert.de\/blog\/wp-content\/uploads\/2014\/05\/Burg-6.jpg 600w, https:\/\/www.sabine-seyffert.de\/blog\/wp-content\/uploads\/2014\/05\/Burg-6-225x300.jpg 225w\" sizes=\"auto, (max-width: 600px) 100vw, 600px\" \/><\/a><\/p>\n<p style=\"text-align: justify;\">Ebenso gibt es nat\u00fcrlich allerhand kleine Gesch\u00e4fte, in denen es Souvenirs oder auch <a href=\"http:\/\/de.wikipedia.org\/wiki\/Bergisches_Land\" target=\"_blank\" rel=\"noopener\">bergische Spezialit\u00e4ten<\/a> wie <a href=\"http:\/\/de.wikipedia.org\/wiki\/Burger_Brezel\" target=\"_blank\" rel=\"noopener\">Brezeln<\/a>, Zwieback &amp; Co. kaufen kann.<\/p>\n<p style=\"text-align: center;\"><a href=\"http:\/\/www.sabine-seyffert.de\/blog\/wp-content\/uploads\/2014\/05\/Burg-7.jpg\"><img loading=\"lazy\" decoding=\"async\" class=\"alignnone size-full wp-image-4002\" src=\"http:\/\/www.sabine-seyffert.de\/blog\/wp-content\/uploads\/2014\/05\/Burg-7.jpg\" alt=\"Burg 7\" width=\"800\" height=\"600\" srcset=\"https:\/\/www.sabine-seyffert.de\/blog\/wp-content\/uploads\/2014\/05\/Burg-7.jpg 800w, https:\/\/www.sabine-seyffert.de\/blog\/wp-content\/uploads\/2014\/05\/Burg-7-300x225.jpg 300w\" sizes=\"auto, (max-width: 800px) 100vw, 800px\" \/><\/a><\/p>\n<p style=\"text-align: justify;\">Au\u00dfer der herrlichen Aussicht von hier oben auf das Tal und die W\u00e4lder, gibt es einen kleinen Spielplatz, \u00fcber den sich besonders die kleinen G\u00e4ste freuen.<\/p>\n<p style=\"text-align: center;\"><a href=\"http:\/\/www.sabine-seyffert.de\/blog\/wp-content\/uploads\/2014\/05\/Burg-8.jpg\"><img loading=\"lazy\" decoding=\"async\" class=\"alignnone size-full wp-image-4003\" src=\"http:\/\/www.sabine-seyffert.de\/blog\/wp-content\/uploads\/2014\/05\/Burg-8.jpg\" alt=\"Burg 8\" width=\"600\" height=\"800\" srcset=\"https:\/\/www.sabine-seyffert.de\/blog\/wp-content\/uploads\/2014\/05\/Burg-8.jpg 600w, https:\/\/www.sabine-seyffert.de\/blog\/wp-content\/uploads\/2014\/05\/Burg-8-225x300.jpg 225w\" sizes=\"auto, (max-width: 600px) 100vw, 600px\" \/><\/a><\/p>\n<p style=\"text-align: justify;\">Dieses Mal haben wir das Schloss auch von Innen besichtigt. Immer wieder beeindruckend, wie prachtvoll die gro\u00dfen S\u00e4le sind, wie viele Bereich so ein Schloss alles beherbergt und einen kleinen Eindruck davon zu bekommen, wie die Schlossbewohner seinerzeit gelebt haben.<\/p>\n<p style=\"text-align: center;\"><a href=\"http:\/\/www.sabine-seyffert.de\/blog\/wp-content\/uploads\/2014\/05\/Burg-9.jpg\"><img loading=\"lazy\" decoding=\"async\" class=\"alignnone size-full wp-image-4004\" src=\"http:\/\/www.sabine-seyffert.de\/blog\/wp-content\/uploads\/2014\/05\/Burg-9.jpg\" alt=\"Burg 9\" width=\"600\" height=\"800\" srcset=\"https:\/\/www.sabine-seyffert.de\/blog\/wp-content\/uploads\/2014\/05\/Burg-9.jpg 600w, https:\/\/www.sabine-seyffert.de\/blog\/wp-content\/uploads\/2014\/05\/Burg-9-225x300.jpg 225w\" sizes=\"auto, (max-width: 600px) 100vw, 600px\" \/><\/a><\/p>\n<p style=\"text-align: justify;\">Selbst eine kleine Apotheke war im Schloss zu finden, in der man an verschiedenen Heilkr\u00e4utern riechen konnte, die sicher nicht nur damals verwendet wurden.<\/p>\n<p><a href=\"http:\/\/www.sabine-seyffert.de\/blog\/wp-content\/uploads\/2014\/05\/Burg-10.jpg\"><img loading=\"lazy\" decoding=\"async\" class=\"size-full wp-image-4005 aligncenter\" src=\"http:\/\/www.sabine-seyffert.de\/blog\/wp-content\/uploads\/2014\/05\/Burg-10.jpg\" alt=\"Burg 10\" width=\"600\" height=\"800\" srcset=\"https:\/\/www.sabine-seyffert.de\/blog\/wp-content\/uploads\/2014\/05\/Burg-10.jpg 600w, https:\/\/www.sabine-seyffert.de\/blog\/wp-content\/uploads\/2014\/05\/Burg-10-225x300.jpg 225w\" sizes=\"auto, (max-width: 600px) 100vw, 600px\" \/><\/a><\/p>\n<p style=\"text-align: justify;\">So hatten wir bei der Schlossbesichtung auch die gro\u00dfartige Ausstellung \u201e<a href=\"http:\/\/www.gesine-marwedel.de\/dates-publications\/\" target=\"_blank\" rel=\"noopener\">Bodyart<\/a>\u201c entdeckt, \u00fcber die ich <a href=\"http:\/\/www.sabine-seyffert.de\/blog\/?p=3891\" target=\"_blank\" rel=\"noopener\">hier<\/a> schon ausf\u00fchrlich berichtet habe.<\/p>\n<p style=\"text-align: center;\"><a href=\"http:\/\/www.sabine-seyffert.de\/blog\/wp-content\/uploads\/2014\/05\/Burg-11.jpg\"><img loading=\"lazy\" decoding=\"async\" class=\"alignnone size-full wp-image-4006\" src=\"http:\/\/www.sabine-seyffert.de\/blog\/wp-content\/uploads\/2014\/05\/Burg-11.jpg\" alt=\"Burg 11\" width=\"600\" height=\"800\" srcset=\"https:\/\/www.sabine-seyffert.de\/blog\/wp-content\/uploads\/2014\/05\/Burg-11.jpg 600w, https:\/\/www.sabine-seyffert.de\/blog\/wp-content\/uploads\/2014\/05\/Burg-11-225x300.jpg 225w\" sizes=\"auto, (max-width: 600px) 100vw, 600px\" \/><\/a><\/p>\n<p style=\"text-align: justify;\">Auf Schloss Burg finden \u00fcbrigens regelm\u00e4\u00dfig spannende Veranstaltungen wie Ritterspiele, M\u00e4rkte, Konzerte, Ausstellungen u.a. statt. Allerdings ist es dann deutlich voller als an anderen Tagen.<\/p>\n<p style=\"text-align: center;\"><a href=\"http:\/\/www.sabine-seyffert.de\/blog\/wp-content\/uploads\/2014\/05\/Burg-12.jpg\"><img loading=\"lazy\" decoding=\"async\" class=\"alignnone size-full wp-image-4007\" src=\"http:\/\/www.sabine-seyffert.de\/blog\/wp-content\/uploads\/2014\/05\/Burg-12.jpg\" alt=\"Burg 12\" width=\"600\" height=\"800\" srcset=\"https:\/\/www.sabine-seyffert.de\/blog\/wp-content\/uploads\/2014\/05\/Burg-12.jpg 600w, https:\/\/www.sabine-seyffert.de\/blog\/wp-content\/uploads\/2014\/05\/Burg-12-225x300.jpg 225w\" sizes=\"auto, (max-width: 600px) 100vw, 600px\" \/><\/a><\/p>\n<p style=\"text-align: justify;\">Ein Besuch dorthin lohnt sich aber in jedem Fall \ud83d\ude42<\/p>\n<p style=\"text-align: right;\"><a href=\"http:\/\/www.sabine-seyffert.de\/blog\/wp-content\/uploads\/2014\/05\/Burg-14.jpg\"><img loading=\"lazy\" decoding=\"async\" class=\"alignnone size-full wp-image-4008\" src=\"http:\/\/www.sabine-seyffert.de\/blog\/wp-content\/uploads\/2014\/05\/Burg-14.jpg\" alt=\"Burg 14\" width=\"600\" height=\"800\" srcset=\"https:\/\/www.sabine-seyffert.de\/blog\/wp-content\/uploads\/2014\/05\/Burg-14.jpg 600w, https:\/\/www.sabine-seyffert.de\/blog\/wp-content\/uploads\/2014\/05\/Burg-14-225x300.jpg 225w\" sizes=\"auto, (max-width: 600px) 100vw, 600px\" \/><\/a><\/p>\n<p style=\"text-align: justify;\"><a href=\"http:\/\/www.sabine-seyffert.de\/blog\/?page_id=32#urheberrecht\">urheberrechtlich gesch\u00fctzt<\/a>, \u00a9 Sabine Seyffert<\/p>\n","protected":false},"excerpt":{"rendered":"<p>Das Bergische Land, dessen gr\u00f6\u00dfte St\u00e4dte Wuppertal, Solingen und Remscheid sind, ist nach den Grafen und Herzogen von Berg benannt. Seit dem 12. Jahrhundert haben die &#8220;von Berg&#8221;s ihren Stammsitz auf Schloss Burg an der Wupper. Es beherbergte die Grafen von Berg, sp\u00e4ter die Herz\u00f6ge von Berg. Im Drei\u00dfigj\u00e4hrigen Krieg (17. Jh.) wurde die Burg&#8230; <a href=\"https:\/\/www.sabine-seyffert.de\/blog\/ein-besuch-auf-schloss-burg\/\" class=\"more-link\">Read more: Ein Besuch auf Schloss Burg<\/a><\/p>\n","protected":false},"author":2,"featured_media":0,"comment_status":"open","ping_status":"open","sticky":false,"template":"","format":"standard","meta":{"_metis_text_type":"","_metis_text_length":2430,"_post_count":0,"footnotes":""},"categories":[39],"tags":[],"class_list":["post-3994","post","type-post","status-publish","format-standard","hentry","category-ausfluge-co"],"_links":{"self":[{"href":"https:\/\/www.sabine-seyffert.de\/blog\/wp-json\/wp\/v2\/posts\/3994","targetHints":{"allow":["GET"]}}],"collection":[{"href":"https:\/\/www.sabine-seyffert.de\/blog\/wp-json\/wp\/v2\/posts"}],"about":[{"href":"https:\/\/www.sabine-seyffert.de\/blog\/wp-json\/wp\/v2\/types\/post"}],"author":[{"embeddable":true,"href":"https:\/\/www.sabine-seyffert.de\/blog\/wp-json\/wp\/v2\/users\/2"}],"replies":[{"embeddable":true,"href":"https:\/\/www.sabine-seyffert.de\/blog\/wp-json\/wp\/v2\/comments?post=3994"}],"version-history":[{"count":12,"href":"https:\/\/www.sabine-seyffert.de\/blog\/wp-json\/wp\/v2\/posts\/3994\/revisions"}],"predecessor-version":[{"id":12814,"href":"https:\/\/www.sabine-seyffert.de\/blog\/wp-json\/wp\/v2\/posts\/3994\/revisions\/12814"}],"wp:attachment":[{"href":"https:\/\/www.sabine-seyffert.de\/blog\/wp-json\/wp\/v2\/media?parent=3994"}],"wp:term":[{"taxonomy":"category","embeddable":true,"href":"https:\/\/www.sabine-seyffert.de\/blog\/wp-json\/wp\/v2\/categories?post=3994"},{"taxonomy":"post_tag","embeddable":true,"href":"https:\/\/www.sabine-seyffert.de\/blog\/wp-json\/wp\/v2\/tags?post=3994"}],"curies":[{"name":"wp","href":"https:\/\/api.w.org\/{rel}","templated":true}]}}