{"id":3957,"date":"2014-04-26T09:39:25","date_gmt":"2014-04-26T07:39:25","guid":{"rendered":"http:\/\/www.sabine-seyffert.de\/blog\/?p=3957"},"modified":"2018-06-26T08:36:36","modified_gmt":"2018-06-26T06:36:36","slug":"alltagsmenschen-unterwegs","status":"publish","type":"post","link":"https:\/\/www.sabine-seyffert.de\/blog\/alltagsmenschen-unterwegs\/","title":{"rendered":"Alltagsmenschen unterwegs\u2026"},"content":{"rendered":"<p style=\"text-align: center;\"><img loading=\"lazy\" decoding=\"async\" src=\"https:\/\/ssl-vg03.met.vgwort.de\/na\/fe3ce927b9bb4401b39813d0c27f9ad8\" alt=\"\" width=\"1\" height=\"1\" \/><a href=\"http:\/\/www.sabine-seyffert.de\/blog\/wp-content\/uploads\/2014\/04\/Allt-1.jpg\"><img loading=\"lazy\" decoding=\"async\" class=\"alignnone size-full wp-image-3958\" src=\"http:\/\/www.sabine-seyffert.de\/blog\/wp-content\/uploads\/2014\/04\/Allt-1.jpg\" alt=\"Allt 1\" width=\"600\" height=\"800\" srcset=\"https:\/\/www.sabine-seyffert.de\/blog\/wp-content\/uploads\/2014\/04\/Allt-1.jpg 600w, https:\/\/www.sabine-seyffert.de\/blog\/wp-content\/uploads\/2014\/04\/Allt-1-225x300.jpg 225w\" sizes=\"auto, (max-width: 600px) 100vw, 600px\" \/><\/a><\/p>\n<p style=\"text-align: justify;\">In der Ferienzeit ist jede Abwechslung willkommen. Und so haben wir bei strahlendem Sonnenschein einen spontanen Ausflug ins Gr\u00fcne unternommen, bei dem uns allerhand fr\u00f6hliche und ausgesprochen sympathische \u201e<a href=\"https:\/\/de.wikipedia.org\/wiki\/Christel_Lechner\" target=\"_blank\" rel=\"noopener\">Alltagsmenschen<\/a>\u201c begegnet sind.<\/p>\n<p style=\"text-align: center;\"><a href=\"http:\/\/www.sabine-seyffert.de\/blog\/wp-content\/uploads\/2014\/04\/Allt-2.jpg\"><img loading=\"lazy\" decoding=\"async\" class=\"alignnone size-full wp-image-3959\" src=\"http:\/\/www.sabine-seyffert.de\/blog\/wp-content\/uploads\/2014\/04\/Allt-2.jpg\" alt=\"Allt 2\" width=\"600\" height=\"800\" srcset=\"https:\/\/www.sabine-seyffert.de\/blog\/wp-content\/uploads\/2014\/04\/Allt-2.jpg 600w, https:\/\/www.sabine-seyffert.de\/blog\/wp-content\/uploads\/2014\/04\/Allt-2-225x300.jpg 225w\" sizes=\"auto, (max-width: 600px) 100vw, 600px\" \/><\/a><\/p>\n<p style=\"text-align: justify;\">Mitten durchs fr\u00fchlingshafte Gr\u00fcn sind wir spaziert, mitten in die <a href=\"https:\/\/de.wikipedia.org\/wiki\/Barmer_Anlagen\" target=\"_blank\" rel=\"noopener\">Barmer Anlagen<\/a> hinein. Der gr\u00fcne Park im Stadtteil Barmen ist sehr weitl\u00e4ufig, schon jetzt im Fr\u00fchling herrlich gr\u00fcn und nicht nur mit reichlich Wiesenfl\u00e4che best\u00fcckt, die zum gem\u00fctlichen Picknick oder Spielen einladen, sondern ebenfalls mit eindrucksvollem Baumbestand, Spielplatz, mehreren kleinen Teichen und allerhand B\u00e4nken zum Verweilen.<\/p>\n<p style=\"text-align: center;\"><a href=\"http:\/\/www.sabine-seyffert.de\/blog\/wp-content\/uploads\/2014\/04\/Allt-3.jpg\"><img loading=\"lazy\" decoding=\"async\" class=\"alignnone size-full wp-image-3960\" src=\"http:\/\/www.sabine-seyffert.de\/blog\/wp-content\/uploads\/2014\/04\/Allt-3.jpg\" alt=\"Allt 3\" width=\"800\" height=\"600\" srcset=\"https:\/\/www.sabine-seyffert.de\/blog\/wp-content\/uploads\/2014\/04\/Allt-3.jpg 800w, https:\/\/www.sabine-seyffert.de\/blog\/wp-content\/uploads\/2014\/04\/Allt-3-300x225.jpg 300w\" sizes=\"auto, (max-width: 800px) 100vw, 800px\" \/><\/a><\/p>\n<p style=\"text-align: justify;\">Durch Zufall sind wir bei unserem Ausflug allerhand \u201eAlltagsmenschen\u201c begegnet, die uns in ihren Bann gezogen haben. Dabei handelte es sich um Figuren bzw. Skulpturen der K\u00fcnstlerin Christel Lechner, die aus Beton gefertigt wurden.<\/p>\n<p style=\"text-align: center;\"><a href=\"http:\/\/www.sabine-seyffert.de\/blog\/wp-content\/uploads\/2014\/04\/Allt-4.jpg\"><img loading=\"lazy\" decoding=\"async\" class=\"alignnone size-full wp-image-3961\" src=\"http:\/\/www.sabine-seyffert.de\/blog\/wp-content\/uploads\/2014\/04\/Allt-4.jpg\" alt=\"Allt 4\" width=\"600\" height=\"646\" srcset=\"https:\/\/www.sabine-seyffert.de\/blog\/wp-content\/uploads\/2014\/04\/Allt-4.jpg 600w, https:\/\/www.sabine-seyffert.de\/blog\/wp-content\/uploads\/2014\/04\/Allt-4-278x300.jpg 278w\" sizes=\"auto, (max-width: 600px) 100vw, 600px\" \/><\/a><\/p>\n<p style=\"text-align: justify;\">Das sieht man ihnen jedoch gar nicht an. Ganz im Gegenteil, aus der Ferne sehen sie so lebendig aus, als w\u00e4ren dies ganz normale Parkbesucher.<\/p>\n<p style=\"text-align: center;\"><a href=\"http:\/\/www.sabine-seyffert.de\/blog\/wp-content\/uploads\/2014\/04\/Allt-6.jpg\"><img loading=\"lazy\" decoding=\"async\" class=\"alignnone size-full wp-image-3962\" src=\"http:\/\/www.sabine-seyffert.de\/blog\/wp-content\/uploads\/2014\/04\/Allt-6.jpg\" alt=\"Allt 6\" width=\"800\" height=\"652\" srcset=\"https:\/\/www.sabine-seyffert.de\/blog\/wp-content\/uploads\/2014\/04\/Allt-6.jpg 800w, https:\/\/www.sabine-seyffert.de\/blog\/wp-content\/uploads\/2014\/04\/Allt-6-300x244.jpg 300w\" sizes=\"auto, (max-width: 800px) 100vw, 800px\" \/><\/a><\/p>\n<p style=\"text-align: justify;\">Wir mussten bei unserer Wanderung schon ganz genau hinschauen um zu erkennen ob es sich auf der Wiese um Spazierg\u00e4nger oder die Alltagsmenschen aus der Ausstellung handelt.<\/p>\n<p style=\"text-align: center;\"><a href=\"http:\/\/www.sabine-seyffert.de\/blog\/wp-content\/uploads\/2014\/04\/Allt-5.jpg\"><img loading=\"lazy\" decoding=\"async\" class=\"alignnone size-full wp-image-3963\" src=\"http:\/\/www.sabine-seyffert.de\/blog\/wp-content\/uploads\/2014\/04\/Allt-5.jpg\" alt=\"Allt 5\" width=\"600\" height=\"800\" srcset=\"https:\/\/www.sabine-seyffert.de\/blog\/wp-content\/uploads\/2014\/04\/Allt-5.jpg 600w, https:\/\/www.sabine-seyffert.de\/blog\/wp-content\/uploads\/2014\/04\/Allt-5-225x300.jpg 225w\" sizes=\"auto, (max-width: 600px) 100vw, 600px\" \/><\/a><\/p>\n<p style=\"text-align: justify;\">Nur einige von ihnen waren der Jahreszeit etwas voraus und schienen sich die Badesaison herbeizusehnen. Wie die drei sitzenden Damen im Badeanzug, der Schwung Alltagsmenschen unter der Freiluftdusche sowie die beiden Figuren, die es sich im Wasser gem\u00fctlich gemacht haben um ein Bad zu nehmen.<\/p>\n<p style=\"text-align: center;\"><a href=\"http:\/\/www.sabine-seyffert.de\/blog\/wp-content\/uploads\/2014\/04\/Allt-14.jpg\"><img loading=\"lazy\" decoding=\"async\" class=\"alignnone size-full wp-image-3964\" src=\"http:\/\/www.sabine-seyffert.de\/blog\/wp-content\/uploads\/2014\/04\/Allt-14.jpg\" alt=\"Allt 14\" width=\"600\" height=\"800\" srcset=\"https:\/\/www.sabine-seyffert.de\/blog\/wp-content\/uploads\/2014\/04\/Allt-14.jpg 600w, https:\/\/www.sabine-seyffert.de\/blog\/wp-content\/uploads\/2014\/04\/Allt-14-225x300.jpg 225w\" sizes=\"auto, (max-width: 600px) 100vw, 600px\" \/><\/a><\/p>\n<p style=\"text-align: justify;\">Es gab mehrere Frauen, die offensichtlich mit dem Fr\u00fchjahrsputz besch\u00e4ftigt waren und einen ganzen Berg von W\u00e4sche zu bew\u00e4ltigen hatten. Ein Teil davon hing bereits zum Trocknen zwischen den hohen B\u00e4umen und flatterte im Fr\u00fchlingswind\u2026<\/p>\n<p style=\"text-align: center;\"><a href=\"http:\/\/www.sabine-seyffert.de\/blog\/wp-content\/uploads\/2014\/04\/Allt-7.jpg\"><img loading=\"lazy\" decoding=\"async\" class=\"alignnone size-full wp-image-3965\" src=\"http:\/\/www.sabine-seyffert.de\/blog\/wp-content\/uploads\/2014\/04\/Allt-7.jpg\" alt=\"Allt 7\" width=\"600\" height=\"800\" srcset=\"https:\/\/www.sabine-seyffert.de\/blog\/wp-content\/uploads\/2014\/04\/Allt-7.jpg 600w, https:\/\/www.sabine-seyffert.de\/blog\/wp-content\/uploads\/2014\/04\/Allt-7-225x300.jpg 225w\" sizes=\"auto, (max-width: 600px) 100vw, 600px\" \/><\/a><\/p>\n<p style=\"text-align: justify;\">Auf einem gro\u00dfen St\u00fcck Wiese gab es eine ganze Gruppe von Alltagsmenschen, die es sich auf St\u00fchlen bequem gemacht hatte. Gl\u00fcck demjenigen, der den freien Platz zwischen ihnen ergattern konnte!<\/p>\n<p style=\"text-align: center;\"><a href=\"http:\/\/www.sabine-seyffert.de\/blog\/wp-content\/uploads\/2014\/04\/Allt-11.jpg\"><img loading=\"lazy\" decoding=\"async\" class=\"alignnone size-full wp-image-3966\" src=\"http:\/\/www.sabine-seyffert.de\/blog\/wp-content\/uploads\/2014\/04\/Allt-11.jpg\" alt=\"Allt 11\" width=\"600\" height=\"800\" srcset=\"https:\/\/www.sabine-seyffert.de\/blog\/wp-content\/uploads\/2014\/04\/Allt-11.jpg 600w, https:\/\/www.sabine-seyffert.de\/blog\/wp-content\/uploads\/2014\/04\/Allt-11-225x300.jpg 225w\" sizes=\"auto, (max-width: 600px) 100vw, 600px\" \/><\/a><\/p>\n<p style=\"text-align: justify;\">Ein scheinbar verliebtes Paar tanzte auf einem sonnigen St\u00fcck Wiese und schien sich an den Besuchern wenig zu st\u00f6ren. Auf dem R\u00fcckweg entdeckten wir im Wald, etwas versteckt, noch einen Alltagsmensch samt Hund auf einem Sofa.<\/p>\n<p style=\"text-align: center;\"><a href=\"http:\/\/www.sabine-seyffert.de\/blog\/wp-content\/uploads\/2014\/04\/Allt-10.jpg\"><img loading=\"lazy\" decoding=\"async\" class=\"alignnone size-full wp-image-3967\" src=\"http:\/\/www.sabine-seyffert.de\/blog\/wp-content\/uploads\/2014\/04\/Allt-10.jpg\" alt=\"Allt 10\" width=\"600\" height=\"800\" srcset=\"https:\/\/www.sabine-seyffert.de\/blog\/wp-content\/uploads\/2014\/04\/Allt-10.jpg 600w, https:\/\/www.sabine-seyffert.de\/blog\/wp-content\/uploads\/2014\/04\/Allt-10-225x300.jpg 225w\" sizes=\"auto, (max-width: 600px) 100vw, 600px\" \/><\/a><\/p>\n<p style=\"text-align: justify;\">Alle im Park aufgestellten Figuren haben wir leider trotz intensiver Suche nicht entdecken k\u00f6nnen. Aber einen Besuch ist diese rundum sympathische Ausstellung in jedem Fall wert.<\/p>\n<p style=\"text-align: center;\"><a href=\"http:\/\/www.sabine-seyffert.de\/blog\/wp-content\/uploads\/2014\/04\/Allt-9.jpg\"><img loading=\"lazy\" decoding=\"async\" class=\"alignnone size-full wp-image-3968\" src=\"http:\/\/www.sabine-seyffert.de\/blog\/wp-content\/uploads\/2014\/04\/Allt-9.jpg\" alt=\"Allt 9\" width=\"600\" height=\"800\" srcset=\"https:\/\/www.sabine-seyffert.de\/blog\/wp-content\/uploads\/2014\/04\/Allt-9.jpg 600w, https:\/\/www.sabine-seyffert.de\/blog\/wp-content\/uploads\/2014\/04\/Allt-9-225x300.jpg 225w\" sizes=\"auto, (max-width: 600px) 100vw, 600px\" \/><\/a><\/p>\n<p style=\"text-align: justify;\">Mal schauen, vielleicht starten wir einen zweiten Besuch um auch die restlichen Alltagsmenschen noch zu entdecken\u2026 Bis zum 3. Juli 2014 sind diese noch in den Barmer Anlagen zu bewundern.<\/p>\n<p style=\"text-align: center;\"><a href=\"http:\/\/www.sabine-seyffert.de\/blog\/wp-content\/uploads\/2014\/04\/Allt-12.jpg\"><img loading=\"lazy\" decoding=\"async\" class=\"alignnone size-full wp-image-3969\" src=\"http:\/\/www.sabine-seyffert.de\/blog\/wp-content\/uploads\/2014\/04\/Allt-12.jpg\" alt=\"Allt 12\" width=\"600\" height=\"800\" srcset=\"https:\/\/www.sabine-seyffert.de\/blog\/wp-content\/uploads\/2014\/04\/Allt-12.jpg 600w, https:\/\/www.sabine-seyffert.de\/blog\/wp-content\/uploads\/2014\/04\/Allt-12-225x300.jpg 225w\" sizes=\"auto, (max-width: 600px) 100vw, 600px\" \/><\/a><\/p>\n<p style=\"text-align: justify;\">Ein herzlicher Dank an Christel Lechner f\u00fcr die freundliche Genehmigung daf\u00fcr, dass ich meine Bilder ihrer Skulpturen hier ver\u00f6ffentlichen und zeigen darf!<\/p>\n<p style=\"text-align: center;\"><a href=\"http:\/\/www.sabine-seyffert.de\/blog\/wp-content\/uploads\/2014\/04\/Allt-13.jpg\"><img loading=\"lazy\" decoding=\"async\" class=\"alignnone size-full wp-image-3970\" src=\"http:\/\/www.sabine-seyffert.de\/blog\/wp-content\/uploads\/2014\/04\/Allt-13.jpg\" alt=\"Allt 13\" width=\"600\" height=\"800\" srcset=\"https:\/\/www.sabine-seyffert.de\/blog\/wp-content\/uploads\/2014\/04\/Allt-13.jpg 600w, https:\/\/www.sabine-seyffert.de\/blog\/wp-content\/uploads\/2014\/04\/Allt-13-225x300.jpg 225w\" sizes=\"auto, (max-width: 600px) 100vw, 600px\" \/><\/a><\/p>\n<p><a href=\"http:\/\/www.sabine-seyffert.de\/blog\/?page_id=32#urheberrecht\">urheberrechtlich gesch\u00fctzt<\/a>, \u00a9 Sabine Seyffert<\/p>\n","protected":false},"excerpt":{"rendered":"<p>In der Ferienzeit ist jede Abwechslung willkommen. Und so haben wir bei strahlendem Sonnenschein einen spontanen Ausflug ins Gr\u00fcne unternommen, bei dem uns allerhand fr\u00f6hliche und ausgesprochen sympathische \u201eAlltagsmenschen\u201c begegnet sind. Mitten durchs fr\u00fchlingshafte Gr\u00fcn sind wir spaziert, mitten in die Barmer Anlagen hinein. Der gr\u00fcne Park im Stadtteil Barmen ist sehr weitl\u00e4ufig, schon jetzt&#8230; <a href=\"https:\/\/www.sabine-seyffert.de\/blog\/alltagsmenschen-unterwegs\/\" class=\"more-link\">Read more: Alltagsmenschen unterwegs\u2026<\/a><\/p>\n","protected":false},"author":2,"featured_media":0,"comment_status":"open","ping_status":"open","sticky":false,"template":"","format":"standard","meta":{"_metis_text_type":"","_metis_text_length":2716,"_post_count":0,"footnotes":""},"categories":[39],"tags":[],"class_list":["post-3957","post","type-post","status-publish","format-standard","hentry","category-ausfluge-co"],"_links":{"self":[{"href":"https:\/\/www.sabine-seyffert.de\/blog\/wp-json\/wp\/v2\/posts\/3957","targetHints":{"allow":["GET"]}}],"collection":[{"href":"https:\/\/www.sabine-seyffert.de\/blog\/wp-json\/wp\/v2\/posts"}],"about":[{"href":"https:\/\/www.sabine-seyffert.de\/blog\/wp-json\/wp\/v2\/types\/post"}],"author":[{"embeddable":true,"href":"https:\/\/www.sabine-seyffert.de\/blog\/wp-json\/wp\/v2\/users\/2"}],"replies":[{"embeddable":true,"href":"https:\/\/www.sabine-seyffert.de\/blog\/wp-json\/wp\/v2\/comments?post=3957"}],"version-history":[{"count":13,"href":"https:\/\/www.sabine-seyffert.de\/blog\/wp-json\/wp\/v2\/posts\/3957\/revisions"}],"predecessor-version":[{"id":12816,"href":"https:\/\/www.sabine-seyffert.de\/blog\/wp-json\/wp\/v2\/posts\/3957\/revisions\/12816"}],"wp:attachment":[{"href":"https:\/\/www.sabine-seyffert.de\/blog\/wp-json\/wp\/v2\/media?parent=3957"}],"wp:term":[{"taxonomy":"category","embeddable":true,"href":"https:\/\/www.sabine-seyffert.de\/blog\/wp-json\/wp\/v2\/categories?post=3957"},{"taxonomy":"post_tag","embeddable":true,"href":"https:\/\/www.sabine-seyffert.de\/blog\/wp-json\/wp\/v2\/tags?post=3957"}],"curies":[{"name":"wp","href":"https:\/\/api.w.org\/{rel}","templated":true}]}}