{"id":3914,"date":"2014-04-19T12:30:25","date_gmt":"2014-04-19T10:30:25","guid":{"rendered":"http:\/\/www.sabine-seyffert.de\/blog\/?p=3914"},"modified":"2023-02-16T17:33:44","modified_gmt":"2023-02-16T15:33:44","slug":"osterhasen-aufgepasst","status":"publish","type":"post","link":"https:\/\/www.sabine-seyffert.de\/blog\/osterhasen-aufgepasst\/","title":{"rendered":"Osterhasen, aufgepasst!"},"content":{"rendered":"<p style=\"text-align: justify;\"><img loading=\"lazy\" decoding=\"async\" src=\"https:\/\/ssl-vg03.met.vgwort.de\/na\/55ff4e57541b4a328779b6e5b0eb4f0c\" alt=\"\" width=\"1\" height=\"1\" \/>Spitzt Eure Ohren, denn heute gibt es bei uns eine k\u00f6stliche M\u00f6hrentorte, die herrlich frisch und saftig ist. Und die schmeckt nicht nur allen Langohren gut&#8230;<\/p>\n<p style=\"text-align: center;\"><a href=\"http:\/\/www.sabine-seyffert.de\/blog\/wp-content\/uploads\/2014\/04\/Ma-1.jpg\"><img loading=\"lazy\" decoding=\"async\" class=\"alignnone size-full wp-image-3915\" src=\"http:\/\/www.sabine-seyffert.de\/blog\/wp-content\/uploads\/2014\/04\/Ma-1.jpg\" alt=\"Ma 1\" width=\"800\" height=\"600\" srcset=\"https:\/\/www.sabine-seyffert.de\/blog\/wp-content\/uploads\/2014\/04\/Ma-1.jpg 800w, https:\/\/www.sabine-seyffert.de\/blog\/wp-content\/uploads\/2014\/04\/Ma-1-300x225.jpg 300w\" sizes=\"auto, (max-width: 800px) 100vw, 800px\" \/><\/a><\/p>\n<p style=\"text-align: justify;\"><strong>Das wird gebraucht:<\/strong><br \/>\n300 gr gesch\u00e4lte M\u00f6hren, 220 ml Sonnenblumen\u00f6l, 4 Eier, etwas frisch gemahlene Vanille oder ersatzweise 1 P\u00e4ckchen Vanillin, 1 Paket Backpulver, 100 gr gemahlene Mandeln, 100 gr gehakte Mandeln, 200 gr Zucker, 200 gr Mehl, 1 TL Zimt, Fett f\u00fcr die Form sowie 400 gr Frischk\u00e4se und 100 gr Puderzucker f\u00fcr den Guss<\/p>\n<p style=\"text-align: center;\"><a href=\"http:\/\/www.sabine-seyffert.de\/blog\/wp-content\/uploads\/2014\/04\/Ma-2.jpg\"><img loading=\"lazy\" decoding=\"async\" class=\"alignnone size-full wp-image-3916\" src=\"http:\/\/www.sabine-seyffert.de\/blog\/wp-content\/uploads\/2014\/04\/Ma-2.jpg\" alt=\"Ma 2\" width=\"800\" height=\"600\" srcset=\"https:\/\/www.sabine-seyffert.de\/blog\/wp-content\/uploads\/2014\/04\/Ma-2.jpg 800w, https:\/\/www.sabine-seyffert.de\/blog\/wp-content\/uploads\/2014\/04\/Ma-2-300x225.jpg 300w\" sizes=\"auto, (max-width: 800px) 100vw, 800px\" \/><\/a><\/p>\n<p style=\"text-align: justify;\"><strong>So wird\u2019s gemacht:<\/strong><br \/>\nDie gesch\u00e4lten M\u00f6hren reibt man auf der K\u00fcchenreibe m\u00f6glichst fein. Wer eine K\u00fcchenmaschine zur Hand hat, kann das Gem\u00fcse auch damit raspeln.<\/p>\n<p style=\"text-align: center;\"><a href=\"http:\/\/www.sabine-seyffert.de\/blog\/wp-content\/uploads\/2014\/04\/Ma-3.jpg\"><img loading=\"lazy\" decoding=\"async\" class=\"alignnone size-full wp-image-3917\" src=\"http:\/\/www.sabine-seyffert.de\/blog\/wp-content\/uploads\/2014\/04\/Ma-3.jpg\" alt=\"Ma 3\" width=\"800\" height=\"600\" srcset=\"https:\/\/www.sabine-seyffert.de\/blog\/wp-content\/uploads\/2014\/04\/Ma-3.jpg 800w, https:\/\/www.sabine-seyffert.de\/blog\/wp-content\/uploads\/2014\/04\/Ma-3-300x225.jpg 300w\" sizes=\"auto, (max-width: 800px) 100vw, 800px\" \/><\/a><\/p>\n<p style=\"text-align: justify;\">In einer Teigsch\u00fcssel mixt man den Zucker mit den Eiern m\u00f6glichst schaumig. Dann gibt man beim Mixen langsam das \u00d6l hinzu, Vanille, Backpulver und den Zimt. Anschlie\u00dfend die Mandeln, die geraspelten M\u00f6hren und zum Schluss das Mehl. Falls der Teig zu fest sein sollte, kann man etwas Mineralwasser oder noch einen Schuss \u00d6l hinzugeben.<\/p>\n<p style=\"text-align: center;\"><a href=\"http:\/\/www.sabine-seyffert.de\/blog\/wp-content\/uploads\/2014\/04\/Ma-4.jpg\"><img loading=\"lazy\" decoding=\"async\" class=\"alignnone size-full wp-image-3918\" src=\"http:\/\/www.sabine-seyffert.de\/blog\/wp-content\/uploads\/2014\/04\/Ma-4.jpg\" alt=\"Ma 4\" width=\"600\" height=\"800\" srcset=\"https:\/\/www.sabine-seyffert.de\/blog\/wp-content\/uploads\/2014\/04\/Ma-4.jpg 600w, https:\/\/www.sabine-seyffert.de\/blog\/wp-content\/uploads\/2014\/04\/Ma-4-225x300.jpg 225w\" sizes=\"auto, (max-width: 600px) 100vw, 600px\" \/><\/a><\/p>\n<p style=\"text-align: justify;\">Dann fettet man eine gro\u00dfe Springform und f\u00fcllt den Teig hinein. Anschlie\u00dfend schiebt man den Kuchen in den Ofen und b\u00e4ckt diesen bei etwa 160\u00b0 Grad bis dieser Oben leicht gebr\u00e4unt ist. Wer mag kann sicherheitshalber mit einem Holzst\u00e4bchen oder d\u00fcnnem Messer die Probe machen. Bleibt kein Teig mehr h\u00e4ngen, ist der Kuchen fertig.<\/p>\n<p style=\"text-align: center;\"><a href=\"http:\/\/www.sabine-seyffert.de\/blog\/wp-content\/uploads\/2014\/04\/Ma-5.jpg\"><img loading=\"lazy\" decoding=\"async\" class=\"alignnone size-full wp-image-3919\" src=\"http:\/\/www.sabine-seyffert.de\/blog\/wp-content\/uploads\/2014\/04\/Ma-5.jpg\" alt=\"Ma 5\" width=\"800\" height=\"600\" srcset=\"https:\/\/www.sabine-seyffert.de\/blog\/wp-content\/uploads\/2014\/04\/Ma-5.jpg 800w, https:\/\/www.sabine-seyffert.de\/blog\/wp-content\/uploads\/2014\/04\/Ma-5-300x225.jpg 300w\" sizes=\"auto, (max-width: 800px) 100vw, 800px\" \/><\/a><\/p>\n<p style=\"text-align: justify;\">Sobald dieser ganz ausgek\u00fchlt ist, mischt man den Frischk\u00e4se mit dem Puderzucker und verr\u00fchrt alles gleichm\u00e4\u00dfig. Die Frischk\u00e4semasse streicht man gleichm\u00e4\u00dfig auf und um die Torte. Wer mag kann an die Seiten noch mit ein paar gehobelten Mandeln verzieren.<\/p>\n<p style=\"text-align: center;\"><a href=\"http:\/\/www.sabine-seyffert.de\/blog\/wp-content\/uploads\/2014\/04\/Ma-6.jpg\"><img loading=\"lazy\" decoding=\"async\" class=\"alignnone size-full wp-image-3920\" src=\"http:\/\/www.sabine-seyffert.de\/blog\/wp-content\/uploads\/2014\/04\/Ma-6.jpg\" alt=\"Ma 6\" width=\"800\" height=\"600\" srcset=\"https:\/\/www.sabine-seyffert.de\/blog\/wp-content\/uploads\/2014\/04\/Ma-6.jpg 800w, https:\/\/www.sabine-seyffert.de\/blog\/wp-content\/uploads\/2014\/04\/Ma-6-300x225.jpg 300w\" sizes=\"auto, (max-width: 800px) 100vw, 800px\" \/><\/a><\/p>\n<p style=\"text-align: justify;\">PS.: Ich habe mich lange davor gedr\u00fcckt einen solchen M\u00f6hrenkuchen zu probieren, da ich kein gro\u00dfer Fan von Karotten bin und mir Gem\u00fcse in Form eines Kuchens so gar nicht vorstellen konnte. Daher kann ich nun allen Skeptikern guten Gewissens verraten, dass man die M\u00f6hren \u00fcberhaupt nicht schmeckt und der Kuchen wirklich ein Renner ist. Und das nicht nur in der Fr\u00fchlingszeit!<\/p>\n<p style=\"text-align: center;\"><a href=\"http:\/\/www.sabine-seyffert.de\/blog\/wp-content\/uploads\/2014\/04\/Ma-8.jpg\"><img loading=\"lazy\" decoding=\"async\" class=\"alignnone size-full wp-image-3921\" src=\"http:\/\/www.sabine-seyffert.de\/blog\/wp-content\/uploads\/2014\/04\/Ma-8.jpg\" alt=\"Ma 8\" width=\"800\" height=\"600\" srcset=\"https:\/\/www.sabine-seyffert.de\/blog\/wp-content\/uploads\/2014\/04\/Ma-8.jpg 800w, https:\/\/www.sabine-seyffert.de\/blog\/wp-content\/uploads\/2014\/04\/Ma-8-300x225.jpg 300w\" sizes=\"auto, (max-width: 800px) 100vw, 800px\" \/><\/a><\/p>\n<p style=\"text-align: justify;\">Ich w\u00fcnsche Euch allen kunterbunte Ostertage mit reichlich Sonnenschein und guter Laune!<\/p>\n<p style=\"text-align: center;\"><a href=\"http:\/\/www.sabine-seyffert.de\/blog\/wp-content\/uploads\/2014\/04\/Ma-9.jpg\"><img loading=\"lazy\" decoding=\"async\" class=\"alignnone size-full wp-image-3922\" src=\"http:\/\/www.sabine-seyffert.de\/blog\/wp-content\/uploads\/2014\/04\/Ma-9.jpg\" alt=\"Ma 9\" width=\"800\" height=\"600\" srcset=\"https:\/\/www.sabine-seyffert.de\/blog\/wp-content\/uploads\/2014\/04\/Ma-9.jpg 800w, https:\/\/www.sabine-seyffert.de\/blog\/wp-content\/uploads\/2014\/04\/Ma-9-300x225.jpg 300w\" sizes=\"auto, (max-width: 800px) 100vw, 800px\" \/><\/a><\/p>\n<p><a href=\"http:\/\/www.sabine-seyffert.de\/blog\/?page_id=32#urheberrecht\">urheberrechtlich gesch\u00fctzt<\/a>, \u00a9 Sabine Seyffert<\/p>\n","protected":false},"excerpt":{"rendered":"<p>Spitzt Eure Ohren, denn heute gibt es bei uns eine k\u00f6stliche M\u00f6hrentorte, die herrlich frisch und saftig ist. Und die schmeckt nicht nur allen Langohren gut&#8230; Das wird gebraucht: 300 gr gesch\u00e4lte M\u00f6hren, 220 ml Sonnenblumen\u00f6l, 4 Eier, etwas frisch gemahlene Vanille oder ersatzweise 1 P\u00e4ckchen Vanillin, 1 Paket Backpulver, 100 gr gemahlene Mandeln, 100&#8230; <a href=\"https:\/\/www.sabine-seyffert.de\/blog\/osterhasen-aufgepasst\/\" class=\"more-link\">Read more: Osterhasen, aufgepasst!<\/a><\/p>\n","protected":false},"author":2,"featured_media":0,"comment_status":"open","ping_status":"open","sticky":false,"template":"","format":"standard","meta":{"_metis_text_type":"","_metis_text_length":2088,"_post_count":0,"footnotes":""},"categories":[57,31],"tags":[],"class_list":["post-3914","post","type-post","status-publish","format-standard","hentry","category-ostern","category-rezepte-suse-kuchen-co"],"_links":{"self":[{"href":"https:\/\/www.sabine-seyffert.de\/blog\/wp-json\/wp\/v2\/posts\/3914","targetHints":{"allow":["GET"]}}],"collection":[{"href":"https:\/\/www.sabine-seyffert.de\/blog\/wp-json\/wp\/v2\/posts"}],"about":[{"href":"https:\/\/www.sabine-seyffert.de\/blog\/wp-json\/wp\/v2\/types\/post"}],"author":[{"embeddable":true,"href":"https:\/\/www.sabine-seyffert.de\/blog\/wp-json\/wp\/v2\/users\/2"}],"replies":[{"embeddable":true,"href":"https:\/\/www.sabine-seyffert.de\/blog\/wp-json\/wp\/v2\/comments?post=3914"}],"version-history":[{"count":7,"href":"https:\/\/www.sabine-seyffert.de\/blog\/wp-json\/wp\/v2\/posts\/3914\/revisions"}],"predecessor-version":[{"id":25437,"href":"https:\/\/www.sabine-seyffert.de\/blog\/wp-json\/wp\/v2\/posts\/3914\/revisions\/25437"}],"wp:attachment":[{"href":"https:\/\/www.sabine-seyffert.de\/blog\/wp-json\/wp\/v2\/media?parent=3914"}],"wp:term":[{"taxonomy":"category","embeddable":true,"href":"https:\/\/www.sabine-seyffert.de\/blog\/wp-json\/wp\/v2\/categories?post=3914"},{"taxonomy":"post_tag","embeddable":true,"href":"https:\/\/www.sabine-seyffert.de\/blog\/wp-json\/wp\/v2\/tags?post=3914"}],"curies":[{"name":"wp","href":"https:\/\/api.w.org\/{rel}","templated":true}]}}