{"id":3891,"date":"2014-04-12T09:02:13","date_gmt":"2014-04-12T07:02:13","guid":{"rendered":"http:\/\/www.sabine-seyffert.de\/blog\/?p=3891"},"modified":"2018-06-26T08:39:14","modified_gmt":"2018-06-26T06:39:14","slug":"sehenswert","status":"publish","type":"post","link":"https:\/\/www.sabine-seyffert.de\/blog\/sehenswert\/","title":{"rendered":"Sehenswert&#8230;"},"content":{"rendered":"<p style=\"text-align: justify;\"><img loading=\"lazy\" decoding=\"async\" src=\"https:\/\/ssl-vg03.met.vgwort.de\/na\/acf904c57f28411a8d1db78c3931610a\" alt=\"\" width=\"1\" height=\"1\" \/>Vor kurzem haben wir einen Ausflug gemacht und <a href=\"https:\/\/de.wikipedia.org\/wiki\/Schloss_Burg\" target=\"_blank\" rel=\"noopener\">Schloss Burg<\/a> besucht. Dort haben wir durch Zufall die Ausstellung von <a href=\"http:\/\/www.gesine-marwedel.de\/gesine-marwedel\/\" target=\"_blank\" rel=\"noopener\">Gesine Marwedel<\/a> entdeckt. Von dieser K\u00fcnstlerin hatte ich bislang noch nie geh\u00f6rt, aber die ausgestellten Bilder waren so beeindruckend, dass ich dies gerne als Tipp auf meinem Blog an Euch weitergeben m\u00f6chte. Wer also in der N\u00e4he ist, eine Ausflugsidee f\u00fcrs Wochenende oder die Osterferien sucht, sollte die Gunst der Stunde nutzen, etwas Zeit einplanen und die \u201eK\u00f6rperkunst Ausstellung Bodyart\u201c besuchen, die dort noch bis zum 27. April 2014 zu bewundern ist.<br \/>\nEinen kleinen Einblick in das kreative Schaffen &amp; Tun von Gesine Marwedel gibt es zwar auch auf ihrer Internetseite, aber die Bilder in gro\u00df und auf Leinwand sind doch deutlich beeindruckender!<\/p>\n<p style=\"text-align: center;\"><a href=\"http:\/\/www.sabine-seyffert.de\/blog\/wp-content\/uploads\/2014\/04\/Body-1.jpg\"><img loading=\"lazy\" decoding=\"async\" class=\"alignnone size-full wp-image-3892\" src=\"http:\/\/www.sabine-seyffert.de\/blog\/wp-content\/uploads\/2014\/04\/Body-1.jpg\" alt=\"Body 1\" width=\"600\" height=\"800\" srcset=\"https:\/\/www.sabine-seyffert.de\/blog\/wp-content\/uploads\/2014\/04\/Body-1.jpg 600w, https:\/\/www.sabine-seyffert.de\/blog\/wp-content\/uploads\/2014\/04\/Body-1-225x300.jpg 225w\" sizes=\"auto, (max-width: 600px) 100vw, 600px\" \/><\/a><\/p>\n<p style=\"text-align: justify;\">Besonders spannend fand ich die jeweiligen Infos, wie die \u201eKunstwerke\u201c tats\u00e4chlich entstanden sind und was es dabei f\u00fcr Schwierigkeiten oder auch Herausforderungen gab. Die Bilder laden den Besucher in jedem Fall zum genauen Hinschauen ein. Und f\u00fcr die kleinen Besucher schien es ganz besonders interessant zu sein, die jeweilige K\u00f6rperhaltung der auf Leinwand gedruckten Bilder nachzustellen und auszutesten wie lange man in einer solchen K\u00f6rperstellung \u00fcberhaupt verharren kann. Also auch eine k\u00f6rperliche Herausforderung f\u00fcr die Ausstellungsbesucher, falls gew\u00fcnscht oder so kreativ veranlagt, wie unser Nachwuchs \ud83d\ude09<\/p>\n<p style=\"text-align: justify;\">Der ungeschlagene Favorit dieser Ausstellung war f\u00fcr uns nat\u00fcrlich das Pinguinbild. Was unsere Pinguin Sammlung (<a href=\"http:\/\/www.sabine-seyffert.de\/blog\/?p=3017\" target=\"_blank\" rel=\"noopener\">Pinguin-Laterne<\/a> und unseren <a href=\"http:\/\/www.sabine-seyffert.de\/blog\/?p=3498\" target=\"_blank\" rel=\"noopener\">klitzekleinen Wintergru\u00df<\/a>) ganz wunderbar erg\u00e4nzt.<br \/>\nAls weitere Favoriten w\u00e4ren aus unserer Sicht in jedem Fall auch das \u201eSeepferdchen\u201c, der \u201eSchwan\u201c sowie der \u201eFlamingo\u201c im Rennen\u2026<\/p>\n<p style=\"text-align: center;\"><a href=\"http:\/\/www.sabine-seyffert.de\/blog\/wp-content\/uploads\/2014\/04\/Body-2.jpg\"><img loading=\"lazy\" decoding=\"async\" class=\"alignnone size-full wp-image-3893\" src=\"http:\/\/www.sabine-seyffert.de\/blog\/wp-content\/uploads\/2014\/04\/Body-2.jpg\" alt=\"Body 2\" width=\"600\" height=\"800\" srcset=\"https:\/\/www.sabine-seyffert.de\/blog\/wp-content\/uploads\/2014\/04\/Body-2.jpg 600w, https:\/\/www.sabine-seyffert.de\/blog\/wp-content\/uploads\/2014\/04\/Body-2-225x300.jpg 225w\" sizes=\"auto, (max-width: 600px) 100vw, 600px\" \/><\/a><\/p>\n<p style=\"text-align: justify;\">Zu guter Letzt m\u00f6chte ich Gesine Marwedel ganz herzlich daf\u00fcr danken, dass ich zwei Fotos, die wir beim Austellungsbesuch von Ihren Bildern gemacht haben, auf meinem Blog zeigen darf. Die original Bilder dieser zwei Kunstwerke stammen von dem Fotografen Thomas van de Wall.<\/p>\n<p style=\"text-align: justify;\">Ich w\u00fcnsche allen einen guten Start in die Osterferien!<br \/>\n<a href=\"http:\/\/www.sabine-seyffert.de\/blog\/?page_id=32#urheberrecht\">urheberrechtlich gesch\u00fctzt<\/a>, \u00a9 Sabine Seyffert<\/p>\n","protected":false},"excerpt":{"rendered":"<p>Vor kurzem haben wir einen Ausflug gemacht und Schloss Burg besucht. Dort haben wir durch Zufall die Ausstellung von Gesine Marwedel entdeckt. Von dieser K\u00fcnstlerin hatte ich bislang noch nie geh\u00f6rt, aber die ausgestellten Bilder waren so beeindruckend, dass ich dies gerne als Tipp auf meinem Blog an Euch weitergeben m\u00f6chte. Wer also in der&#8230; <a href=\"https:\/\/www.sabine-seyffert.de\/blog\/sehenswert\/\" class=\"more-link\">Read more: Sehenswert&#8230;<\/a><\/p>\n","protected":false},"author":2,"featured_media":0,"comment_status":"open","ping_status":"open","sticky":false,"template":"","format":"standard","meta":{"_metis_text_type":"","_metis_text_length":2092,"_post_count":0,"footnotes":""},"categories":[39,38],"tags":[],"class_list":["post-3891","post","type-post","status-publish","format-standard","hentry","category-ausfluge-co","category-ferien"],"_links":{"self":[{"href":"https:\/\/www.sabine-seyffert.de\/blog\/wp-json\/wp\/v2\/posts\/3891","targetHints":{"allow":["GET"]}}],"collection":[{"href":"https:\/\/www.sabine-seyffert.de\/blog\/wp-json\/wp\/v2\/posts"}],"about":[{"href":"https:\/\/www.sabine-seyffert.de\/blog\/wp-json\/wp\/v2\/types\/post"}],"author":[{"embeddable":true,"href":"https:\/\/www.sabine-seyffert.de\/blog\/wp-json\/wp\/v2\/users\/2"}],"replies":[{"embeddable":true,"href":"https:\/\/www.sabine-seyffert.de\/blog\/wp-json\/wp\/v2\/comments?post=3891"}],"version-history":[{"count":10,"href":"https:\/\/www.sabine-seyffert.de\/blog\/wp-json\/wp\/v2\/posts\/3891\/revisions"}],"predecessor-version":[{"id":12818,"href":"https:\/\/www.sabine-seyffert.de\/blog\/wp-json\/wp\/v2\/posts\/3891\/revisions\/12818"}],"wp:attachment":[{"href":"https:\/\/www.sabine-seyffert.de\/blog\/wp-json\/wp\/v2\/media?parent=3891"}],"wp:term":[{"taxonomy":"category","embeddable":true,"href":"https:\/\/www.sabine-seyffert.de\/blog\/wp-json\/wp\/v2\/categories?post=3891"},{"taxonomy":"post_tag","embeddable":true,"href":"https:\/\/www.sabine-seyffert.de\/blog\/wp-json\/wp\/v2\/tags?post=3891"}],"curies":[{"name":"wp","href":"https:\/\/api.w.org\/{rel}","templated":true}]}}