{"id":3880,"date":"2014-04-10T07:01:51","date_gmt":"2014-04-10T05:01:51","guid":{"rendered":"http:\/\/www.sabine-seyffert.de\/blog\/?p=3880"},"modified":"2015-09-21T18:26:43","modified_gmt":"2015-09-21T16:26:43","slug":"unverhofft-kommt-manchmal-oft","status":"publish","type":"post","link":"https:\/\/www.sabine-seyffert.de\/blog\/unverhofft-kommt-manchmal-oft\/","title":{"rendered":"Unverhofft kommt manchmal oft\u2026"},"content":{"rendered":"<p style=\"text-align: justify;\"><img loading=\"lazy\" decoding=\"async\" src=\"https:\/\/ssl-vg03.met.vgwort.de\/na\/f433d36c7db745e495522070a6f3abf1\" alt=\"\" width=\"1\" height=\"1\" \/>\u2026 in meinem Fall sogar gleich drei Mal! Und das mit einer s\u00fc\u00dfen Portion \u201egeteiltem Gl\u00fcck\u201c, einem dicken, blauen Fisch, der mir ins Netz gegangen ist und einem ganzen Schwung an fr\u00f6hlichen Festivit\u00e4ten. Da strahlt sogar die Fr\u00fchlingssonne vor Freude vom blauen Himmel \ud83d\ude42<\/p>\n<p style=\"text-align: center;\"><a href=\"http:\/\/www.sabine-seyffert.de\/blog\/wp-content\/uploads\/2014\/04\/Steffi-1.jpg\"><img loading=\"lazy\" decoding=\"async\" class=\"alignnone size-full wp-image-3881\" src=\"http:\/\/www.sabine-seyffert.de\/blog\/wp-content\/uploads\/2014\/04\/Steffi-1.jpg\" alt=\"Steffi 1\" width=\"800\" height=\"600\" srcset=\"https:\/\/www.sabine-seyffert.de\/blog\/wp-content\/uploads\/2014\/04\/Steffi-1.jpg 800w, https:\/\/www.sabine-seyffert.de\/blog\/wp-content\/uploads\/2014\/04\/Steffi-1-300x225.jpg 300w\" sizes=\"auto, (max-width: 800px) 100vw, 800px\" \/><\/a><\/p>\n<p style=\"text-align: justify;\">Das geteilte Gl\u00fcck kam in Form einer selbst gebastelten Karte von Steffi und ihrem Blog <a href=\"http:\/\/ichliebediesentag.blogspot.de\/\" target=\"_blank\">IchliebediesenTag<\/a>. Passend dazu gab es einen gestempelten Anh\u00e4nger und einen verpackten Schokoriegel um den Tag ein wenig zu vers\u00fc\u00dfen. So ein <a href=\"http:\/\/ichliebediesentag.blogspot.de\/2014\/03\/ein-stuck-vom-gluck-samstagskaffee-26.html\" target=\"_blank\">St\u00fcck vom Gl\u00fcck<\/a> tut einfach gut, egal zu welcher Zeit!<\/p>\n<p style=\"text-align: center;\"><a href=\"http:\/\/www.sabine-seyffert.de\/blog\/wp-content\/uploads\/2014\/04\/Steffi-2.jpg\"><img loading=\"lazy\" decoding=\"async\" class=\"alignnone size-full wp-image-3882\" src=\"http:\/\/www.sabine-seyffert.de\/blog\/wp-content\/uploads\/2014\/04\/Steffi-2.jpg\" alt=\"Steffi 2\" width=\"800\" height=\"600\" srcset=\"https:\/\/www.sabine-seyffert.de\/blog\/wp-content\/uploads\/2014\/04\/Steffi-2.jpg 800w, https:\/\/www.sabine-seyffert.de\/blog\/wp-content\/uploads\/2014\/04\/Steffi-2-300x225.jpg 300w\" sizes=\"auto, (max-width: 800px) 100vw, 800px\" \/><\/a><\/p>\n<p style=\"text-align: justify;\">Der blaue Fisch kam von <a href=\"http:\/\/de-hansedeern.blogspot.de\/\" target=\"_blank\">Hansedeern<\/a> und das wirklich sehr spontan, blitzschnell und \u00fcberraschend. So mancher Angler w\u00fcrde deshalb wohl vor Neid erblassen!<\/p>\n<p style=\"text-align: center;\"><a href=\"http:\/\/www.sabine-seyffert.de\/blog\/wp-content\/uploads\/2014\/04\/Marion-3.jpg\"><img loading=\"lazy\" decoding=\"async\" class=\"alignnone size-full wp-image-3883\" src=\"http:\/\/www.sabine-seyffert.de\/blog\/wp-content\/uploads\/2014\/04\/Marion-3.jpg\" alt=\"Marion 3\" width=\"800\" height=\"600\" srcset=\"https:\/\/www.sabine-seyffert.de\/blog\/wp-content\/uploads\/2014\/04\/Marion-3.jpg 800w, https:\/\/www.sabine-seyffert.de\/blog\/wp-content\/uploads\/2014\/04\/Marion-3-300x225.jpg 300w\" sizes=\"auto, (max-width: 800px) 100vw, 800px\" \/><\/a><\/p>\n<p style=\"text-align: justify;\">Seit langer Zeit verfolge ich Mickeys Fischschw\u00e4rme (wie <a href=\"http:\/\/de-hansedeern.blogspot.de\/2013\/11\/heute-verschenkt-61.html\" target=\"_blank\">hier<\/a>, <a href=\"http:\/\/de-hansedeern.blogspot.de\/2014\/01\/krimskramstaschchen.html\" target=\"_blank\">hier<\/a> oder auch <a href=\"http:\/\/de-hansedeern.blogspot.de\/2014\/04\/ich-mag-es-ja-einfach.html\" target=\"_blank\">hier<\/a>) bereits, die immer in neuer Aufmachung daher kommen. Und jedes Mal staune ich aufs Neue und bewundere diese rundum maritimen Accessoires, die man dort zu Gesicht bekommt.<\/p>\n<p style=\"text-align: center;\"><a href=\"http:\/\/www.sabine-seyffert.de\/blog\/wp-content\/uploads\/2014\/04\/Marion-2.jpg\"><img loading=\"lazy\" decoding=\"async\" class=\"alignnone size-full wp-image-3884\" src=\"http:\/\/www.sabine-seyffert.de\/blog\/wp-content\/uploads\/2014\/04\/Marion-2.jpg\" alt=\"Marion 2\" width=\"800\" height=\"600\" srcset=\"https:\/\/www.sabine-seyffert.de\/blog\/wp-content\/uploads\/2014\/04\/Marion-2.jpg 800w, https:\/\/www.sabine-seyffert.de\/blog\/wp-content\/uploads\/2014\/04\/Marion-2-300x225.jpg 300w\" sizes=\"auto, (max-width: 800px) 100vw, 800px\" \/><\/a><\/p>\n<p style=\"text-align: justify;\">Nun darf ich diesen Fisch in Form eines kleinen T\u00e4schchens mein eigen nennen und freu mich riesig! Wenn auch mit etwas schlechtem Gewissen, denn eigentlich bin ich in diesem Fall diejenige, die zu danken hat. Da Mickey mir prompt und zuverl\u00e4ssig mit Rat und Tat zur Seite stand\u2026<\/p>\n<p style=\"text-align: center;\"><a href=\"http:\/\/www.sabine-seyffert.de\/blog\/wp-content\/uploads\/2014\/04\/Marion-1.jpg\"><img loading=\"lazy\" decoding=\"async\" class=\"alignnone size-full wp-image-3885\" src=\"http:\/\/www.sabine-seyffert.de\/blog\/wp-content\/uploads\/2014\/04\/Marion-1.jpg\" alt=\"Marion 1\" width=\"800\" height=\"600\" srcset=\"https:\/\/www.sabine-seyffert.de\/blog\/wp-content\/uploads\/2014\/04\/Marion-1.jpg 800w, https:\/\/www.sabine-seyffert.de\/blog\/wp-content\/uploads\/2014\/04\/Marion-1-300x225.jpg 300w\" sizes=\"auto, (max-width: 800px) 100vw, 800px\" \/><\/a><\/p>\n<p style=\"text-align: justify;\">Aller guten Dinge sind bekanntlich drei. Und so gesellte sich zu den kleinen \u00dcberraschungen noch Nummer drei: Das Buch \u201e<a href=\"http:\/\/www.haupt.ch\/Verlag\/Buecher\/Gestalten\/Feiern-mit-den-Naturkindern.html?cur=1&amp;force_sid=890451c474c2491617d87ccdfbc155de\" target=\"_blank\">Feiern mit den Naturkindern<\/a>\u201c aus dem <a href=\"http:\/\/www.haupt.ch\/\" target=\"_blank\">Haupt Verlag<\/a> von <a href=\"http:\/\/naturkinder.typepad.com\/\" target=\"_blank\">Caroline Hosmann<\/a>, das als kleiner Dank f\u00fcr meinen fachlichen Rat im Briefkasten landete.<\/p>\n<p style=\"text-align: center;\"><a href=\"http:\/\/www.sabine-seyffert.de\/blog\/wp-content\/uploads\/2014\/04\/Caro-0.jpg\"><img loading=\"lazy\" decoding=\"async\" class=\"alignnone size-full wp-image-3886\" src=\"http:\/\/www.sabine-seyffert.de\/blog\/wp-content\/uploads\/2014\/04\/Caro-0.jpg\" alt=\"Caro 0\" width=\"800\" height=\"600\" srcset=\"https:\/\/www.sabine-seyffert.de\/blog\/wp-content\/uploads\/2014\/04\/Caro-0.jpg 800w, https:\/\/www.sabine-seyffert.de\/blog\/wp-content\/uploads\/2014\/04\/Caro-0-300x225.jpg 300w\" sizes=\"auto, (max-width: 800px) 100vw, 800px\" \/><\/a><\/p>\n<p style=\"text-align: justify;\">In diesem rundum ansprechend gestaltetem Buch finden sich zahlreiche Ideen f\u00fcr Feste im Jahreslauf, die Klein und Gro\u00df begeistern werden.<\/p>\n<p style=\"text-align: center;\"><a href=\"http:\/\/www.sabine-seyffert.de\/blog\/wp-content\/uploads\/2014\/04\/Caro-1.jpg\"><img loading=\"lazy\" decoding=\"async\" class=\"alignnone size-full wp-image-3887\" src=\"http:\/\/www.sabine-seyffert.de\/blog\/wp-content\/uploads\/2014\/04\/Caro-1.jpg\" alt=\"Caro 1\" width=\"800\" height=\"600\" srcset=\"https:\/\/www.sabine-seyffert.de\/blog\/wp-content\/uploads\/2014\/04\/Caro-1.jpg 800w, https:\/\/www.sabine-seyffert.de\/blog\/wp-content\/uploads\/2014\/04\/Caro-1-300x225.jpg 300w\" sizes=\"auto, (max-width: 800px) 100vw, 800px\" \/><\/a><\/p>\n<p style=\"text-align: justify;\">Ebenso enthalten ist eine kleine Entspannungseinheit, die mir Caro seinerzeit beim Schreiben ihres Buches geschickt hatte und zu der ich als Entspannungsp\u00e4dagogin einige Tipps liefern durfte. Vielen Dank an dieser Stelle f\u00fcr Dein Vertrauen, liebe Caro!<\/p>\n<p style=\"text-align: center;\"><a href=\"http:\/\/www.sabine-seyffert.de\/blog\/wp-content\/uploads\/2014\/04\/Caro-2.jpg\"><img loading=\"lazy\" decoding=\"async\" class=\"alignnone size-full wp-image-3888\" src=\"http:\/\/www.sabine-seyffert.de\/blog\/wp-content\/uploads\/2014\/04\/Caro-2.jpg\" alt=\"Caro 2\" width=\"800\" height=\"600\" srcset=\"https:\/\/www.sabine-seyffert.de\/blog\/wp-content\/uploads\/2014\/04\/Caro-2.jpg 800w, https:\/\/www.sabine-seyffert.de\/blog\/wp-content\/uploads\/2014\/04\/Caro-2-300x225.jpg 300w\" sizes=\"auto, (max-width: 800px) 100vw, 800px\" \/><\/a><\/p>\n<p style=\"text-align: justify;\">Herzlichen Dank f\u00fcr die gelungenen \u00dcberraschungen und an alle meine Leser ebenso ein gro\u00dfes Dankesch\u00f6n f\u00fcr die vielen lieben Worte, all die netten Gedanken und zahlreichen R\u00fcckmeldungen zu meinen Ideen!<\/p>\n<p><a href=\"http:\/\/www.sabine-seyffert.de\/blog\/?page_id=32#urheberrecht\">urheberrechtlich gesch\u00fctzt<\/a>, \u00a9 Sabine Seyffert<\/p>\n","protected":false},"excerpt":{"rendered":"<p>\u2026 in meinem Fall sogar gleich drei Mal! Und das mit einer s\u00fc\u00dfen Portion \u201egeteiltem Gl\u00fcck\u201c, einem dicken, blauen Fisch, der mir ins Netz gegangen ist und einem ganzen Schwung an fr\u00f6hlichen Festivit\u00e4ten. Da strahlt sogar die Fr\u00fchlingssonne vor Freude vom blauen Himmel \ud83d\ude42 Das geteilte Gl\u00fcck kam in Form einer selbst gebastelten Karte von&#8230; <a href=\"https:\/\/www.sabine-seyffert.de\/blog\/unverhofft-kommt-manchmal-oft\/\" class=\"more-link\">Read more: Unverhofft kommt manchmal oft\u2026<\/a><\/p>\n","protected":false},"author":2,"featured_media":0,"comment_status":"open","ping_status":"open","sticky":false,"template":"","format":"standard","meta":{"_metis_text_type":"","_metis_text_length":2144,"_post_count":0,"footnotes":""},"categories":[36],"tags":[],"class_list":["post-3880","post","type-post","status-publish","format-standard","hentry","category-klitzekleine-geschenkideen"],"_links":{"self":[{"href":"https:\/\/www.sabine-seyffert.de\/blog\/wp-json\/wp\/v2\/posts\/3880","targetHints":{"allow":["GET"]}}],"collection":[{"href":"https:\/\/www.sabine-seyffert.de\/blog\/wp-json\/wp\/v2\/posts"}],"about":[{"href":"https:\/\/www.sabine-seyffert.de\/blog\/wp-json\/wp\/v2\/types\/post"}],"author":[{"embeddable":true,"href":"https:\/\/www.sabine-seyffert.de\/blog\/wp-json\/wp\/v2\/users\/2"}],"replies":[{"embeddable":true,"href":"https:\/\/www.sabine-seyffert.de\/blog\/wp-json\/wp\/v2\/comments?post=3880"}],"version-history":[{"count":3,"href":"https:\/\/www.sabine-seyffert.de\/blog\/wp-json\/wp\/v2\/posts\/3880\/revisions"}],"predecessor-version":[{"id":6125,"href":"https:\/\/www.sabine-seyffert.de\/blog\/wp-json\/wp\/v2\/posts\/3880\/revisions\/6125"}],"wp:attachment":[{"href":"https:\/\/www.sabine-seyffert.de\/blog\/wp-json\/wp\/v2\/media?parent=3880"}],"wp:term":[{"taxonomy":"category","embeddable":true,"href":"https:\/\/www.sabine-seyffert.de\/blog\/wp-json\/wp\/v2\/categories?post=3880"},{"taxonomy":"post_tag","embeddable":true,"href":"https:\/\/www.sabine-seyffert.de\/blog\/wp-json\/wp\/v2\/tags?post=3880"}],"curies":[{"name":"wp","href":"https:\/\/api.w.org\/{rel}","templated":true}]}}