{"id":3807,"date":"2014-03-25T07:26:45","date_gmt":"2014-03-25T05:26:45","guid":{"rendered":"http:\/\/www.sabine-seyffert.de\/blog\/?p=3807"},"modified":"2022-09-02T11:22:12","modified_gmt":"2022-09-02T09:22:12","slug":"froehliche-affenbande","status":"publish","type":"post","link":"https:\/\/www.sabine-seyffert.de\/blog\/froehliche-affenbande\/","title":{"rendered":"Fr\u00f6hliche Affenbande"},"content":{"rendered":"<p style=\"text-align: justify;\"><img loading=\"lazy\" decoding=\"async\" src=\"https:\/\/ssl-vg03.met.vgwort.de\/na\/819660df578149c496df1cd76f9514b8\" alt=\"\" width=\"1\" height=\"1\" \/>Aufgepasst, denn die Affen rasen durch den Wald. Und zwar in gro\u00dfen Scharen. Fr\u00f6hlich und quitschvergn\u00fcgt klettern sie durch den gr\u00fcnen Urwalddschungel und schwingen sich hier von Ast zu Ast.<\/p>\n<p style=\"text-align: center;\"><a href=\"http:\/\/www.sabine-seyffert.de\/blog\/wp-content\/uploads\/2014\/03\/Affe-1.jpg\"><img loading=\"lazy\" decoding=\"async\" class=\"alignnone size-full wp-image-3808\" src=\"http:\/\/www.sabine-seyffert.de\/blog\/wp-content\/uploads\/2014\/03\/Affe-1.jpg\" alt=\"Affe 1\" width=\"800\" height=\"600\" srcset=\"https:\/\/www.sabine-seyffert.de\/blog\/wp-content\/uploads\/2014\/03\/Affe-1.jpg 800w, https:\/\/www.sabine-seyffert.de\/blog\/wp-content\/uploads\/2014\/03\/Affe-1-300x225.jpg 300w\" sizes=\"auto, (max-width: 800px) 100vw, 800px\" \/><\/a><\/p>\n<p style=\"text-align: justify;\">Sie k\u00f6nnen nicht nur beneidenswert gut klettern, sie verbreiten einfach auch gute Laune. Schau doch mal, da l\u00e4chelt dir schon ein kleiner Affe von oben zu. Hast Du ihn entdeckt?<\/p>\n<p style=\"text-align: center;\"><a href=\"http:\/\/www.sabine-seyffert.de\/blog\/wp-content\/uploads\/2014\/03\/Affe-2.jpg\"><img loading=\"lazy\" decoding=\"async\" class=\"alignnone size-full wp-image-3809\" src=\"http:\/\/www.sabine-seyffert.de\/blog\/wp-content\/uploads\/2014\/03\/Affe-2.jpg\" alt=\"Affe 2\" width=\"800\" height=\"600\" srcset=\"https:\/\/www.sabine-seyffert.de\/blog\/wp-content\/uploads\/2014\/03\/Affe-2.jpg 800w, https:\/\/www.sabine-seyffert.de\/blog\/wp-content\/uploads\/2014\/03\/Affe-2-300x225.jpg 300w\" sizes=\"auto, (max-width: 800px) 100vw, 800px\" \/><\/a><\/p>\n<p style=\"text-align: justify;\"><strong>Das wird gebraucht:<\/strong><br \/>\nBrauner und beigefarbener Tonkarton, Stift, Schere, ein St\u00fcck Pappe, Kleber, Hei\u00dfklebepistole incl. Patrone, Tacker, ggf. einige Klorollen<\/p>\n<p style=\"text-align: center;\"><a href=\"http:\/\/www.sabine-seyffert.de\/blog\/wp-content\/uploads\/2014\/03\/Affe-3.jpg\"><img loading=\"lazy\" decoding=\"async\" class=\"alignnone size-full wp-image-3810\" src=\"http:\/\/www.sabine-seyffert.de\/blog\/wp-content\/uploads\/2014\/03\/Affe-3.jpg\" alt=\"Affe 3\" width=\"800\" height=\"600\" srcset=\"https:\/\/www.sabine-seyffert.de\/blog\/wp-content\/uploads\/2014\/03\/Affe-3.jpg 800w, https:\/\/www.sabine-seyffert.de\/blog\/wp-content\/uploads\/2014\/03\/Affe-3-300x225.jpg 300w\" sizes=\"auto, (max-width: 800px) 100vw, 800px\" \/><\/a><\/p>\n<p style=\"text-align: justify;\"><strong>So wird\u2019s gemacht:<\/strong><br \/>\nBei einem <a href=\"http:\/\/www.sabine-seyffert.de\/blog\/?p=3741\" target=\"_blank\" rel=\"noopener\">Dschungelfest<\/a> muss es auch Affen geben, das ist ja ganz klar. Leider bin ich zeichentechnisch so gar nicht begabt. Daher hat es einige Versuche gebraucht, bis ich eine einfache Schablone \/ Vorlage f\u00fcr unsere Affen-Bastelei fertig hatte. Der Rest klappte dann gl\u00fccklicherweise wie von selbst \ud83d\ude09<\/p>\n<p style=\"text-align: center;\"><a href=\"http:\/\/www.sabine-seyffert.de\/blog\/wp-content\/uploads\/2014\/03\/Affe-4.jpg\"><img loading=\"lazy\" decoding=\"async\" class=\"alignnone size-full wp-image-3811\" src=\"http:\/\/www.sabine-seyffert.de\/blog\/wp-content\/uploads\/2014\/03\/Affe-4.jpg\" alt=\"Affe 4\" width=\"600\" height=\"708\" srcset=\"https:\/\/www.sabine-seyffert.de\/blog\/wp-content\/uploads\/2014\/03\/Affe-4.jpg 600w, https:\/\/www.sabine-seyffert.de\/blog\/wp-content\/uploads\/2014\/03\/Affe-4-254x300.jpg 254w\" sizes=\"auto, (max-width: 600px) 100vw, 600px\" \/><\/a><\/p>\n<p style=\"text-align: justify;\">Jeder Affe ben\u00f6tigt einen Kopf, Bauch, zwei Arme und Beine sowie einen kringeligen Affenschwanz. Diese malt man mit Hilfe der Vorlage auf den brauen Tonkarton. F\u00fcr den Kopf haben wir aus dem beigefarbenen Papier ein Oval ausgeschnitten, dass von der Gr\u00f6\u00dfe her in unsere Vorlage hinein passte. Da wir diese per Hand geschnitten haben, ist jeder unserer Affen \u201eeinzigartig\u201c. Ebenso wie die per Kinderhand gezeichneten Gesichter.<\/p>\n<p style=\"text-align: center;\"><a href=\"http:\/\/www.sabine-seyffert.de\/blog\/wp-content\/uploads\/2014\/03\/Affe-5.jpg\"><img loading=\"lazy\" decoding=\"async\" class=\"alignnone size-full wp-image-3812\" src=\"http:\/\/www.sabine-seyffert.de\/blog\/wp-content\/uploads\/2014\/03\/Affe-5.jpg\" alt=\"Affe 5\" width=\"800\" height=\"453\" srcset=\"https:\/\/www.sabine-seyffert.de\/blog\/wp-content\/uploads\/2014\/03\/Affe-5.jpg 800w, https:\/\/www.sabine-seyffert.de\/blog\/wp-content\/uploads\/2014\/03\/Affe-5-300x169.jpg 300w\" sizes=\"auto, (max-width: 800px) 100vw, 800px\" \/><\/a><\/p>\n<p style=\"text-align: justify;\">Wenn man alle K\u00f6rperteile fertig ausgeschnitten hat, klebt man diese aneinander. Auch hier haben wir jeden Affen die Arme, Beine und Schwanz in etwas anderer Position angeklebt.<\/p>\n<p style=\"text-align: center;\"><a href=\"http:\/\/www.sabine-seyffert.de\/blog\/wp-content\/uploads\/2014\/03\/Affe-6.jpg\"><img loading=\"lazy\" decoding=\"async\" class=\"alignnone size-full wp-image-3813\" src=\"http:\/\/www.sabine-seyffert.de\/blog\/wp-content\/uploads\/2014\/03\/Affe-6.jpg\" alt=\"Affe 6\" width=\"600\" height=\"800\" srcset=\"https:\/\/www.sabine-seyffert.de\/blog\/wp-content\/uploads\/2014\/03\/Affe-6.jpg 600w, https:\/\/www.sabine-seyffert.de\/blog\/wp-content\/uploads\/2014\/03\/Affe-6-225x300.jpg 225w\" sizes=\"auto, (max-width: 600px) 100vw, 600px\" \/><\/a><\/p>\n<p style=\"text-align: justify;\">Um unseren Party Dschungel noch ein wenig plastischer wirken zu lassen, haben wir auch allerhand Affen aus Klorollen vorbereitet. Von der Machart her unterscheidet sich lediglich der Rumpf.<\/p>\n<p style=\"text-align: center;\"><a href=\"http:\/\/www.sabine-seyffert.de\/blog\/wp-content\/uploads\/2014\/03\/Affe-7.jpg\"><img loading=\"lazy\" decoding=\"async\" class=\"alignnone size-full wp-image-3814\" src=\"http:\/\/www.sabine-seyffert.de\/blog\/wp-content\/uploads\/2014\/03\/Affe-7.jpg\" alt=\"Affe 7\" width=\"800\" height=\"600\" srcset=\"https:\/\/www.sabine-seyffert.de\/blog\/wp-content\/uploads\/2014\/03\/Affe-7.jpg 800w, https:\/\/www.sabine-seyffert.de\/blog\/wp-content\/uploads\/2014\/03\/Affe-7-300x225.jpg 300w\" sizes=\"auto, (max-width: 800px) 100vw, 800px\" \/><\/a><\/p>\n<p style=\"text-align: justify;\">Dazu haben wir Klorollen in eine braune Tonpapier Verkleidung gewickelt und festgetackert. Bei dieser Variante ist eine Hei\u00dfklebepistole recht hilfreich, weil man die einzelnen Teile einfach besser verkleben und befestigen kann.<\/p>\n<p style=\"text-align: center;\"><a href=\"http:\/\/www.sabine-seyffert.de\/blog\/wp-content\/uploads\/2014\/03\/Affe-8.jpg\"><img loading=\"lazy\" decoding=\"async\" class=\"alignnone size-full wp-image-3815\" src=\"http:\/\/www.sabine-seyffert.de\/blog\/wp-content\/uploads\/2014\/03\/Affe-8.jpg\" alt=\"Affe 8\" width=\"800\" height=\"600\" srcset=\"https:\/\/www.sabine-seyffert.de\/blog\/wp-content\/uploads\/2014\/03\/Affe-8.jpg 800w, https:\/\/www.sabine-seyffert.de\/blog\/wp-content\/uploads\/2014\/03\/Affe-8-300x225.jpg 300w\" sizes=\"auto, (max-width: 800px) 100vw, 800px\" \/><\/a><\/p>\n<p style=\"text-align: justify;\">Die passenden Einladungen zum Dschungelfest gibt es <a href=\"http:\/\/www.sabine-seyffert.de\/blog\/?p=3741\" target=\"_blank\" rel=\"noopener\">hier<\/a>, die Urwaldgirlande <a href=\"http:\/\/www.sabine-seyffert.de\/blog\/?p=3780\" target=\"_blank\" rel=\"noopener\">da<\/a>, weiteres zum Thema Kinderparty in dieser <a href=\"http:\/\/www.sabine-seyffert.de\/blog\/?cat=21\" target=\"_blank\" rel=\"noopener\">Rubrik<\/a> und weitere Ideen auch beim <a href=\"http:\/\/www.creadienstag.de\/2014\/03\/116.html\" target=\"_blank\" rel=\"noopener\">Creadienstag<\/a>!<\/p>\n<p style=\"text-align: center;\"><a href=\"http:\/\/www.sabine-seyffert.de\/blog\/wp-content\/uploads\/2014\/03\/Affe-9.jpg\"><img loading=\"lazy\" decoding=\"async\" class=\"alignnone size-full wp-image-3816\" src=\"http:\/\/www.sabine-seyffert.de\/blog\/wp-content\/uploads\/2014\/03\/Affe-9.jpg\" alt=\"Affe 9\" width=\"600\" height=\"800\" srcset=\"https:\/\/www.sabine-seyffert.de\/blog\/wp-content\/uploads\/2014\/03\/Affe-9.jpg 600w, https:\/\/www.sabine-seyffert.de\/blog\/wp-content\/uploads\/2014\/03\/Affe-9-225x300.jpg 225w\" sizes=\"auto, (max-width: 600px) 100vw, 600px\" \/><\/a><\/p>\n<p><a href=\"http:\/\/www.sabine-seyffert.de\/blog\/?page_id=32#urheberrecht\">urheberrechtlich gesch\u00fctzt<\/a>, \u00a9 Sabine Seyffert<\/p>\n","protected":false},"excerpt":{"rendered":"<p>Aufgepasst, denn die Affen rasen durch den Wald. Und zwar in gro\u00dfen Scharen. Fr\u00f6hlich und quitschvergn\u00fcgt klettern sie durch den gr\u00fcnen Urwalddschungel und schwingen sich hier von Ast zu Ast. Sie k\u00f6nnen nicht nur beneidenswert gut klettern, sie verbreiten einfach auch gute Laune. Schau doch mal, da l\u00e4chelt dir schon ein kleiner Affe von oben&#8230; <a href=\"https:\/\/www.sabine-seyffert.de\/blog\/froehliche-affenbande\/\" class=\"more-link\">Read more: Fr\u00f6hliche Affenbande<\/a><\/p>\n","protected":false},"author":2,"featured_media":0,"comment_status":"open","ping_status":"open","sticky":false,"template":"","format":"standard","meta":{"_metis_text_type":"","_metis_text_length":2091,"_post_count":0,"footnotes":""},"categories":[32,46,21,47],"tags":[],"class_list":["post-3807","post","type-post","status-publish","format-standard","hentry","category-kreatives-fur-kleine-kinderhande","category-dschungelfest","category-kinderfeste-partys","category-upcyceltes"],"_links":{"self":[{"href":"https:\/\/www.sabine-seyffert.de\/blog\/wp-json\/wp\/v2\/posts\/3807","targetHints":{"allow":["GET"]}}],"collection":[{"href":"https:\/\/www.sabine-seyffert.de\/blog\/wp-json\/wp\/v2\/posts"}],"about":[{"href":"https:\/\/www.sabine-seyffert.de\/blog\/wp-json\/wp\/v2\/types\/post"}],"author":[{"embeddable":true,"href":"https:\/\/www.sabine-seyffert.de\/blog\/wp-json\/wp\/v2\/users\/2"}],"replies":[{"embeddable":true,"href":"https:\/\/www.sabine-seyffert.de\/blog\/wp-json\/wp\/v2\/comments?post=3807"}],"version-history":[{"count":5,"href":"https:\/\/www.sabine-seyffert.de\/blog\/wp-json\/wp\/v2\/posts\/3807\/revisions"}],"predecessor-version":[{"id":23899,"href":"https:\/\/www.sabine-seyffert.de\/blog\/wp-json\/wp\/v2\/posts\/3807\/revisions\/23899"}],"wp:attachment":[{"href":"https:\/\/www.sabine-seyffert.de\/blog\/wp-json\/wp\/v2\/media?parent=3807"}],"wp:term":[{"taxonomy":"category","embeddable":true,"href":"https:\/\/www.sabine-seyffert.de\/blog\/wp-json\/wp\/v2\/categories?post=3807"},{"taxonomy":"post_tag","embeddable":true,"href":"https:\/\/www.sabine-seyffert.de\/blog\/wp-json\/wp\/v2\/tags?post=3807"}],"curies":[{"name":"wp","href":"https:\/\/api.w.org\/{rel}","templated":true}]}}