{"id":379,"date":"2013-02-12T12:48:50","date_gmt":"2013-02-12T10:48:50","guid":{"rendered":"http:\/\/www.sabine-seyffert.de\/blog\/?p=379"},"modified":"2018-02-12T20:52:11","modified_gmt":"2018-02-12T18:52:11","slug":"mit-ganz-viel-herzblut-dabei","status":"publish","type":"post","link":"https:\/\/www.sabine-seyffert.de\/blog\/mit-ganz-viel-herzblut-dabei\/","title":{"rendered":"Mit ganz viel Herzblut dabei!"},"content":{"rendered":"<p style=\"text-align: justify;\"><img loading=\"lazy\" decoding=\"async\" src=\"https:\/\/ssl-vg03.met.vgwort.de\/na\/9f208a2c2ce74c78b15465af936c0aa5\" alt=\"\" width=\"1\" height=\"1\" \/>W\u00e4hrend eines Ausbildungsgangs zum Entspannungsp\u00e4dagogen f\u00fcr Kinder bekam ich einmal das Feedback, man h\u00e4tte gemerkt, dass ich Geschichten &amp; Ideen mit Hingabe und Herzblut vermitteln w\u00fcrde. Dem ist wirklich so und das versuche ich bei Veranstaltungen den Teilnehmern immer mit auf ihren Weg zu geben: Denn die Dinge, hinter denen man steht, die einem selbst gut gefallen, kann man auch deutlich besser, vor allem erfolgreicher anleiten, weil eben \u201eHerzblut\u201c mit im Spiel ist!<\/p>\n<p><img decoding=\"async\" src=\"http:\/\/3.bp.blogspot.com\/-y-Ze93PWkwM\/URS8fdD1teI\/AAAAAAAAEaQ\/NaCkMNeF_KQ\/s1600\/Logo_herzblutprojekt_100.jpg\" alt=\"\" align=\"right\" \/><\/p>\n<p style=\"text-align: justify;\">Daher bin ich dem Aufruf von Annette auf Ihrem <a href=\"http:\/\/blicksieben.blogspot.de\/2013\/02\/diy-herzblutprojekt-machst-du-mit.html\" target=\"_blank\" rel=\"noopener\">Blick7<\/a> gefolgt und nehme sehr gerne an dem Herblutprojekt f\u00fcr den Monat Februar teil, dass unter dem Motto steht \u201eSch\u00f6n, dass es dich gibt!\u201c.<\/p>\n<p><a href=\"http:\/\/www.sabine-seyffert.de\/blog\/wp-content\/uploads\/2013\/02\/DIY-Copy-3.jpg\"><img loading=\"lazy\" decoding=\"async\" class=\"size-full wp-image-380 aligncenter\" src=\"http:\/\/www.sabine-seyffert.de\/blog\/wp-content\/uploads\/2013\/02\/DIY-Copy-3.jpg\" alt=\"DIY Copy 3\" width=\"820\" height=\"620\" srcset=\"https:\/\/www.sabine-seyffert.de\/blog\/wp-content\/uploads\/2013\/02\/DIY-Copy-3.jpg 820w, https:\/\/www.sabine-seyffert.de\/blog\/wp-content\/uploads\/2013\/02\/DIY-Copy-3-300x226.jpg 300w\" sizes=\"auto, (max-width: 820px) 100vw, 820px\" \/><\/a><\/p>\n<p style=\"text-align: justify;\">Dazu f\u00e4llt mir als vierfache Mutter nat\u00fcrlich gleich meine Familie ein. Und da man sich im meist recht turbulenten Alltag unserer Gro\u00dffamilie viel zu selten sagt \u201eSch\u00f6n, dass es euch gibt\u201c, habe ich meiner Kreativit\u00e4t freien Lauf gelassen und etwas getan, was ich von Herzen gerne tue und bei dem ich (meist) auch gut abschalten kann: Backen! So habe ich allerhand Herzen aus Pl\u00e4tzchenteig ausgestochen und mich mal an \u201eKekse am Stiel\u201c herangewagt. Das Ergebnis kann sich sehen lassen und ging verh\u00e4ltnism\u00e4\u00dfig schnell. Die fertigen Herzen habe ich mit einer Schokoladen-Sahne-Mischung bestrichen, einen Schaschlikstab aus Holz mittig hineingelegt und ein zweites Herz darauf gelegt. So entstanden einige gro\u00dfe und kleinere Herzen.<\/p>\n<p><a href=\"http:\/\/www.sabine-seyffert.de\/blog\/wp-content\/uploads\/2013\/02\/DIY-Copy-2.jpg\"><img loading=\"lazy\" decoding=\"async\" class=\"size-full wp-image-381 aligncenter\" src=\"http:\/\/www.sabine-seyffert.de\/blog\/wp-content\/uploads\/2013\/02\/DIY-Copy-2.jpg\" alt=\"DIY Copy 2\" width=\"737\" height=\"522\" srcset=\"https:\/\/www.sabine-seyffert.de\/blog\/wp-content\/uploads\/2013\/02\/DIY-Copy-2.jpg 737w, https:\/\/www.sabine-seyffert.de\/blog\/wp-content\/uploads\/2013\/02\/DIY-Copy-2-300x212.jpg 300w\" sizes=\"auto, (max-width: 737px) 100vw, 737px\" \/><\/a><\/p>\n<p style=\"text-align: justify;\">Nach dem die F\u00fcllung fest war, habe ich mit geschmolzener Kuvert\u00fcre die Namen auf je ein Herz geschrieben und diese mit kleinen Nonparailles verziert. F\u00fcr die Kleinste im Bunde gab es einen roten Gummib\u00e4ren als Bonus dazu.<\/p>\n<p style=\"text-align: justify;\">Und weil heute alle \u201efrei\u201c hatten, gab es ein gem\u00fctliches Mittagessen und einem liebevoll gedeckten Tisch, auf dem an jedem Platz ein Herz-Lolli mit Namen zu finden war. Ein Geschenk was von ganzen Herzen kam, wie es sich f\u00fcr ein richtiges Herzblutprojekt geh\u00f6rt.<\/p>\n<p><a href=\"http:\/\/www.sabine-seyffert.de\/blog\/wp-content\/uploads\/2013\/02\/DIY-Copy-4.jpg\"><img loading=\"lazy\" decoding=\"async\" class=\"size-full wp-image-382 aligncenter\" src=\"http:\/\/www.sabine-seyffert.de\/blog\/wp-content\/uploads\/2013\/02\/DIY-Copy-4.jpg\" alt=\"DIY Copy 4\" width=\"820\" height=\"620\" srcset=\"https:\/\/www.sabine-seyffert.de\/blog\/wp-content\/uploads\/2013\/02\/DIY-Copy-4.jpg 820w, https:\/\/www.sabine-seyffert.de\/blog\/wp-content\/uploads\/2013\/02\/DIY-Copy-4-300x226.jpg 300w\" sizes=\"auto, (max-width: 820px) 100vw, 820px\" \/><\/a><\/p>\n<p style=\"text-align: justify;\">\u00a0An dieser Stelle m\u00f6chte ich die Gelegenheit nutzen nicht nur meiner Familie und meinen Freunden zu sagen \u201eSch\u00f6n, dass ihr da seid\u201c, sondern auch all den Teilnehmern meiner Veranstaltungen sowie den kleinen und gro\u00dfen Lesern meiner B\u00fccher: \u201eSch\u00f6n, dass ihr da sei, sch\u00f6n dass es euch gibt!\u201c<\/p>\n<p style=\"text-align: justify;\">\u00a0Ein herzliches Dankesch\u00f6n an alle!<\/p>\n<p><a href=\"http:\/\/www.sabine-seyffert.de\/blog\/wp-content\/uploads\/2013\/02\/DIY-Copy-5.jpg\"><img loading=\"lazy\" decoding=\"async\" class=\"size-full wp-image-383 aligncenter\" src=\"http:\/\/www.sabine-seyffert.de\/blog\/wp-content\/uploads\/2013\/02\/DIY-Copy-5.jpg\" alt=\"DIY Copy 5\" width=\"820\" height=\"620\" srcset=\"https:\/\/www.sabine-seyffert.de\/blog\/wp-content\/uploads\/2013\/02\/DIY-Copy-5.jpg 820w, https:\/\/www.sabine-seyffert.de\/blog\/wp-content\/uploads\/2013\/02\/DIY-Copy-5-300x226.jpg 300w\" sizes=\"auto, (max-width: 820px) 100vw, 820px\" \/><\/a><\/p>\n<p><a href=\"http:\/\/www.sabine-seyffert.de\/blog\/?page_id=32#urheberrecht\">urherrechtlich gesch\u00fctzt<\/a>, \u00a9 Sabine Seyffert<br \/>\nBanner \u00a9 blick7 Annette Richter<\/p>\n","protected":false},"excerpt":{"rendered":"<p>W\u00e4hrend eines Ausbildungsgangs zum Entspannungsp\u00e4dagogen f\u00fcr Kinder bekam ich einmal das Feedback, man h\u00e4tte gemerkt, dass ich Geschichten &amp; Ideen mit Hingabe und Herzblut vermitteln w\u00fcrde. Dem ist wirklich so und das versuche ich bei Veranstaltungen den Teilnehmern immer mit auf ihren Weg zu geben: Denn die Dinge, hinter denen man steht, die einem selbst&#8230; <a href=\"https:\/\/www.sabine-seyffert.de\/blog\/mit-ganz-viel-herzblut-dabei\/\" class=\"more-link\">Read more: Mit ganz viel Herzblut dabei!<\/a><\/p>\n","protected":false},"author":1,"featured_media":0,"comment_status":"open","ping_status":"open","sticky":false,"template":"","format":"standard","meta":{"_metis_text_type":"","_metis_text_length":2289,"_post_count":0,"footnotes":""},"categories":[36,53],"tags":[],"class_list":["post-379","post","type-post","status-publish","format-standard","hentry","category-klitzekleine-geschenkideen","category-hochzeit-co"],"_links":{"self":[{"href":"https:\/\/www.sabine-seyffert.de\/blog\/wp-json\/wp\/v2\/posts\/379","targetHints":{"allow":["GET"]}}],"collection":[{"href":"https:\/\/www.sabine-seyffert.de\/blog\/wp-json\/wp\/v2\/posts"}],"about":[{"href":"https:\/\/www.sabine-seyffert.de\/blog\/wp-json\/wp\/v2\/types\/post"}],"author":[{"embeddable":true,"href":"https:\/\/www.sabine-seyffert.de\/blog\/wp-json\/wp\/v2\/users\/1"}],"replies":[{"embeddable":true,"href":"https:\/\/www.sabine-seyffert.de\/blog\/wp-json\/wp\/v2\/comments?post=379"}],"version-history":[{"count":12,"href":"https:\/\/www.sabine-seyffert.de\/blog\/wp-json\/wp\/v2\/posts\/379\/revisions"}],"predecessor-version":[{"id":11922,"href":"https:\/\/www.sabine-seyffert.de\/blog\/wp-json\/wp\/v2\/posts\/379\/revisions\/11922"}],"wp:attachment":[{"href":"https:\/\/www.sabine-seyffert.de\/blog\/wp-json\/wp\/v2\/media?parent=379"}],"wp:term":[{"taxonomy":"category","embeddable":true,"href":"https:\/\/www.sabine-seyffert.de\/blog\/wp-json\/wp\/v2\/categories?post=379"},{"taxonomy":"post_tag","embeddable":true,"href":"https:\/\/www.sabine-seyffert.de\/blog\/wp-json\/wp\/v2\/tags?post=379"}],"curies":[{"name":"wp","href":"https:\/\/api.w.org\/{rel}","templated":true}]}}