{"id":3755,"date":"2014-03-14T20:34:55","date_gmt":"2014-03-14T18:34:55","guid":{"rendered":"http:\/\/www.sabine-seyffert.de\/blog\/?p=3755"},"modified":"2017-03-02T19:32:05","modified_gmt":"2017-03-02T17:32:05","slug":"ein-blumengruss-zum-wochenende","status":"publish","type":"post","link":"https:\/\/www.sabine-seyffert.de\/blog\/ein-blumengruss-zum-wochenende\/","title":{"rendered":"Ein Blumengru\u00df zum Wochenende"},"content":{"rendered":"<p style=\"text-align: justify;\"><img loading=\"lazy\" decoding=\"async\" src=\"https:\/\/ssl-vg03.met.vgwort.de\/na\/c7d47f7cb5e44ec6b64dc017a75bfb96\" alt=\"\" width=\"1\" height=\"1\" \/>Allerhand zeitintensive Projekte sowohl beruflicher als auch privater Art liegen nun erfolgreich hinter mir. Nachdem ich diese Woche dann kurzfristig noch ein paar Erg\u00e4nzungen vornehmen musste, konnte ich erst gestern ein nagelneues Buch an den Verlag \u00fcbergeben. Somit g\u00f6nne ich mir eine klitzekleine Verschnaufpause bevor dann in K\u00fcrze die n\u00e4chste Buchidee in Angriff genommen wird.<\/p>\n<p style=\"text-align: center;\"><a href=\"http:\/\/www.sabine-seyffert.de\/blog\/wp-content\/uploads\/2014\/03\/Blu-1.jpg\"><img loading=\"lazy\" decoding=\"async\" class=\"alignnone size-full wp-image-3756\" src=\"http:\/\/www.sabine-seyffert.de\/blog\/wp-content\/uploads\/2014\/03\/Blu-1.jpg\" alt=\"Blu 1\" width=\"600\" height=\"800\" srcset=\"https:\/\/www.sabine-seyffert.de\/blog\/wp-content\/uploads\/2014\/03\/Blu-1.jpg 600w, https:\/\/www.sabine-seyffert.de\/blog\/wp-content\/uploads\/2014\/03\/Blu-1-225x300.jpg 225w\" sizes=\"auto, (max-width: 600px) 100vw, 600px\" \/><\/a><\/p>\n<p style=\"text-align: justify;\">Passend dazu scheint hier der liebe Fr\u00fchling zu Besuch zu sein. Schon morgens wird man vom vergn\u00fcgten Zwitschern und Tirilieren der V\u00f6gel geweckt, die Sonne lacht vom blauen Himmel und \u00fcberall in der Natur beginnt es zu wachsen und zu bl\u00fchen, einfach sch\u00f6n\u2026<\/p>\n<p style=\"text-align: center;\"><a href=\"http:\/\/www.sabine-seyffert.de\/blog\/wp-content\/uploads\/2014\/03\/Blu-2.jpg\"><img loading=\"lazy\" decoding=\"async\" class=\"alignnone size-full wp-image-3757\" src=\"http:\/\/www.sabine-seyffert.de\/blog\/wp-content\/uploads\/2014\/03\/Blu-2.jpg\" alt=\"Blu 2\" width=\"600\" height=\"800\" srcset=\"https:\/\/www.sabine-seyffert.de\/blog\/wp-content\/uploads\/2014\/03\/Blu-2.jpg 600w, https:\/\/www.sabine-seyffert.de\/blog\/wp-content\/uploads\/2014\/03\/Blu-2-225x300.jpg 225w\" sizes=\"auto, (max-width: 600px) 100vw, 600px\" \/><\/a><\/p>\n<p style=\"text-align: justify;\">Daher gibt es von meiner Seite einen kleinen und ganz schnell gemachten, \u201efr\u00fchlingshaften Blumengru\u00df\u201c als DIY zum Wochenende.<\/p>\n<p style=\"text-align: justify;\"><strong>Das wird gebraucht:<\/strong><br \/>\nEine alte Konservendose, etwas Spr\u00fchlack, eine kleinere Blume wie bsp. Primel, Bellis o.\u00e4.<\/p>\n<p style=\"text-align: center;\"><a href=\"http:\/\/www.sabine-seyffert.de\/blog\/wp-content\/uploads\/2014\/03\/Blu-3.jpg\"><img loading=\"lazy\" decoding=\"async\" class=\"alignnone size-full wp-image-3758\" src=\"http:\/\/www.sabine-seyffert.de\/blog\/wp-content\/uploads\/2014\/03\/Blu-3.jpg\" alt=\"Blu 3\" width=\"800\" height=\"600\" srcset=\"https:\/\/www.sabine-seyffert.de\/blog\/wp-content\/uploads\/2014\/03\/Blu-3.jpg 800w, https:\/\/www.sabine-seyffert.de\/blog\/wp-content\/uploads\/2014\/03\/Blu-3-300x225.jpg 300w\" sizes=\"auto, (max-width: 800px) 100vw, 800px\" \/><\/a><\/p>\n<p style=\"text-align: justify;\"><strong>So wird\u2019s gemacht:<\/strong><br \/>\nIn der K\u00fcche fallen hin und wieder beim Kochen Konserven an. In der Regel entferne ich die Papierbanderolen, sp\u00fcle diese gr\u00fcndlich aus und verwahre sie, weil sich damit allerhand Tolles basteln l\u00e4sst. So bekamen einiger der Dosen einen frischen Anstrich, ganz fr\u00fchlingsm\u00e4\u00dfig versteht sich. Einfach mit etwas Spr\u00fchlack die Dosen von Au\u00dfen anspr\u00fchen und den Lack \u00fcber Nacht trocknen lassen. Dann einfach die gew\u00fcnschte Blume vorsichtig aus dem Topf ziehen und in die lackierte Dose hinein setzen. Falls n\u00f6tig noch mit etwas Blumenerde auff\u00fcllen \u2013 fertig!<\/p>\n<p style=\"text-align: center;\"><a href=\"http:\/\/www.sabine-seyffert.de\/blog\/wp-content\/uploads\/2014\/03\/Blu.jpg\"><img loading=\"lazy\" decoding=\"async\" class=\"alignnone size-full wp-image-3759\" src=\"http:\/\/www.sabine-seyffert.de\/blog\/wp-content\/uploads\/2014\/03\/Blu.jpg\" alt=\"Blu\" width=\"600\" height=\"800\" srcset=\"https:\/\/www.sabine-seyffert.de\/blog\/wp-content\/uploads\/2014\/03\/Blu.jpg 600w, https:\/\/www.sabine-seyffert.de\/blog\/wp-content\/uploads\/2014\/03\/Blu-225x300.jpg 225w\" sizes=\"auto, (max-width: 600px) 100vw, 600px\" \/><\/a><\/p>\n<p style=\"text-align: justify;\">Ob auf dem gedeckten Fr\u00fchst\u00fcckstisch, der Fensterbank, als Deko im Regal oder auch als kleines Mitbringsel &#8211; dieses kinderleichte DIY bringt in jedem Fall ein kleines St\u00fcckchen Fr\u00fchling ins Haus und ist auch f\u00fcr unge\u00fcbte Bastler bestens geeignet.<\/p>\n<p style=\"text-align: center;\"><a href=\"http:\/\/www.sabine-seyffert.de\/blog\/wp-content\/uploads\/2014\/03\/Blu-5.jpg\"><img loading=\"lazy\" decoding=\"async\" class=\"alignnone size-full wp-image-3760\" src=\"http:\/\/www.sabine-seyffert.de\/blog\/wp-content\/uploads\/2014\/03\/Blu-5.jpg\" alt=\"Blu 5\" width=\"600\" height=\"800\" srcset=\"https:\/\/www.sabine-seyffert.de\/blog\/wp-content\/uploads\/2014\/03\/Blu-5.jpg 600w, https:\/\/www.sabine-seyffert.de\/blog\/wp-content\/uploads\/2014\/03\/Blu-5-225x300.jpg 225w\" sizes=\"auto, (max-width: 600px) 100vw, 600px\" \/><\/a><\/p>\n<p style=\"text-align: justify;\">Ich w\u00fcnsche Euch ein ganz tolles Wochenende mit hoffentlich einer gro\u00dfen Portion \u201eFr\u00fchling\u201c und reichlich Sonnenschein!<\/p>\n<p style=\"text-align: center;\"><a href=\"http:\/\/www.sabine-seyffert.de\/blog\/wp-content\/uploads\/2014\/03\/Blu-4.jpg\"><img loading=\"lazy\" decoding=\"async\" class=\"alignnone size-full wp-image-3761\" src=\"http:\/\/www.sabine-seyffert.de\/blog\/wp-content\/uploads\/2014\/03\/Blu-4.jpg\" alt=\"Blu 4\" width=\"800\" height=\"600\" srcset=\"https:\/\/www.sabine-seyffert.de\/blog\/wp-content\/uploads\/2014\/03\/Blu-4.jpg 800w, https:\/\/www.sabine-seyffert.de\/blog\/wp-content\/uploads\/2014\/03\/Blu-4-300x225.jpg 300w\" sizes=\"auto, (max-width: 800px) 100vw, 800px\" \/><\/a><\/p>\n<p style=\"text-align: justify;\"><a href=\"http:\/\/www.sabine-seyffert.de\/blog\/?page_id=32#urheberrecht\">urheberrechtlich gesch\u00fctzt<\/a>, \u00a9 Sabine Seyffert<\/p>\n","protected":false},"excerpt":{"rendered":"<p>Allerhand zeitintensive Projekte sowohl beruflicher als auch privater Art liegen nun erfolgreich hinter mir. Nachdem ich diese Woche dann kurzfristig noch ein paar Erg\u00e4nzungen vornehmen musste, konnte ich erst gestern ein nagelneues Buch an den Verlag \u00fcbergeben. Somit g\u00f6nne ich mir eine klitzekleine Verschnaufpause bevor dann in K\u00fcrze die n\u00e4chste Buchidee in Angriff genommen wird&#8230;. <a href=\"https:\/\/www.sabine-seyffert.de\/blog\/ein-blumengruss-zum-wochenende\/\" class=\"more-link\">Read more: Ein Blumengru\u00df zum Wochenende<\/a><\/p>\n","protected":false},"author":2,"featured_media":0,"comment_status":"open","ping_status":"open","sticky":false,"template":"","format":"standard","meta":{"_metis_text_type":"","_metis_text_length":1869,"_post_count":0,"footnotes":""},"categories":[12,23,47],"tags":[],"class_list":["post-3755","post","type-post","status-publish","format-standard","hentry","category-deko-ideen","category-fruhling","category-upcyceltes"],"_links":{"self":[{"href":"https:\/\/www.sabine-seyffert.de\/blog\/wp-json\/wp\/v2\/posts\/3755","targetHints":{"allow":["GET"]}}],"collection":[{"href":"https:\/\/www.sabine-seyffert.de\/blog\/wp-json\/wp\/v2\/posts"}],"about":[{"href":"https:\/\/www.sabine-seyffert.de\/blog\/wp-json\/wp\/v2\/types\/post"}],"author":[{"embeddable":true,"href":"https:\/\/www.sabine-seyffert.de\/blog\/wp-json\/wp\/v2\/users\/2"}],"replies":[{"embeddable":true,"href":"https:\/\/www.sabine-seyffert.de\/blog\/wp-json\/wp\/v2\/comments?post=3755"}],"version-history":[{"count":5,"href":"https:\/\/www.sabine-seyffert.de\/blog\/wp-json\/wp\/v2\/posts\/3755\/revisions"}],"predecessor-version":[{"id":9758,"href":"https:\/\/www.sabine-seyffert.de\/blog\/wp-json\/wp\/v2\/posts\/3755\/revisions\/9758"}],"wp:attachment":[{"href":"https:\/\/www.sabine-seyffert.de\/blog\/wp-json\/wp\/v2\/media?parent=3755"}],"wp:term":[{"taxonomy":"category","embeddable":true,"href":"https:\/\/www.sabine-seyffert.de\/blog\/wp-json\/wp\/v2\/categories?post=3755"},{"taxonomy":"post_tag","embeddable":true,"href":"https:\/\/www.sabine-seyffert.de\/blog\/wp-json\/wp\/v2\/tags?post=3755"}],"curies":[{"name":"wp","href":"https:\/\/api.w.org\/{rel}","templated":true}]}}