{"id":3727,"date":"2014-03-09T11:36:40","date_gmt":"2014-03-09T09:36:40","guid":{"rendered":"http:\/\/www.sabine-seyffert.de\/blog\/?p=3727"},"modified":"2017-03-02T19:34:08","modified_gmt":"2017-03-02T17:34:08","slug":"mohn-liebt-marzipan","status":"publish","type":"post","link":"https:\/\/www.sabine-seyffert.de\/blog\/mohn-liebt-marzipan\/","title":{"rendered":"Mohn liebt Marzipan&#8230;"},"content":{"rendered":"<p style=\"text-align: justify;\"><img loading=\"lazy\" decoding=\"async\" src=\"https:\/\/ssl-vg03.met.vgwort.de\/na\/4c40cc545b4449948cd51b757ef67c99\" alt=\"\" width=\"1\" height=\"1\" \/>Die Sonne lacht vom Himmel. Die Vorfreude auf den Fr\u00fchling w\u00e4chst best\u00e4ndig und somit vers\u00fc\u00dfen wir uns den heutigen Sonntag ein wenig.<\/p>\n<p style=\"text-align: center;\"><a href=\"http:\/\/www.sabine-seyffert.de\/blog\/wp-content\/uploads\/2014\/03\/Mo-1.jpg\"><img loading=\"lazy\" decoding=\"async\" class=\"alignnone size-full wp-image-3728\" src=\"http:\/\/www.sabine-seyffert.de\/blog\/wp-content\/uploads\/2014\/03\/Mo-1.jpg\" alt=\"Mo 1\" width=\"800\" height=\"600\" srcset=\"https:\/\/www.sabine-seyffert.de\/blog\/wp-content\/uploads\/2014\/03\/Mo-1.jpg 800w, https:\/\/www.sabine-seyffert.de\/blog\/wp-content\/uploads\/2014\/03\/Mo-1-300x225.jpg 300w\" sizes=\"auto, (max-width: 800px) 100vw, 800px\" \/><\/a><\/p>\n<p style=\"text-align: justify;\"><strong>Das wird gebraucht:<\/strong><br \/>\n200 gr Marzipan Rohmasse, 200 gr Margarine, 4 Eier, 120 gr Zucker, 250 gr Mehl, 1 P\u00e4ckchen Backpulver, 1 Packung Mohn Back sowie 150 gr Puderzucker und 1 EL gemahlenen Mohn f\u00fcr den Zuckerguss<\/p>\n<p style=\"text-align: center;\"><a href=\"http:\/\/www.sabine-seyffert.de\/blog\/wp-content\/uploads\/2014\/03\/Mo-2.jpg\"><img loading=\"lazy\" decoding=\"async\" class=\"alignnone size-full wp-image-3729\" src=\"http:\/\/www.sabine-seyffert.de\/blog\/wp-content\/uploads\/2014\/03\/Mo-2.jpg\" alt=\"Mo 2\" width=\"800\" height=\"600\" srcset=\"https:\/\/www.sabine-seyffert.de\/blog\/wp-content\/uploads\/2014\/03\/Mo-2.jpg 800w, https:\/\/www.sabine-seyffert.de\/blog\/wp-content\/uploads\/2014\/03\/Mo-2-300x225.jpg 300w\" sizes=\"auto, (max-width: 800px) 100vw, 800px\" \/><\/a><\/p>\n<p style=\"text-align: justify;\"><strong>So wird\u2019s gemacht:<\/strong><br \/>\nDie Marzipanrohmasse schneidet man in kleinere St\u00fccke und gibt diese mit der Margarine in eine R\u00fchrsch\u00fcssel. Darin p\u00fcriert man die Zutaten durch, bis sich das Marzipan gleichm\u00e4\u00dfig mit der Margarine vermengt hat. Anschlie\u00dfend gibt man die Eier hinzu und mixt alles so lange durch, bis es sch\u00f6n schaumig ist.<\/p>\n<p style=\"text-align: center;\"><a href=\"http:\/\/www.sabine-seyffert.de\/blog\/wp-content\/uploads\/2014\/03\/Mo-3.jpg\"><img loading=\"lazy\" decoding=\"async\" class=\"alignnone size-full wp-image-3730\" src=\"http:\/\/www.sabine-seyffert.de\/blog\/wp-content\/uploads\/2014\/03\/Mo-3.jpg\" alt=\"Mo 3\" width=\"800\" height=\"600\" srcset=\"https:\/\/www.sabine-seyffert.de\/blog\/wp-content\/uploads\/2014\/03\/Mo-3.jpg 800w, https:\/\/www.sabine-seyffert.de\/blog\/wp-content\/uploads\/2014\/03\/Mo-3-300x225.jpg 300w\" sizes=\"auto, (max-width: 800px) 100vw, 800px\" \/><\/a><\/p>\n<p style=\"text-align: justify;\">Nun r\u00fchrt man den Zucker unter, das Backpulver und das Mehl. Ganz zum Schluss mixt man noch den gesamten Mohn Back unter. Der Teig ist relativ fest. Was mir in dem Fall sehr recht war, da man ihn so gut in die Muffinf\u00f6rmchen f\u00fcllen und verteilen kann.<\/p>\n<p style=\"text-align: center;\"><a href=\"http:\/\/www.sabine-seyffert.de\/blog\/wp-content\/uploads\/2014\/03\/Mo-4.jpg\"><img loading=\"lazy\" decoding=\"async\" class=\"alignnone size-full wp-image-3731\" src=\"http:\/\/www.sabine-seyffert.de\/blog\/wp-content\/uploads\/2014\/03\/Mo-4.jpg\" alt=\"Mo 4\" width=\"800\" height=\"600\" srcset=\"https:\/\/www.sabine-seyffert.de\/blog\/wp-content\/uploads\/2014\/03\/Mo-4.jpg 800w, https:\/\/www.sabine-seyffert.de\/blog\/wp-content\/uploads\/2014\/03\/Mo-4-300x225.jpg 300w\" sizes=\"auto, (max-width: 800px) 100vw, 800px\" \/><\/a><\/p>\n<p style=\"text-align: justify;\">Wer es lieber fl\u00fcssiger mag oder den Teig gerne in eine gr\u00f6\u00dfere Kastenform f\u00fcllen m\u00f6chte, kann bei Bedarf noch etwas Mineralwasser oder Milch in die Teigmenge r\u00fchren.<\/p>\n<p style=\"text-align: justify;\"><a href=\"http:\/\/www.sabine-seyffert.de\/blog\/wp-content\/uploads\/2014\/03\/Mo-5.jpg\"><img loading=\"lazy\" decoding=\"async\" class=\"alignnone size-full wp-image-3732\" src=\"http:\/\/www.sabine-seyffert.de\/blog\/wp-content\/uploads\/2014\/03\/Mo-5.jpg\" alt=\"Mo 5\" width=\"800\" height=\"600\" srcset=\"https:\/\/www.sabine-seyffert.de\/blog\/wp-content\/uploads\/2014\/03\/Mo-5.jpg 800w, https:\/\/www.sabine-seyffert.de\/blog\/wp-content\/uploads\/2014\/03\/Mo-5-300x225.jpg 300w\" sizes=\"auto, (max-width: 800px) 100vw, 800px\" \/><\/a><br \/>\nF\u00fcr die Mohn-Marzipan-Muffins habe ich die Papierf\u00f6rmchen in eine Muffinform gestellt und pro Muffin 2 geh\u00e4ufte EL Teig hinein gef\u00fcllt. Dies hat f\u00fcr 12 gro\u00dfe Muffins von der Menge her ausgereicht.<\/p>\n<p style=\"text-align: center;\"><a href=\"http:\/\/www.sabine-seyffert.de\/blog\/wp-content\/uploads\/2014\/03\/Mo-6.jpg\"><img loading=\"lazy\" decoding=\"async\" class=\"alignnone size-full wp-image-3733\" src=\"http:\/\/www.sabine-seyffert.de\/blog\/wp-content\/uploads\/2014\/03\/Mo-6.jpg\" alt=\"Mo 6\" width=\"800\" height=\"600\" srcset=\"https:\/\/www.sabine-seyffert.de\/blog\/wp-content\/uploads\/2014\/03\/Mo-6.jpg 800w, https:\/\/www.sabine-seyffert.de\/blog\/wp-content\/uploads\/2014\/03\/Mo-6-300x225.jpg 300w\" sizes=\"auto, (max-width: 800px) 100vw, 800px\" \/><\/a><\/p>\n<p style=\"text-align: justify;\">Jetzt ab mit den k\u00f6stlichen Mohn-Marzipan-K\u00fcchlein in den Ofen. Diese b\u00e4ckt man bei 160\u00b0 Grad bis die oben leicht gebr\u00e4unt sind. Sicherheitshalber mit einem kleinen Holzst\u00e4bchen oder Messer eine Backprobe machen. Wenn kein Teig mehr h\u00e4ngen bleibt, sind die fertig.<\/p>\n<p style=\"text-align: center;\"><a href=\"http:\/\/www.sabine-seyffert.de\/blog\/wp-content\/uploads\/2014\/03\/Mo-7.jpg\"><img loading=\"lazy\" decoding=\"async\" class=\"alignnone size-full wp-image-3734\" src=\"http:\/\/www.sabine-seyffert.de\/blog\/wp-content\/uploads\/2014\/03\/Mo-7.jpg\" alt=\"Mo 7\" width=\"800\" height=\"600\" srcset=\"https:\/\/www.sabine-seyffert.de\/blog\/wp-content\/uploads\/2014\/03\/Mo-7.jpg 800w, https:\/\/www.sabine-seyffert.de\/blog\/wp-content\/uploads\/2014\/03\/Mo-7-300x225.jpg 300w\" sizes=\"auto, (max-width: 800px) 100vw, 800px\" \/><\/a><\/p>\n<p style=\"text-align: justify;\">F\u00fcr den Guss sch\u00fcttet man den Puderzucker in einen tiefen Teller und gibt einen EL gemahlenen Mohn hinzu. Mit etwas hei\u00dfem Wasser verr\u00fchren und dann mit Hilfe eines Messers auf den gebackenen Muffins verteilen. Mhhh \u2013 lecker!<\/p>\n<p style=\"text-align: center;\"><a href=\"http:\/\/www.sabine-seyffert.de\/blog\/wp-content\/uploads\/2014\/03\/Mo-8.jpg\"><img loading=\"lazy\" decoding=\"async\" class=\"alignnone size-full wp-image-3735\" src=\"http:\/\/www.sabine-seyffert.de\/blog\/wp-content\/uploads\/2014\/03\/Mo-8.jpg\" alt=\"Mo 8\" width=\"800\" height=\"600\" srcset=\"https:\/\/www.sabine-seyffert.de\/blog\/wp-content\/uploads\/2014\/03\/Mo-8.jpg 800w, https:\/\/www.sabine-seyffert.de\/blog\/wp-content\/uploads\/2014\/03\/Mo-8-300x225.jpg 300w\" sizes=\"auto, (max-width: 800px) 100vw, 800px\" \/><\/a><\/p>\n<p style=\"text-align: justify;\">Ich w\u00fcnsche Euch einen zuckers\u00fc\u00dfen Sonntag\u2026<\/p>\n<p style=\"text-align: justify;\"><a href=\"http:\/\/www.sabine-seyffert.de\/blog\/wp-content\/uploads\/2014\/03\/Mo-9.jpg\"><img loading=\"lazy\" decoding=\"async\" class=\"alignnone size-full wp-image-3736\" src=\"http:\/\/www.sabine-seyffert.de\/blog\/wp-content\/uploads\/2014\/03\/Mo-9.jpg\" alt=\"Mo 9\" width=\"800\" height=\"600\" srcset=\"https:\/\/www.sabine-seyffert.de\/blog\/wp-content\/uploads\/2014\/03\/Mo-9.jpg 800w, https:\/\/www.sabine-seyffert.de\/blog\/wp-content\/uploads\/2014\/03\/Mo-9-300x225.jpg 300w\" sizes=\"auto, (max-width: 800px) 100vw, 800px\" \/><\/a><\/p>\n<p>PS.: \u00dcbrigens, diese Muffins sind ideal f\u00fcr ein fr\u00fchlingshaftes Picknick \ud83d\ude42<\/p>\n<p><a href=\"http:\/\/www.sabine-seyffert.de\/blog\/?page_id=32#urheberrecht\">urheberrechtlich gesch\u00fctzt<\/a>, \u00a9 Sabine Seyffert<\/p>\n","protected":false},"excerpt":{"rendered":"<p>Die Sonne lacht vom Himmel. Die Vorfreude auf den Fr\u00fchling w\u00e4chst best\u00e4ndig und somit vers\u00fc\u00dfen wir uns den heutigen Sonntag ein wenig. Das wird gebraucht: 200 gr Marzipan Rohmasse, 200 gr Margarine, 4 Eier, 120 gr Zucker, 250 gr Mehl, 1 P\u00e4ckchen Backpulver, 1 Packung Mohn Back sowie 150 gr Puderzucker und 1 EL gemahlenen&#8230; <a href=\"https:\/\/www.sabine-seyffert.de\/blog\/mohn-liebt-marzipan\/\" class=\"more-link\">Read more: Mohn liebt Marzipan&#8230;<\/a><\/p>\n","protected":false},"author":2,"featured_media":0,"comment_status":"open","ping_status":"open","sticky":false,"template":"","format":"standard","meta":{"_metis_text_type":"","_metis_text_length":1944,"_post_count":0,"footnotes":""},"categories":[31],"tags":[],"class_list":["post-3727","post","type-post","status-publish","format-standard","hentry","category-rezepte-suse-kuchen-co"],"_links":{"self":[{"href":"https:\/\/www.sabine-seyffert.de\/blog\/wp-json\/wp\/v2\/posts\/3727","targetHints":{"allow":["GET"]}}],"collection":[{"href":"https:\/\/www.sabine-seyffert.de\/blog\/wp-json\/wp\/v2\/posts"}],"about":[{"href":"https:\/\/www.sabine-seyffert.de\/blog\/wp-json\/wp\/v2\/types\/post"}],"author":[{"embeddable":true,"href":"https:\/\/www.sabine-seyffert.de\/blog\/wp-json\/wp\/v2\/users\/2"}],"replies":[{"embeddable":true,"href":"https:\/\/www.sabine-seyffert.de\/blog\/wp-json\/wp\/v2\/comments?post=3727"}],"version-history":[{"count":6,"href":"https:\/\/www.sabine-seyffert.de\/blog\/wp-json\/wp\/v2\/posts\/3727\/revisions"}],"predecessor-version":[{"id":9760,"href":"https:\/\/www.sabine-seyffert.de\/blog\/wp-json\/wp\/v2\/posts\/3727\/revisions\/9760"}],"wp:attachment":[{"href":"https:\/\/www.sabine-seyffert.de\/blog\/wp-json\/wp\/v2\/media?parent=3727"}],"wp:term":[{"taxonomy":"category","embeddable":true,"href":"https:\/\/www.sabine-seyffert.de\/blog\/wp-json\/wp\/v2\/categories?post=3727"},{"taxonomy":"post_tag","embeddable":true,"href":"https:\/\/www.sabine-seyffert.de\/blog\/wp-json\/wp\/v2\/tags?post=3727"}],"curies":[{"name":"wp","href":"https:\/\/api.w.org\/{rel}","templated":true}]}}