{"id":3717,"date":"2014-03-04T07:23:00","date_gmt":"2014-03-04T05:23:00","guid":{"rendered":"http:\/\/www.sabine-seyffert.de\/blog\/?p=3717"},"modified":"2017-03-02T19:35:05","modified_gmt":"2017-03-02T17:35:05","slug":"kunterbunter-konfettiregen","status":"publish","type":"post","link":"https:\/\/www.sabine-seyffert.de\/blog\/kunterbunter-konfettiregen\/","title":{"rendered":"Kunterbunter Konfettiregen"},"content":{"rendered":"<p style=\"text-align: justify;\"><img loading=\"lazy\" decoding=\"async\" src=\"https:\/\/ssl-vg03.met.vgwort.de\/na\/8c1b9b52bcc1495ebb3f02bdf6ba5d11\" alt=\"\" width=\"1\" height=\"1\" \/>Kunterbunt \u2013 jetzt geht es rund. Nicht nur im Karneval sondern auch an den B\u00e4umen auf meiner Insel der Stille regnet es derzeit Konfetti! So einen bunten Regen lass ich mir nur zu gerne gefallen. Die Idee kam \u2013 wie so oft \u2013 ganz spontan. F\u00fcr eine Feier fehlte ein bisschen nettes \u201eBunt\u201c. Ein Blumenstrau\u00df gef\u00e4llt mir zwar, gerade an kalten Wintertagen um schon etwas Fr\u00fchlingsgef\u00fchle zu wecken. Doch Blumen mag ich am liebsten Drau\u00dfen, wo sie eigentlich auch hingeh\u00f6ren \ud83d\ude42<\/p>\n<p style=\"text-align: center;\"><a href=\"http:\/\/www.sabine-seyffert.de\/blog\/wp-content\/uploads\/2014\/03\/Konfetti-1.jpg\"><img loading=\"lazy\" decoding=\"async\" class=\"alignnone size-full wp-image-3718\" src=\"http:\/\/www.sabine-seyffert.de\/blog\/wp-content\/uploads\/2014\/03\/Konfetti-1.jpg\" alt=\"Konfetti 1\" width=\"600\" height=\"800\" srcset=\"https:\/\/www.sabine-seyffert.de\/blog\/wp-content\/uploads\/2014\/03\/Konfetti-1.jpg 600w, https:\/\/www.sabine-seyffert.de\/blog\/wp-content\/uploads\/2014\/03\/Konfetti-1-225x300.jpg 225w\" sizes=\"auto, (max-width: 600px) 100vw, 600px\" \/><\/a><\/p>\n<p style=\"text-align: justify;\">Auf einem kleinen Spaziergang hatte ich f\u00fcr ein neues Buchprojekt einiges an Zweigen gesammelt. Einige davon waren noch \u00fcbrig geblieben und hatten daher in meinem Arbeitszimmer \u201e\u00fcberwintert\u201c. Als mein Blick auf allerhand farbige Papierreste fiel, war die Idee zum kunterbunten Konfettiregen geboren. Und bestens zum Karneval passt sie ebenfalls!<\/p>\n<p style=\"text-align: center;\"><a href=\"http:\/\/www.sabine-seyffert.de\/blog\/wp-content\/uploads\/2014\/03\/Konfetti-2.jpg\"><img loading=\"lazy\" decoding=\"async\" class=\"alignnone size-full wp-image-3719\" src=\"http:\/\/www.sabine-seyffert.de\/blog\/wp-content\/uploads\/2014\/03\/Konfetti-2.jpg\" alt=\"Konfetti 2\" width=\"600\" height=\"800\" srcset=\"https:\/\/www.sabine-seyffert.de\/blog\/wp-content\/uploads\/2014\/03\/Konfetti-2.jpg 600w, https:\/\/www.sabine-seyffert.de\/blog\/wp-content\/uploads\/2014\/03\/Konfetti-2-225x300.jpg 225w\" sizes=\"auto, (max-width: 600px) 100vw, 600px\" \/><\/a><\/p>\n<p style=\"text-align: justify;\"><strong>Das wird gebraucht:<\/strong><br \/>\nAllerhand bunte Papierreste, ein paar d\u00fcnne Zweige, einen Motivlocher \u201eKreis\u201c (Durchmesser 1,5 cm), eine Hei\u00dfklebepistole mit Patrone und etwas Geduld um die vielen Kreise auszustanzen.<\/p>\n<p style=\"text-align: center;\"><a href=\"http:\/\/www.sabine-seyffert.de\/blog\/wp-content\/uploads\/2014\/03\/Konfetti-3.jpg\"><img loading=\"lazy\" decoding=\"async\" class=\"alignnone size-full wp-image-3720\" src=\"http:\/\/www.sabine-seyffert.de\/blog\/wp-content\/uploads\/2014\/03\/Konfetti-3.jpg\" alt=\"Konfetti 3\" width=\"600\" height=\"800\" srcset=\"https:\/\/www.sabine-seyffert.de\/blog\/wp-content\/uploads\/2014\/03\/Konfetti-3.jpg 600w, https:\/\/www.sabine-seyffert.de\/blog\/wp-content\/uploads\/2014\/03\/Konfetti-3-225x300.jpg 225w\" sizes=\"auto, (max-width: 600px) 100vw, 600px\" \/><\/a><\/p>\n<p style=\"text-align: justify;\"><strong>So wird\u00b4s gemacht:<\/strong><br \/>\nAus den bunten Papierresten habe ich unz\u00e4hlige kleine Kreise gestanzt. Das klappt mit dem Motivlocher prima und ist wirklich kinderleicht. Wenn man gen\u00fcgend bunte P\u00fcnktchen beisammen hat, kommt die Hei\u00dfklebepistole zum Einsatz.<br \/>\nAm besten stellt man die Zweige vor dem Kleben in eine Vase. So sieht man gleich wie und an welchen Stellen man das ausgestanzte Konfetti am besten an die Zweige klebt. Sobald der Kleber fl\u00fcssig ist, kann man einen Kreis mit einem Tropfen Hei\u00dfkleber versehen und an dem Zweig befestigen. So bekommen die Zweige immer mehr buntes Konfetti ab.<\/p>\n<p style=\"text-align: center;\"><a href=\"http:\/\/www.sabine-seyffert.de\/blog\/wp-content\/uploads\/2014\/03\/Konfetti-5.jpg\"><img loading=\"lazy\" decoding=\"async\" class=\"alignnone size-full wp-image-3721\" src=\"http:\/\/www.sabine-seyffert.de\/blog\/wp-content\/uploads\/2014\/03\/Konfetti-5.jpg\" alt=\"Konfetti 5\" width=\"600\" height=\"800\" srcset=\"https:\/\/www.sabine-seyffert.de\/blog\/wp-content\/uploads\/2014\/03\/Konfetti-5.jpg 600w, https:\/\/www.sabine-seyffert.de\/blog\/wp-content\/uploads\/2014\/03\/Konfetti-5-225x300.jpg 225w\" sizes=\"auto, (max-width: 600px) 100vw, 600px\" \/><\/a><\/p>\n<p style=\"text-align: justify;\"><strong>Ein kleiner Tipp:<\/strong><br \/>\nDie Zweige sollten m\u00f6glichst trocken sein, damit der Kleber bzw. die bunten Punkte auch wirklich halten.<\/p>\n<p style=\"text-align: center;\"><a href=\"http:\/\/www.sabine-seyffert.de\/blog\/wp-content\/uploads\/2014\/03\/Konfetti-4.jpg\"><img loading=\"lazy\" decoding=\"async\" class=\"alignnone size-full wp-image-3722\" src=\"http:\/\/www.sabine-seyffert.de\/blog\/wp-content\/uploads\/2014\/03\/Konfetti-4.jpg\" alt=\"Konfetti 4\" width=\"800\" height=\"600\" srcset=\"https:\/\/www.sabine-seyffert.de\/blog\/wp-content\/uploads\/2014\/03\/Konfetti-4.jpg 800w, https:\/\/www.sabine-seyffert.de\/blog\/wp-content\/uploads\/2014\/03\/Konfetti-4-300x225.jpg 300w\" sizes=\"auto, (max-width: 800px) 100vw, 800px\" \/><\/a><\/p>\n<p style=\"text-align: justify;\">Weitere Ideen zum Thema Karneval findet Ihr <a href=\"http:\/\/www.sabine-seyffert.de\/blog\/?cat=26\" target=\"_blank\">hier<\/a>. Kreatives bei <a href=\"http:\/\/www.creadienstag.de\/2013\/12\/113.html\" target=\"_blank\">Anke<\/a> und weitere Upcycling Ideen bei <a href=\"http:\/\/zepideh.blogspot.de\/\" target=\"_blank\">Nina<\/a> und ihrem Werkeltagebuch.<br \/>\n<a href=\"http:\/\/www.sabine-seyffert.de\/blog\/?page_id=32#urheberrecht\">urheberrechtlich gesch\u00fctzt<\/a>, \u00a9 Sabine Seyffert<\/p>\n","protected":false},"excerpt":{"rendered":"<p>Kunterbunt \u2013 jetzt geht es rund. Nicht nur im Karneval sondern auch an den B\u00e4umen auf meiner Insel der Stille regnet es derzeit Konfetti! So einen bunten Regen lass ich mir nur zu gerne gefallen. Die Idee kam \u2013 wie so oft \u2013 ganz spontan. F\u00fcr eine Feier fehlte ein bisschen nettes \u201eBunt\u201c. Ein Blumenstrau\u00df&#8230; <a href=\"https:\/\/www.sabine-seyffert.de\/blog\/kunterbunter-konfettiregen\/\" class=\"more-link\">Read more: Kunterbunter Konfettiregen<\/a><\/p>\n","protected":false},"author":2,"featured_media":0,"comment_status":"open","ping_status":"open","sticky":false,"template":"","format":"standard","meta":{"_metis_text_type":"","_metis_text_length":1913,"_post_count":0,"footnotes":""},"categories":[12,26,21],"tags":[],"class_list":["post-3717","post","type-post","status-publish","format-standard","hentry","category-deko-ideen","category-karneval","category-kinderfeste-partys"],"_links":{"self":[{"href":"https:\/\/www.sabine-seyffert.de\/blog\/wp-json\/wp\/v2\/posts\/3717","targetHints":{"allow":["GET"]}}],"collection":[{"href":"https:\/\/www.sabine-seyffert.de\/blog\/wp-json\/wp\/v2\/posts"}],"about":[{"href":"https:\/\/www.sabine-seyffert.de\/blog\/wp-json\/wp\/v2\/types\/post"}],"author":[{"embeddable":true,"href":"https:\/\/www.sabine-seyffert.de\/blog\/wp-json\/wp\/v2\/users\/2"}],"replies":[{"embeddable":true,"href":"https:\/\/www.sabine-seyffert.de\/blog\/wp-json\/wp\/v2\/comments?post=3717"}],"version-history":[{"count":4,"href":"https:\/\/www.sabine-seyffert.de\/blog\/wp-json\/wp\/v2\/posts\/3717\/revisions"}],"predecessor-version":[{"id":9762,"href":"https:\/\/www.sabine-seyffert.de\/blog\/wp-json\/wp\/v2\/posts\/3717\/revisions\/9762"}],"wp:attachment":[{"href":"https:\/\/www.sabine-seyffert.de\/blog\/wp-json\/wp\/v2\/media?parent=3717"}],"wp:term":[{"taxonomy":"category","embeddable":true,"href":"https:\/\/www.sabine-seyffert.de\/blog\/wp-json\/wp\/v2\/categories?post=3717"},{"taxonomy":"post_tag","embeddable":true,"href":"https:\/\/www.sabine-seyffert.de\/blog\/wp-json\/wp\/v2\/tags?post=3717"}],"curies":[{"name":"wp","href":"https:\/\/api.w.org\/{rel}","templated":true}]}}