{"id":3698,"date":"2014-02-25T07:24:29","date_gmt":"2014-02-25T05:24:29","guid":{"rendered":"http:\/\/www.sabine-seyffert.de\/blog\/?p=3698"},"modified":"2017-03-02T19:38:42","modified_gmt":"2017-03-02T17:38:42","slug":"bunt-und-schrill","status":"publish","type":"post","link":"https:\/\/www.sabine-seyffert.de\/blog\/bunt-und-schrill\/","title":{"rendered":"Bunt und schrill"},"content":{"rendered":"<p style=\"text-align: center;\"><img loading=\"lazy\" decoding=\"async\" src=\"https:\/\/ssl-vg03.met.vgwort.de\/na\/6b598723e7ef4b6badf58ad9b8aa52af\" alt=\"\" width=\"1\" height=\"1\" \/><a href=\"http:\/\/www.sabine-seyffert.de\/blog\/wp-content\/uploads\/2014\/02\/T\u00fcll-1.jpg\"><img loading=\"lazy\" decoding=\"async\" class=\"alignnone size-full wp-image-3699\" src=\"http:\/\/www.sabine-seyffert.de\/blog\/wp-content\/uploads\/2014\/02\/T\u00fcll-1.jpg\" alt=\"T\u00fcll 1\" width=\"800\" height=\"600\" srcset=\"https:\/\/www.sabine-seyffert.de\/blog\/wp-content\/uploads\/2014\/02\/T\u00fcll-1.jpg 800w, https:\/\/www.sabine-seyffert.de\/blog\/wp-content\/uploads\/2014\/02\/T\u00fcll-1-300x225.jpg 300w\" sizes=\"auto, (max-width: 800px) 100vw, 800px\" \/><\/a><\/p>\n<p style=\"text-align: justify;\">Bei den Planungen f\u00fcr ein feierliches Event war etwas Deko von N\u00f6ten. Und die sollte m\u00f6glichst ins Auge fallen. Normalerweise mag ich es nicht sonderlich grell oder gar kitschig, aber hier sind offenbar die Ideen einfach mit mir durchgegangen\u2026<\/p>\n<p style=\"text-align: center;\"><a href=\"http:\/\/www.sabine-seyffert.de\/blog\/wp-content\/uploads\/2014\/02\/T\u00fcll-2.jpg\"><img loading=\"lazy\" decoding=\"async\" class=\"alignnone size-full wp-image-3700\" src=\"http:\/\/www.sabine-seyffert.de\/blog\/wp-content\/uploads\/2014\/02\/T\u00fcll-2.jpg\" alt=\"T\u00fcll 2\" width=\"800\" height=\"600\" srcset=\"https:\/\/www.sabine-seyffert.de\/blog\/wp-content\/uploads\/2014\/02\/T\u00fcll-2.jpg 800w, https:\/\/www.sabine-seyffert.de\/blog\/wp-content\/uploads\/2014\/02\/T\u00fcll-2-300x225.jpg 300w\" sizes=\"auto, (max-width: 800px) 100vw, 800px\" \/><\/a><\/p>\n<p style=\"text-align: justify;\">Nur gut, dass man die Deko nach dem Fest wieder in einer gro\u00dfen Kisten verstauen kann und die Augen sich ein wenig vom Farbflash erholen d\u00fcrfen!<\/p>\n<p style=\"text-align: center;\"><a href=\"http:\/\/www.sabine-seyffert.de\/blog\/wp-content\/uploads\/2014\/02\/T\u00fcll-3.jpg\"><img loading=\"lazy\" decoding=\"async\" class=\"alignnone size-full wp-image-3701\" src=\"http:\/\/www.sabine-seyffert.de\/blog\/wp-content\/uploads\/2014\/02\/T\u00fcll-3.jpg\" alt=\"T\u00fcll 3\" width=\"800\" height=\"600\" srcset=\"https:\/\/www.sabine-seyffert.de\/blog\/wp-content\/uploads\/2014\/02\/T\u00fcll-3.jpg 800w, https:\/\/www.sabine-seyffert.de\/blog\/wp-content\/uploads\/2014\/02\/T\u00fcll-3-300x225.jpg 300w\" sizes=\"auto, (max-width: 800px) 100vw, 800px\" \/><\/a><\/p>\n<p style=\"text-align: justify;\">Wer es schrill und knallig mag, darf getrost weiterlesen, diejenigen, die neugierig sind nat\u00fcrlich auch und alle anderen sollten hier sonst aufh\u00f6ren zu lesen und lieber ein anderes Mal hier vorbei spazieren, wenn sich wieder wohltuende Ruhe auf der Insel der Stille ausgebreitet hat \ud83d\ude09<\/p>\n<p style=\"text-align: center;\"><a href=\"http:\/\/www.sabine-seyffert.de\/blog\/wp-content\/uploads\/2014\/02\/T\u00fcll-4.jpg\"><img loading=\"lazy\" decoding=\"async\" class=\"alignnone size-full wp-image-3702\" src=\"http:\/\/www.sabine-seyffert.de\/blog\/wp-content\/uploads\/2014\/02\/T\u00fcll-4.jpg\" alt=\"T\u00fcll 4\" width=\"800\" height=\"600\" srcset=\"https:\/\/www.sabine-seyffert.de\/blog\/wp-content\/uploads\/2014\/02\/T\u00fcll-4.jpg 800w, https:\/\/www.sabine-seyffert.de\/blog\/wp-content\/uploads\/2014\/02\/T\u00fcll-4-300x225.jpg 300w\" sizes=\"auto, (max-width: 800px) 100vw, 800px\" \/><\/a><\/p>\n<p style=\"text-align: justify;\"><strong>Das wird gebraucht:<\/strong><br \/>\nJede Menge T\u00fcll in knalligen Farben, eine Schere, etwas Pappe (in meinem Fall eine leere M\u00fcslipackung), ein leeres Marmeladenglas mit gro\u00dfer \u00d6ffnung, Bleistift, Kordel und f\u00fcr all diejenigen, die es sehr genau nehmen auch noch ein Ma\u00dfband<\/p>\n<p style=\"text-align: center;\"><a href=\"http:\/\/www.sabine-seyffert.de\/blog\/wp-content\/uploads\/2014\/02\/T\u00fcll-5.jpg\"><img loading=\"lazy\" decoding=\"async\" class=\"alignnone size-full wp-image-3704\" src=\"http:\/\/www.sabine-seyffert.de\/blog\/wp-content\/uploads\/2014\/02\/T\u00fcll-5.jpg\" alt=\"T\u00fcll 5\" width=\"800\" height=\"600\" srcset=\"https:\/\/www.sabine-seyffert.de\/blog\/wp-content\/uploads\/2014\/02\/T\u00fcll-5.jpg 800w, https:\/\/www.sabine-seyffert.de\/blog\/wp-content\/uploads\/2014\/02\/T\u00fcll-5-300x225.jpg 300w\" sizes=\"auto, (max-width: 800px) 100vw, 800px\" \/><\/a><\/p>\n<p style=\"text-align: justify;\"><strong>So wird\u2019s gemacht:<\/strong><br \/>\nZum Ausgleich zu den schrillen Farben dieses kreativen DIY ist das fr\u00f6hliche Werkeln von Pompoms eher eine meditative Angelegenheit. Dazu fertigt man sich aus etwas Pappe zwei Schablonen an. Ein Marmeladenglas (wie von <a href=\"http:\/\/www.sabine-seyffert.de\/blog\/?p=3547\" target=\"_blank\">hier<\/a>) stellt man mit der \u00d6ffnung auf die Pappe und zeichnet mit dem Bleistift einen Kreis herum. Dieser sollte einen Durchmesser von mind. 8 cm haben. Da man die Schablone doppelt ben\u00f6tigt, also in 2facher Ausf\u00fchrung. Die beiden Kreise schneidet man aus und schneidet mittig je einen kleinen Kreis als \u00d6ffnung heraus.<\/p>\n<p style=\"text-align: center;\"><a href=\"http:\/\/www.sabine-seyffert.de\/blog\/wp-content\/uploads\/2014\/02\/T\u00fcll-6.jpg\"><img loading=\"lazy\" decoding=\"async\" class=\"alignnone size-full wp-image-3705\" src=\"http:\/\/www.sabine-seyffert.de\/blog\/wp-content\/uploads\/2014\/02\/T\u00fcll-6.jpg\" alt=\"T\u00fcll 6\" width=\"800\" height=\"600\" srcset=\"https:\/\/www.sabine-seyffert.de\/blog\/wp-content\/uploads\/2014\/02\/T\u00fcll-6.jpg 800w, https:\/\/www.sabine-seyffert.de\/blog\/wp-content\/uploads\/2014\/02\/T\u00fcll-6-300x225.jpg 300w\" sizes=\"auto, (max-width: 800px) 100vw, 800px\" \/><\/a><\/p>\n<p style=\"text-align: justify;\">Nun legt man den T\u00fcll doppelt und schneidet diesen in ca 5 cm breite, m\u00f6glichst lange Streifen. (=&gt; Da der T\u00fcll ab Werk meist eine Breite von 1,5 m hat, habe ich diese als L\u00e4nge genutzt.) Weil ich hierbei eher ungeduldig bin, habe ich die T\u00fcllstreifen nach reinem Augenma\u00df zugeschnitten. Dies tut der Sch\u00f6nheit der fertigen Pompoms meiner Meinung nach keinen Abbruch. Wer pingelig ist darf hierzu gerne ein Lineal oder Ma\u00dfband zur Hilfe nehmen.<\/p>\n<p style=\"text-align: center;\"><a href=\"http:\/\/www.sabine-seyffert.de\/blog\/wp-content\/uploads\/2014\/02\/T\u00fcll-7.jpg\"><img loading=\"lazy\" decoding=\"async\" class=\"alignnone size-full wp-image-3706\" src=\"http:\/\/www.sabine-seyffert.de\/blog\/wp-content\/uploads\/2014\/02\/T\u00fcll-7.jpg\" alt=\"T\u00fcll 7\" width=\"800\" height=\"600\" srcset=\"https:\/\/www.sabine-seyffert.de\/blog\/wp-content\/uploads\/2014\/02\/T\u00fcll-7.jpg 800w, https:\/\/www.sabine-seyffert.de\/blog\/wp-content\/uploads\/2014\/02\/T\u00fcll-7-300x225.jpg 300w\" sizes=\"auto, (max-width: 800px) 100vw, 800px\" \/><\/a><\/p>\n<p style=\"text-align: justify;\">Pro Pompom habe ich 2 doppellagige Streifen T\u00fcll ben\u00f6tigt, die nacheinander gleichm\u00e4\u00dfig um die beiden Pappkreise gewickelt wurden. Ist alles umwickelt sticht man mit der Schere zwischen die beiden Pappkreise und schneidet den gewickelten T\u00fcll rundherum auseinander. Nun bindet man mittig ein St\u00fcck Kordel zwischen die Pappkreise und zieht diese ganz fest zusammen. Um die Pompoms sp\u00e4ter allesamt auff\u00e4deln zu k\u00f6nnen, habe ich die Kordelenden als kleine Schlaufen verknotet.<\/p>\n<p style=\"text-align: center;\"><a href=\"http:\/\/www.sabine-seyffert.de\/blog\/wp-content\/uploads\/2014\/02\/T\u00fcll-8.jpg\"><img loading=\"lazy\" decoding=\"async\" class=\"alignnone size-full wp-image-3707\" src=\"http:\/\/www.sabine-seyffert.de\/blog\/wp-content\/uploads\/2014\/02\/T\u00fcll-8.jpg\" alt=\"T\u00fcll 8\" width=\"800\" height=\"600\" srcset=\"https:\/\/www.sabine-seyffert.de\/blog\/wp-content\/uploads\/2014\/02\/T\u00fcll-8.jpg 800w, https:\/\/www.sabine-seyffert.de\/blog\/wp-content\/uploads\/2014\/02\/T\u00fcll-8-300x225.jpg 300w\" sizes=\"auto, (max-width: 800px) 100vw, 800px\" \/><\/a><\/p>\n<p style=\"text-align: justify;\">Sind all die bunten T\u00fcllkugeln fertig, f\u00e4delt man diese auf eine lange Schnur und kann diese als Girlande nutzen, als kugelige T\u00fclltraube an der Wand oder auch eine Art Kranz damit binden.<\/p>\n<p style=\"text-align: center;\"><a href=\"http:\/\/www.sabine-seyffert.de\/blog\/wp-content\/uploads\/2014\/02\/T\u00fcll-10.jpg\"><img loading=\"lazy\" decoding=\"async\" class=\"alignnone size-full wp-image-3708\" src=\"http:\/\/www.sabine-seyffert.de\/blog\/wp-content\/uploads\/2014\/02\/T\u00fcll-10.jpg\" alt=\"T\u00fcll 10\" width=\"800\" height=\"600\" srcset=\"https:\/\/www.sabine-seyffert.de\/blog\/wp-content\/uploads\/2014\/02\/T\u00fcll-10.jpg 800w, https:\/\/www.sabine-seyffert.de\/blog\/wp-content\/uploads\/2014\/02\/T\u00fcll-10-300x225.jpg 300w\" sizes=\"auto, (max-width: 800px) 100vw, 800px\" \/><\/a><\/p>\n<p style=\"text-align: justify;\"><strong>Ein kleiner Tipp:<\/strong><br \/>\nDiese selbstgemachte Girlande ist nicht nur an <a href=\"http:\/\/www.sabine-seyffert.de\/blog\/?cat=26\" target=\"_blank\">Karneval<\/a> ein schriller Hit!<\/p>\n<p style=\"text-align: center;\"><a href=\"http:\/\/www.sabine-seyffert.de\/blog\/wp-content\/uploads\/2014\/02\/T\u00fcll-i9.jpg\"><img loading=\"lazy\" decoding=\"async\" class=\"alignnone size-full wp-image-3709\" src=\"http:\/\/www.sabine-seyffert.de\/blog\/wp-content\/uploads\/2014\/02\/T\u00fcll-i9.jpg\" alt=\"T\u00fcll i9\" width=\"800\" height=\"600\" srcset=\"https:\/\/www.sabine-seyffert.de\/blog\/wp-content\/uploads\/2014\/02\/T\u00fcll-i9.jpg 800w, https:\/\/www.sabine-seyffert.de\/blog\/wp-content\/uploads\/2014\/02\/T\u00fcll-i9-300x225.jpg 300w\" sizes=\"auto, (max-width: 800px) 100vw, 800px\" \/><\/a><\/p>\n<p style=\"text-align: justify;\">Und ab damit zum <a href=\"http:\/\/www.creadienstag.de\/2013\/12\/112.html\" target=\"_blank\">Creadienstag<\/a>&#8230;<br \/>\n<a href=\"http:\/\/www.sabine-seyffert.de\/blog\/?page_id=32#urheberrecht\">urheberrechtlich gesch\u00fctzt<\/a>, \u00a9 Sabine Seyffert<\/p>\n<p style=\"text-align: justify;\">\n","protected":false},"excerpt":{"rendered":"<p>Bei den Planungen f\u00fcr ein feierliches Event war etwas Deko von N\u00f6ten. Und die sollte m\u00f6glichst ins Auge fallen. Normalerweise mag ich es nicht sonderlich grell oder gar kitschig, aber hier sind offenbar die Ideen einfach mit mir durchgegangen\u2026 Nur gut, dass man die Deko nach dem Fest wieder in einer gro\u00dfen Kisten verstauen kann&#8230; <a href=\"https:\/\/www.sabine-seyffert.de\/blog\/bunt-und-schrill\/\" class=\"more-link\">Read more: Bunt und schrill<\/a><\/p>\n","protected":false},"author":2,"featured_media":0,"comment_status":"open","ping_status":"open","sticky":false,"template":"","format":"standard","meta":{"_metis_text_type":"","_metis_text_length":2775,"_post_count":0,"footnotes":""},"categories":[12,26,21],"tags":[],"class_list":["post-3698","post","type-post","status-publish","format-standard","hentry","category-deko-ideen","category-karneval","category-kinderfeste-partys"],"_links":{"self":[{"href":"https:\/\/www.sabine-seyffert.de\/blog\/wp-json\/wp\/v2\/posts\/3698","targetHints":{"allow":["GET"]}}],"collection":[{"href":"https:\/\/www.sabine-seyffert.de\/blog\/wp-json\/wp\/v2\/posts"}],"about":[{"href":"https:\/\/www.sabine-seyffert.de\/blog\/wp-json\/wp\/v2\/types\/post"}],"author":[{"embeddable":true,"href":"https:\/\/www.sabine-seyffert.de\/blog\/wp-json\/wp\/v2\/users\/2"}],"replies":[{"embeddable":true,"href":"https:\/\/www.sabine-seyffert.de\/blog\/wp-json\/wp\/v2\/comments?post=3698"}],"version-history":[{"count":7,"href":"https:\/\/www.sabine-seyffert.de\/blog\/wp-json\/wp\/v2\/posts\/3698\/revisions"}],"predecessor-version":[{"id":9764,"href":"https:\/\/www.sabine-seyffert.de\/blog\/wp-json\/wp\/v2\/posts\/3698\/revisions\/9764"}],"wp:attachment":[{"href":"https:\/\/www.sabine-seyffert.de\/blog\/wp-json\/wp\/v2\/media?parent=3698"}],"wp:term":[{"taxonomy":"category","embeddable":true,"href":"https:\/\/www.sabine-seyffert.de\/blog\/wp-json\/wp\/v2\/categories?post=3698"},{"taxonomy":"post_tag","embeddable":true,"href":"https:\/\/www.sabine-seyffert.de\/blog\/wp-json\/wp\/v2\/tags?post=3698"}],"curies":[{"name":"wp","href":"https:\/\/api.w.org\/{rel}","templated":true}]}}