{"id":3682,"date":"2014-02-24T07:55:36","date_gmt":"2014-02-24T05:55:36","guid":{"rendered":"http:\/\/www.sabine-seyffert.de\/blog\/?p=3682"},"modified":"2017-03-02T19:39:37","modified_gmt":"2017-03-02T17:39:37","slug":"suesses-zum-mittag-mhhh","status":"publish","type":"post","link":"https:\/\/www.sabine-seyffert.de\/blog\/suesses-zum-mittag-mhhh\/","title":{"rendered":"S\u00fc\u00dfes zum Mittag, mhhh\u2026"},"content":{"rendered":"<p style=\"text-align: justify;\"><img loading=\"lazy\" decoding=\"async\" src=\"https:\/\/ssl-vg03.met.vgwort.de\/na\/ce45bfe278224336afada3505133e7a3\" alt=\"\" width=\"1\" height=\"1\" \/><br \/>\nAb und an darf gerne mal etwas S\u00fc\u00dfes zum Mittagessen auf den Teller wandern. Schlie\u00dflich m\u00f6chte der Hei\u00dfhunger auf S\u00fc\u00dfes hier und dort gestillt werden \ud83d\ude09<br \/>\nUnd damit das schlechte Gewissen wenigstens ein bisschen beruhigt ist, k\u00f6nnte man das Mittagss\u00fc\u00df vielleicht mit etwas Fruchtigem kombinieren? Mal \u00fcberlegen\u2026<\/p>\n<p style=\"text-align: center;\"><a href=\"http:\/\/www.sabine-seyffert.de\/blog\/wp-content\/uploads\/2014\/02\/Kaiser-1.jpg\"><img loading=\"lazy\" decoding=\"async\" class=\"alignnone size-full wp-image-3683\" src=\"http:\/\/www.sabine-seyffert.de\/blog\/wp-content\/uploads\/2014\/02\/Kaiser-1.jpg\" alt=\"Kaiser 1\" width=\"800\" height=\"600\" srcset=\"https:\/\/www.sabine-seyffert.de\/blog\/wp-content\/uploads\/2014\/02\/Kaiser-1.jpg 800w, https:\/\/www.sabine-seyffert.de\/blog\/wp-content\/uploads\/2014\/02\/Kaiser-1-300x225.jpg 300w\" sizes=\"auto, (max-width: 800px) 100vw, 800px\" \/><\/a><\/p>\n<p style=\"text-align: justify;\">Hatte ich nicht bei <a href=\"http:\/\/fraeulein-trollblume.blogspot.de\/2014\/01\/kochen-spatzle-mal-anders.html\" target=\"_blank\">Fr\u00e4ulein Trollblume<\/a> vor kurzem ein s\u00fc\u00dfes Rezept mit Mohn entdeckt, der hier bei fast allen sehr beliebt ist? Zeit um ein ganz neues Rezept auszuprobieren hatte ich nicht, aber eine passende Alternativ: Wie w\u00e4re ein fruchtiger Kaiserschmarren mit Mohn?<\/p>\n<p style=\"text-align: center;\"><a href=\"http:\/\/www.sabine-seyffert.de\/blog\/wp-content\/uploads\/2014\/02\/Kaiser-2.jpg\"><img loading=\"lazy\" decoding=\"async\" class=\"alignnone size-full wp-image-3684\" src=\"http:\/\/www.sabine-seyffert.de\/blog\/wp-content\/uploads\/2014\/02\/Kaiser-2.jpg\" alt=\"Kaiser 2\" width=\"800\" height=\"600\" srcset=\"https:\/\/www.sabine-seyffert.de\/blog\/wp-content\/uploads\/2014\/02\/Kaiser-2.jpg 800w, https:\/\/www.sabine-seyffert.de\/blog\/wp-content\/uploads\/2014\/02\/Kaiser-2-300x225.jpg 300w\" sizes=\"auto, (max-width: 800px) 100vw, 800px\" \/><\/a><\/p>\n<p style=\"text-align: justify;\"><strong>Das wird gebraucht:<\/strong><br \/>\nCa. 800 gr Mehl, 5-6 Eier, 800ml Milch (alternativ kann man auch Sojamilch oder Wasser verwenden), 1 Vanillezucker, 1-2 Tropfen Bittermandel Aroma, 150-200 gr. Zucker, Fett f\u00fcr die Pfanne, 100 gr gemahlener Mohn, 500 gr Kirschen (in meinem Fall waren es tiefgefrorene), 500 gr Vanillepudding<\/p>\n<p style=\"text-align: center;\"><a href=\"http:\/\/www.sabine-seyffert.de\/blog\/wp-content\/uploads\/2014\/02\/Kaiser-3.jpg\"><img loading=\"lazy\" decoding=\"async\" class=\"alignnone size-full wp-image-3685\" src=\"http:\/\/www.sabine-seyffert.de\/blog\/wp-content\/uploads\/2014\/02\/Kaiser-3.jpg\" alt=\"Kaiser 3\" width=\"800\" height=\"600\" srcset=\"https:\/\/www.sabine-seyffert.de\/blog\/wp-content\/uploads\/2014\/02\/Kaiser-3.jpg 800w, https:\/\/www.sabine-seyffert.de\/blog\/wp-content\/uploads\/2014\/02\/Kaiser-3-300x225.jpg 300w\" sizes=\"auto, (max-width: 800px) 100vw, 800px\" \/><\/a><\/p>\n<p style=\"text-align: justify;\"><strong>So wird\u2019s gemacht:<\/strong><br \/>\nDen Kaiserschmarren bereitet Ihr zu wie <a href=\"http:\/\/www.sabine-seyffert.de\/blog\/?p=1901\" target=\"_blank\">hier<\/a> ausf\u00fchrlich beschrieben. Bei dieser Variante wird statt der Mandeln einfach gemahlener Mohn mit in den Teig ger\u00fchrt.<\/p>\n<p style=\"text-align: center;\"><a href=\"http:\/\/www.sabine-seyffert.de\/blog\/wp-content\/uploads\/2014\/02\/Kaiser-4.jpg\"><img loading=\"lazy\" decoding=\"async\" class=\"alignnone size-full wp-image-3686\" src=\"http:\/\/www.sabine-seyffert.de\/blog\/wp-content\/uploads\/2014\/02\/Kaiser-4.jpg\" alt=\"Kaiser 4\" width=\"800\" height=\"600\" srcset=\"https:\/\/www.sabine-seyffert.de\/blog\/wp-content\/uploads\/2014\/02\/Kaiser-4.jpg 800w, https:\/\/www.sabine-seyffert.de\/blog\/wp-content\/uploads\/2014\/02\/Kaiser-4-300x225.jpg 300w\" sizes=\"auto, (max-width: 800px) 100vw, 800px\" \/><\/a><\/p>\n<p style=\"text-align: justify;\">Au\u00dferdem braucht ihr einen kleinen Topf, in dem ihr die tiefgefrorenen Kirschen auftaut und erw\u00e4rmt. Wem die Kirschen so zu sauer sind, kann noch einen Essl\u00f6ffel Zucker oder Honig beim Erw\u00e4rmen dazu geben.<\/p>\n<p style=\"text-align: center;\"><a href=\"http:\/\/www.sabine-seyffert.de\/blog\/wp-content\/uploads\/2014\/02\/Kaiser-5.jpg\"><img loading=\"lazy\" decoding=\"async\" class=\"alignnone size-full wp-image-3687\" src=\"http:\/\/www.sabine-seyffert.de\/blog\/wp-content\/uploads\/2014\/02\/Kaiser-5.jpg\" alt=\"Kaiser 5\" width=\"800\" height=\"600\" srcset=\"https:\/\/www.sabine-seyffert.de\/blog\/wp-content\/uploads\/2014\/02\/Kaiser-5.jpg 800w, https:\/\/www.sabine-seyffert.de\/blog\/wp-content\/uploads\/2014\/02\/Kaiser-5-300x225.jpg 300w\" sizes=\"auto, (max-width: 800px) 100vw, 800px\" \/><\/a><\/p>\n<p style=\"text-align: justify;\">Ist alles fertig, richtet man den Kaiserschmarren auf den Tellern an, gibt einen L\u00f6ffel Pudding dazu und eine kleine Kelle von den hei\u00dfen Kirschen. Wer Mohn so gerne isst wie wir, kann auch noch etwas gemahlenen Mohn dar\u00fcber streuen. Das sieht nicht nur k\u00f6stlich aus, sondern schmeckt auch prima \ud83d\ude42<\/p>\n<p style=\"text-align: center;\"><a href=\"http:\/\/www.sabine-seyffert.de\/blog\/wp-content\/uploads\/2014\/02\/Kaiser-6.jpg\"><img loading=\"lazy\" decoding=\"async\" class=\"alignnone size-full wp-image-3688\" src=\"http:\/\/www.sabine-seyffert.de\/blog\/wp-content\/uploads\/2014\/02\/Kaiser-6.jpg\" alt=\"Kaiser 6\" width=\"800\" height=\"600\" srcset=\"https:\/\/www.sabine-seyffert.de\/blog\/wp-content\/uploads\/2014\/02\/Kaiser-6.jpg 800w, https:\/\/www.sabine-seyffert.de\/blog\/wp-content\/uploads\/2014\/02\/Kaiser-6-300x225.jpg 300w\" sizes=\"auto, (max-width: 800px) 100vw, 800px\" \/><\/a><\/p>\n<p style=\"text-align: justify;\"><strong>Ein kleiner Tipp:<\/strong><br \/>\nIm Sommer kann man dieses Rezept nat\u00fcrlich ganz wunderbar mit frischen Kirschen zubereiten!<\/p>\n<p style=\"text-align: center;\"><a href=\"http:\/\/www.sabine-seyffert.de\/blog\/wp-content\/uploads\/2014\/02\/Kaiser-7.jpg\"><img loading=\"lazy\" decoding=\"async\" class=\"alignnone size-full wp-image-3689\" src=\"http:\/\/www.sabine-seyffert.de\/blog\/wp-content\/uploads\/2014\/02\/Kaiser-7.jpg\" alt=\"Kaiser 7\" width=\"800\" height=\"600\" srcset=\"https:\/\/www.sabine-seyffert.de\/blog\/wp-content\/uploads\/2014\/02\/Kaiser-7.jpg 800w, https:\/\/www.sabine-seyffert.de\/blog\/wp-content\/uploads\/2014\/02\/Kaiser-7-300x225.jpg 300w\" sizes=\"auto, (max-width: 800px) 100vw, 800px\" \/><\/a><\/p>\n<p>Dann w\u00fcnsche ich allen einen guten Appetit und einen tollen Start in die neue Woche!<\/p>\n<p style=\"text-align: center;\"><a href=\"http:\/\/www.sabine-seyffert.de\/blog\/wp-content\/uploads\/2014\/02\/Kaiser-8.jpg\"><img loading=\"lazy\" decoding=\"async\" class=\"alignnone size-full wp-image-3690\" src=\"http:\/\/www.sabine-seyffert.de\/blog\/wp-content\/uploads\/2014\/02\/Kaiser-8.jpg\" alt=\"Kaiser 8\" width=\"800\" height=\"600\" srcset=\"https:\/\/www.sabine-seyffert.de\/blog\/wp-content\/uploads\/2014\/02\/Kaiser-8.jpg 800w, https:\/\/www.sabine-seyffert.de\/blog\/wp-content\/uploads\/2014\/02\/Kaiser-8-300x225.jpg 300w\" sizes=\"auto, (max-width: 800px) 100vw, 800px\" \/><\/a><\/p>\n<p>Wer weitere s\u00fc\u00dfe Rezepte sucht, kann gerne mal in dieser <a href=\"http:\/\/www.sabine-seyffert.de\/blog\/?cat=31\" target=\"_blank\">Rubrik<\/a> st\u00f6bern.<br \/>\n<a href=\"http:\/\/www.sabine-seyffert.de\/blog\/?page_id=32#urheberrecht\">urheberrechtlich gesch\u00fctzt<\/a>, \u00a9 Sabine Seyffert<\/p>\n","protected":false},"excerpt":{"rendered":"<p>Ab und an darf gerne mal etwas S\u00fc\u00dfes zum Mittagessen auf den Teller wandern. Schlie\u00dflich m\u00f6chte der Hei\u00dfhunger auf S\u00fc\u00dfes hier und dort gestillt werden \ud83d\ude09 Und damit das schlechte Gewissen wenigstens ein bisschen beruhigt ist, k\u00f6nnte man das Mittagss\u00fc\u00df vielleicht mit etwas Fruchtigem kombinieren? Mal \u00fcberlegen\u2026 Hatte ich nicht bei Fr\u00e4ulein Trollblume vor kurzem&#8230; <a href=\"https:\/\/www.sabine-seyffert.de\/blog\/suesses-zum-mittag-mhhh\/\" class=\"more-link\">Read more: S\u00fc\u00dfes zum Mittag, mhhh\u2026<\/a><\/p>\n","protected":false},"author":2,"featured_media":0,"comment_status":"open","ping_status":"open","sticky":false,"template":"","format":"standard","meta":{"_metis_text_type":"","_metis_text_length":1892,"_post_count":0,"footnotes":""},"categories":[31],"tags":[],"class_list":["post-3682","post","type-post","status-publish","format-standard","hentry","category-rezepte-suse-kuchen-co"],"_links":{"self":[{"href":"https:\/\/www.sabine-seyffert.de\/blog\/wp-json\/wp\/v2\/posts\/3682","targetHints":{"allow":["GET"]}}],"collection":[{"href":"https:\/\/www.sabine-seyffert.de\/blog\/wp-json\/wp\/v2\/posts"}],"about":[{"href":"https:\/\/www.sabine-seyffert.de\/blog\/wp-json\/wp\/v2\/types\/post"}],"author":[{"embeddable":true,"href":"https:\/\/www.sabine-seyffert.de\/blog\/wp-json\/wp\/v2\/users\/2"}],"replies":[{"embeddable":true,"href":"https:\/\/www.sabine-seyffert.de\/blog\/wp-json\/wp\/v2\/comments?post=3682"}],"version-history":[{"count":8,"href":"https:\/\/www.sabine-seyffert.de\/blog\/wp-json\/wp\/v2\/posts\/3682\/revisions"}],"predecessor-version":[{"id":3696,"href":"https:\/\/www.sabine-seyffert.de\/blog\/wp-json\/wp\/v2\/posts\/3682\/revisions\/3696"}],"wp:attachment":[{"href":"https:\/\/www.sabine-seyffert.de\/blog\/wp-json\/wp\/v2\/media?parent=3682"}],"wp:term":[{"taxonomy":"category","embeddable":true,"href":"https:\/\/www.sabine-seyffert.de\/blog\/wp-json\/wp\/v2\/categories?post=3682"},{"taxonomy":"post_tag","embeddable":true,"href":"https:\/\/www.sabine-seyffert.de\/blog\/wp-json\/wp\/v2\/tags?post=3682"}],"curies":[{"name":"wp","href":"https:\/\/api.w.org\/{rel}","templated":true}]}}