{"id":3641,"date":"2014-02-17T10:30:38","date_gmt":"2014-02-17T08:30:38","guid":{"rendered":"http:\/\/www.sabine-seyffert.de\/blog\/?p=3641"},"modified":"2017-03-02T19:41:48","modified_gmt":"2017-03-02T17:41:48","slug":"knuspriger-kartoffelgratin","status":"publish","type":"post","link":"https:\/\/www.sabine-seyffert.de\/blog\/knuspriger-kartoffelgratin\/","title":{"rendered":"Knuspriger Kartoffelgratin"},"content":{"rendered":"<p style=\"text-align: justify;\"><img loading=\"lazy\" decoding=\"async\" src=\"https:\/\/ssl-vg03.met.vgwort.de\/na\/d68bd4fc10ea4e54b42f139991812a31\" alt=\"\" width=\"1\" height=\"1\" \/>Wenn ich mittags etwas mehr Zeit zum Kochen habe, mache ich allen mit einem frisch zubereiteten Kartoffelgratin eine gro\u00dfe Freude. Allerdings kostet dies wirklich Zeit und die sollte man unbedingt mit einplanen, damit der Gratin ausreichend im Ofen garen kann.<\/p>\n<p style=\"text-align: center;\"><a href=\"http:\/\/www.sabine-seyffert.de\/blog\/wp-content\/uploads\/2014\/02\/Kart-1.jpg\"><img loading=\"lazy\" decoding=\"async\" class=\"size-full wp-image-3642\" src=\"http:\/\/www.sabine-seyffert.de\/blog\/wp-content\/uploads\/2014\/02\/Kart-1.jpg\" alt=\"Kart 1\" width=\"800\" height=\"600\" srcset=\"https:\/\/www.sabine-seyffert.de\/blog\/wp-content\/uploads\/2014\/02\/Kart-1.jpg 800w, https:\/\/www.sabine-seyffert.de\/blog\/wp-content\/uploads\/2014\/02\/Kart-1-300x225.jpg 300w\" sizes=\"auto, (max-width: 800px) 100vw, 800px\" \/><\/a><\/p>\n<p style=\"text-align: justify;\"><strong>Das wird gebraucht:<\/strong><\/p>\n<p style=\"text-align: justify;\">2 Kilo Kartoffeln, 400 gr geriebenen K\u00e4se, 200 gr. Kr\u00e4uter Creme Fraiche, Kr\u00e4utersalz, Pfeffer, 200 gr. fl\u00fcssige Sahne, Fett f\u00fcr die Auflaufform<\/p>\n<p style=\"text-align: center;\"><a href=\"http:\/\/www.sabine-seyffert.de\/blog\/wp-content\/uploads\/2014\/02\/Kart-2.jpg\"><img loading=\"lazy\" decoding=\"async\" class=\"alignnone size-full wp-image-3643\" src=\"http:\/\/www.sabine-seyffert.de\/blog\/wp-content\/uploads\/2014\/02\/Kart-2.jpg\" alt=\"Kart 2\" width=\"800\" height=\"600\" srcset=\"https:\/\/www.sabine-seyffert.de\/blog\/wp-content\/uploads\/2014\/02\/Kart-2.jpg 800w, https:\/\/www.sabine-seyffert.de\/blog\/wp-content\/uploads\/2014\/02\/Kart-2-300x225.jpg 300w\" sizes=\"auto, (max-width: 800px) 100vw, 800px\" \/><\/a><\/p>\n<p style=\"text-align: justify;\"><strong>So wird\u2019s gemacht:<\/strong><\/p>\n<p style=\"text-align: justify;\">Als erstes sch\u00e4lt man die Kartoffelberge und schneidet diese in m\u00f6glichst d\u00fcnne Scheiben.<\/p>\n<p style=\"text-align: center;\"><a href=\"http:\/\/www.sabine-seyffert.de\/blog\/wp-content\/uploads\/2014\/02\/Kart-3.jpg\"><img loading=\"lazy\" decoding=\"async\" class=\"alignnone size-full wp-image-3644\" src=\"http:\/\/www.sabine-seyffert.de\/blog\/wp-content\/uploads\/2014\/02\/Kart-3.jpg\" alt=\"Kart 3\" width=\"800\" height=\"600\" srcset=\"https:\/\/www.sabine-seyffert.de\/blog\/wp-content\/uploads\/2014\/02\/Kart-3.jpg 800w, https:\/\/www.sabine-seyffert.de\/blog\/wp-content\/uploads\/2014\/02\/Kart-3-300x225.jpg 300w\" sizes=\"auto, (max-width: 800px) 100vw, 800px\" \/><\/a><\/p>\n<p style=\"text-align: justify;\">Etwa 200 gr des geriebenen K\u00e4se stellt man zur Seite.<\/p>\n<p style=\"text-align: center;\"><a href=\"http:\/\/www.sabine-seyffert.de\/blog\/wp-content\/uploads\/2014\/02\/Kart-4.jpg\"><img loading=\"lazy\" decoding=\"async\" class=\"alignnone size-full wp-image-3645\" src=\"http:\/\/www.sabine-seyffert.de\/blog\/wp-content\/uploads\/2014\/02\/Kart-4.jpg\" alt=\"Kart 4\" width=\"800\" height=\"600\" srcset=\"https:\/\/www.sabine-seyffert.de\/blog\/wp-content\/uploads\/2014\/02\/Kart-4.jpg 800w, https:\/\/www.sabine-seyffert.de\/blog\/wp-content\/uploads\/2014\/02\/Kart-4-300x225.jpg 300w\" sizes=\"auto, (max-width: 800px) 100vw, 800px\" \/><\/a><\/p>\n<p style=\"text-align: justify;\">Dann fettet man die Auflaufform und kann mit dem Schichten der Zutaten beginnen: Eine Schicht Kartoffeln, die man m\u00f6glicht eng nebeneinander platziert, dann eine handvoll geriebenen K\u00e4se dar\u00fcber verteilen. Als n\u00e4chstet gibt man gleichm\u00e4\u00dfig Kr\u00e4utersalz und frisch gemahlenen Pfeffer dar\u00fcber. Anschlie\u00dfend beginnt man wieder mit den Kartoffeln, bis die Auflaufform gef\u00fcllt und alle Zutaten verbraucht wurden (au\u00dfer den 200 gr K\u00e4se, die man zum \u00dcberbacken ben\u00f6tigt!).<\/p>\n<p style=\"text-align: center;\"><a href=\"http:\/\/www.sabine-seyffert.de\/blog\/wp-content\/uploads\/2014\/02\/Kart-5.jpg\"><img loading=\"lazy\" decoding=\"async\" class=\"alignnone size-full wp-image-3646\" src=\"http:\/\/www.sabine-seyffert.de\/blog\/wp-content\/uploads\/2014\/02\/Kart-5.jpg\" alt=\"Kart 5\" width=\"800\" height=\"600\" srcset=\"https:\/\/www.sabine-seyffert.de\/blog\/wp-content\/uploads\/2014\/02\/Kart-5.jpg 800w, https:\/\/www.sabine-seyffert.de\/blog\/wp-content\/uploads\/2014\/02\/Kart-5-300x225.jpg 300w\" sizes=\"auto, (max-width: 800px) 100vw, 800px\" \/><\/a><\/p>\n<p style=\"text-align: justify;\">Nun verr\u00fchrt man das Creme Fraiche mit der Sahne und kippt diese m\u00f6glichst so \u00fcber die geschichteten Kartoffeln, dass sich die So\u00dfe gleichm\u00e4\u00dfig verteilt.<\/p>\n<p style=\"text-align: center;\"><a href=\"http:\/\/www.sabine-seyffert.de\/blog\/wp-content\/uploads\/2014\/02\/Kart-6.jpg\"><img loading=\"lazy\" decoding=\"async\" class=\"alignnone size-full wp-image-3647\" src=\"http:\/\/www.sabine-seyffert.de\/blog\/wp-content\/uploads\/2014\/02\/Kart-6.jpg\" alt=\"Kart 6\" width=\"800\" height=\"600\" srcset=\"https:\/\/www.sabine-seyffert.de\/blog\/wp-content\/uploads\/2014\/02\/Kart-6.jpg 800w, https:\/\/www.sabine-seyffert.de\/blog\/wp-content\/uploads\/2014\/02\/Kart-6-300x225.jpg 300w\" sizes=\"auto, (max-width: 800px) 100vw, 800px\" \/><\/a><\/p>\n<p style=\"text-align: justify;\">Jetzt deckt man die Auflaufform mit einem passenden Deckel oder etwas Alufolie ab und b\u00e4ckt den Gratin bei 200\u00b0 Grad f\u00fcr ca. 50 Minuten.<\/p>\n<p style=\"text-align: center;\"><a href=\"http:\/\/www.sabine-seyffert.de\/blog\/wp-content\/uploads\/2014\/02\/Kart-7.jpg\"><img loading=\"lazy\" decoding=\"async\" class=\"alignnone size-full wp-image-3649\" src=\"http:\/\/www.sabine-seyffert.de\/blog\/wp-content\/uploads\/2014\/02\/Kart-7.jpg\" alt=\"Kart 7\" width=\"794\" height=\"597\" srcset=\"https:\/\/www.sabine-seyffert.de\/blog\/wp-content\/uploads\/2014\/02\/Kart-7.jpg 794w, https:\/\/www.sabine-seyffert.de\/blog\/wp-content\/uploads\/2014\/02\/Kart-7-300x225.jpg 300w\" sizes=\"auto, (max-width: 794px) 100vw, 794px\" \/><\/a><\/p>\n<p style=\"text-align: justify;\">Nun deckt man den Auflauf ab und gibt die restlichen 200 gr. geriebenen K\u00e4se gleichm\u00e4\u00dfig dar\u00fcber. Der Gratin sollte nun nochmals rund 20 Minuten backen, bis der K\u00e4se oben leicht gebr\u00e4unt ist.<\/p>\n<p style=\"text-align: center;\"><a href=\"http:\/\/www.sabine-seyffert.de\/blog\/wp-content\/uploads\/2014\/02\/Kart-8.jpg\"><img loading=\"lazy\" decoding=\"async\" class=\"alignnone size-full wp-image-3650\" src=\"http:\/\/www.sabine-seyffert.de\/blog\/wp-content\/uploads\/2014\/02\/Kart-8.jpg\" alt=\"Kart 8\" width=\"800\" height=\"600\" srcset=\"https:\/\/www.sabine-seyffert.de\/blog\/wp-content\/uploads\/2014\/02\/Kart-8.jpg 800w, https:\/\/www.sabine-seyffert.de\/blog\/wp-content\/uploads\/2014\/02\/Kart-8-300x225.jpg 300w\" sizes=\"auto, (max-width: 800px) 100vw, 800px\" \/><\/a><\/p>\n<p style=\"text-align: justify;\"><strong>Ein kleiner Tipp:<\/strong><\/p>\n<p style=\"text-align: justify;\">Zu dem Gratin schmeckt eigentlich fast jede Art von Gem\u00fcse und l\u00e4sst er sich recht einfach kombinieren. Kleinen Gem\u00fcsemuffeln schmeckt er \u00fcbrigens auch \u201esolo\u201c wunderbar \u2013 ohne jede Beilage!<\/p>\n<p style=\"text-align: center;\"><a href=\"http:\/\/www.sabine-seyffert.de\/blog\/wp-content\/uploads\/2014\/02\/Kart-9.jpg\"><img loading=\"lazy\" decoding=\"async\" class=\"alignnone size-full wp-image-3651\" src=\"http:\/\/www.sabine-seyffert.de\/blog\/wp-content\/uploads\/2014\/02\/Kart-9.jpg\" alt=\"Kart 9\" width=\"800\" height=\"573\" srcset=\"https:\/\/www.sabine-seyffert.de\/blog\/wp-content\/uploads\/2014\/02\/Kart-9.jpg 800w, https:\/\/www.sabine-seyffert.de\/blog\/wp-content\/uploads\/2014\/02\/Kart-9-300x214.jpg 300w\" sizes=\"auto, (max-width: 800px) 100vw, 800px\" \/><\/a><\/p>\n<p style=\"text-align: justify;\">Wer mal Lust auf eine w\u00fcrzigere Gratin Variante hat, kann <a href=\"http:\/\/www.sabine-seyffert.de\/blog\/?p=1031\" target=\"_blank\">dieses Rezept<\/a> einmal ausprobieren!<\/p>\n<p style=\"text-align: center;\"><a href=\"http:\/\/www.sabine-seyffert.de\/blog\/wp-content\/uploads\/2014\/02\/Kart-10.jpg\"><img loading=\"lazy\" decoding=\"async\" class=\"alignnone size-full wp-image-3652\" src=\"http:\/\/www.sabine-seyffert.de\/blog\/wp-content\/uploads\/2014\/02\/Kart-10.jpg\" alt=\"Kart 10\" width=\"800\" height=\"600\" srcset=\"https:\/\/www.sabine-seyffert.de\/blog\/wp-content\/uploads\/2014\/02\/Kart-10.jpg 800w, https:\/\/www.sabine-seyffert.de\/blog\/wp-content\/uploads\/2014\/02\/Kart-10-300x225.jpg 300w\" sizes=\"auto, (max-width: 800px) 100vw, 800px\" \/><\/a><\/p>\n<p style=\"text-align: justify;\">Andere herzhafte Rezepte gibt es \u00fcbrigens in <a href=\"http:\/\/www.sabine-seyffert.de\/blog\/?cat=30\" target=\"_blank\">dieser Rubrik<\/a>.<\/p>\n<p style=\"text-align: justify;\">Ich w\u00fcnsche allen einen guten Start in die neue Woche \ud83d\ude42<\/p>\n<p><a href=\"http:\/\/www.sabine-seyffert.de\/blog\/?page_id=32#urheberrecht\">urheberrechtlich gesch\u00fctzt<\/a>, \u00a9 Sabine Seyffert<\/p>\n","protected":false},"excerpt":{"rendered":"<p>Wenn ich mittags etwas mehr Zeit zum Kochen habe, mache ich allen mit einem frisch zubereiteten Kartoffelgratin eine gro\u00dfe Freude. Allerdings kostet dies wirklich Zeit und die sollte man unbedingt mit einplanen, damit der Gratin ausreichend im Ofen garen kann. Das wird gebraucht: 2 Kilo Kartoffeln, 400 gr geriebenen K\u00e4se, 200 gr. Kr\u00e4uter Creme Fraiche,&#8230; <a href=\"https:\/\/www.sabine-seyffert.de\/blog\/knuspriger-kartoffelgratin\/\" class=\"more-link\">Read more: Knuspriger Kartoffelgratin<\/a><\/p>\n","protected":false},"author":2,"featured_media":0,"comment_status":"open","ping_status":"open","sticky":false,"template":"","format":"standard","meta":{"_metis_text_type":"","_metis_text_length":1999,"_post_count":0,"footnotes":""},"categories":[30],"tags":[],"class_list":["post-3641","post","type-post","status-publish","format-standard","hentry","category-rezepte-herzhaft"],"_links":{"self":[{"href":"https:\/\/www.sabine-seyffert.de\/blog\/wp-json\/wp\/v2\/posts\/3641","targetHints":{"allow":["GET"]}}],"collection":[{"href":"https:\/\/www.sabine-seyffert.de\/blog\/wp-json\/wp\/v2\/posts"}],"about":[{"href":"https:\/\/www.sabine-seyffert.de\/blog\/wp-json\/wp\/v2\/types\/post"}],"author":[{"embeddable":true,"href":"https:\/\/www.sabine-seyffert.de\/blog\/wp-json\/wp\/v2\/users\/2"}],"replies":[{"embeddable":true,"href":"https:\/\/www.sabine-seyffert.de\/blog\/wp-json\/wp\/v2\/comments?post=3641"}],"version-history":[{"count":9,"href":"https:\/\/www.sabine-seyffert.de\/blog\/wp-json\/wp\/v2\/posts\/3641\/revisions"}],"predecessor-version":[{"id":9769,"href":"https:\/\/www.sabine-seyffert.de\/blog\/wp-json\/wp\/v2\/posts\/3641\/revisions\/9769"}],"wp:attachment":[{"href":"https:\/\/www.sabine-seyffert.de\/blog\/wp-json\/wp\/v2\/media?parent=3641"}],"wp:term":[{"taxonomy":"category","embeddable":true,"href":"https:\/\/www.sabine-seyffert.de\/blog\/wp-json\/wp\/v2\/categories?post=3641"},{"taxonomy":"post_tag","embeddable":true,"href":"https:\/\/www.sabine-seyffert.de\/blog\/wp-json\/wp\/v2\/tags?post=3641"}],"curies":[{"name":"wp","href":"https:\/\/api.w.org\/{rel}","templated":true}]}}