{"id":356,"date":"2013-02-11T07:52:51","date_gmt":"2013-02-11T05:52:51","guid":{"rendered":"http:\/\/www.sabine-seyffert.de\/blog\/?p=356"},"modified":"2017-03-06T20:54:24","modified_gmt":"2017-03-06T18:54:24","slug":"entspannungsratsel-fur-karneval","status":"publish","type":"post","link":"https:\/\/www.sabine-seyffert.de\/blog\/entspannungsratsel-fur-karneval\/","title":{"rendered":"Entspannungsr\u00e4tsel f\u00fcr Karneval"},"content":{"rendered":"<p style=\"text-align: justify;\"><img loading=\"lazy\" decoding=\"async\" src=\"https:\/\/ssl-vg03.met.vgwort.de\/na\/88531c83cb6b4ceeb3c21c2bee70cff3\" alt=\"\" width=\"1\" height=\"1\" \/>Wenn du nun deine Augen schlie\u00dft, stell dir mal vor du wohnst in einem pr\u00e4chtigen Schloss\u2026 Ein richtig tolles Schloss, wie aus einem richtigen M\u00e4rchen\u2026 Dort schl\u00e4fst du in einem wundersch\u00f6nen Himmelbett auf einem Kissen aus weichem Samt\u2026 Morgens, wenn du wach wirst, schl\u00fcpfst du in ein zauberhaftes Kleid\u2026 Das Kleid ist lang und aus den sch\u00f6nsten Stoffen gen\u00e4ht, die es im ganzen Land gibt. Ein Schneider hat es extra f\u00fcr dich gen\u00e4ht und es passt dir daher wie angegossen\u2026 Auf deinem Kopf sitzt eine kleine Krone, die glitzert und gl\u00e4nzt, weil sie mit zahlreichen Edelsteinen besetzt ist\u2026 Am Nachmittag spielst du im Schlossgarten am Springbrunnen\u2026 Manchmal f\u00e4hrst du auch mit der k\u00f6niglichen Kutsche spazieren\u2026 Die Kutsche wird von schneewei\u00dfen Pferden gezogen\u2026 Heute Abend findet am Hofe der diesj\u00e4hrige Ball statt\u2026 Daf\u00fcr kommen G\u00e4ste von Nah und Fern\u2026 Dein Abendkleid h\u00e4ngt schon in deinem Zimmer bereit und das beste Paar Tanzschuhe ist frisch geputzt\u2026<\/p>\n<p style=\"text-align: center;\"><a href=\"http:\/\/www.sabine-seyffert.de\/blog\/wp-content\/uploads\/2013\/02\/Prinzessin-Copy.jpg\"><img loading=\"lazy\" decoding=\"async\" class=\"alignnone size-full wp-image-357\" src=\"http:\/\/www.sabine-seyffert.de\/blog\/wp-content\/uploads\/2013\/02\/Prinzessin-Copy.jpg\" alt=\"Prinzessin Copy\" width=\"657\" height=\"869\" \/><\/a><\/p>\n<p style=\"text-align: justify;\">Hast du erraten, wer du in diesem R\u00e4tsel gewesen bist?<\/p>\n<p style=\"text-align: justify;\"><i>Eine Prinzessin<\/i><\/p>\n<p style=\"text-align: justify;\">Schlie\u00dfe nun deine Augen\u2026 Wenn dich nichts mehr st\u00f6rt, dann stell dir doch einfach mal vor, deine Haut ist leicht gebr\u00e4unt\u2026 So gebr\u00e4unt, wie die Sonne es tut, wenn man den ganzen Tag Drau\u00dfen verbringt\u2026 Dein Haar ist schwarz und ganz lang\u2026 Du tr\u00e4gst meist bunte Federn als Kopfschmuck oder flechtest dir bunte Perlen in dein dunkles Haar\u2026 Deine Kleidung ist bequem und aus d\u00fcnnem Leder gemacht\u2026 Du bist ein ganz geschickter Reiter und liebst Pferde \u00fcber alles\u2026 Au\u00dferdem kannst du schleichen, so leise und lautlos wie eine Katze\u2026 Abends sitzt du gerne mit anderen um ein gem\u00fctliches Lagerfeuer und blickst hinauf in den abendlichen Himmel zu den Sternen\u2026 Wenn du m\u00fcde bist und dich schlafen legst, ziehst du dich in dein Zelt zur\u00fcck, dass man auch Tipi nennt\u2026<\/p>\n<p><a href=\"http:\/\/www.sabine-seyffert.de\/blog\/wp-content\/uploads\/2013\/02\/Indianer-Copy-2.jpg\"><img loading=\"lazy\" decoding=\"async\" class=\"size-full wp-image-358 aligncenter\" src=\"http:\/\/www.sabine-seyffert.de\/blog\/wp-content\/uploads\/2013\/02\/Indianer-Copy-2.jpg\" alt=\"Indianer Copy 2\" width=\"646\" height=\"580\" srcset=\"https:\/\/www.sabine-seyffert.de\/blog\/wp-content\/uploads\/2013\/02\/Indianer-Copy-2.jpg 686w, https:\/\/www.sabine-seyffert.de\/blog\/wp-content\/uploads\/2013\/02\/Indianer-Copy-2-300x269.jpg 300w\" sizes=\"auto, (max-width: 646px) 100vw, 646px\" \/><\/a><\/p>\n<p style=\"text-align: justify;\">Na, sicher hast du l\u00e4ngst erraten, wer du in diesem R\u00e4tsel warst\u2026<\/p>\n<p style=\"text-align: justify;\"><i>Ein Indianer<\/i><\/p>\n<p><a href=\"http:\/\/www.sabine-seyffert.de\/blog\/?page_id=32#urheberrecht\">urherrechtlich gesch\u00fctzt<\/a>, \u00a9 Sabine Seyffert<\/p>\n","protected":false},"excerpt":{"rendered":"<p>Wenn du nun deine Augen schlie\u00dft, stell dir mal vor du wohnst in einem pr\u00e4chtigen Schloss\u2026 Ein richtig tolles Schloss, wie aus einem richtigen M\u00e4rchen\u2026 Dort schl\u00e4fst du in einem wundersch\u00f6nen Himmelbett auf einem Kissen aus weichem Samt\u2026 Morgens, wenn du wach wirst, schl\u00fcpfst du in ein zauberhaftes Kleid\u2026 Das Kleid ist lang und aus&#8230; <a href=\"https:\/\/www.sabine-seyffert.de\/blog\/entspannungsratsel-fur-karneval\/\" class=\"more-link\">Read more: Entspannungsr\u00e4tsel f\u00fcr Karneval<\/a><\/p>\n","protected":false},"author":1,"featured_media":0,"comment_status":"open","ping_status":"open","sticky":false,"template":"","format":"standard","meta":{"_metis_text_type":"","_metis_text_length":1909,"_post_count":0,"footnotes":""},"categories":[2,26],"tags":[],"class_list":["post-356","post","type-post","status-publish","format-standard","hentry","category-entspannungsratsel","category-karneval"],"_links":{"self":[{"href":"https:\/\/www.sabine-seyffert.de\/blog\/wp-json\/wp\/v2\/posts\/356","targetHints":{"allow":["GET"]}}],"collection":[{"href":"https:\/\/www.sabine-seyffert.de\/blog\/wp-json\/wp\/v2\/posts"}],"about":[{"href":"https:\/\/www.sabine-seyffert.de\/blog\/wp-json\/wp\/v2\/types\/post"}],"author":[{"embeddable":true,"href":"https:\/\/www.sabine-seyffert.de\/blog\/wp-json\/wp\/v2\/users\/1"}],"replies":[{"embeddable":true,"href":"https:\/\/www.sabine-seyffert.de\/blog\/wp-json\/wp\/v2\/comments?post=356"}],"version-history":[{"count":16,"href":"https:\/\/www.sabine-seyffert.de\/blog\/wp-json\/wp\/v2\/posts\/356\/revisions"}],"predecessor-version":[{"id":9923,"href":"https:\/\/www.sabine-seyffert.de\/blog\/wp-json\/wp\/v2\/posts\/356\/revisions\/9923"}],"wp:attachment":[{"href":"https:\/\/www.sabine-seyffert.de\/blog\/wp-json\/wp\/v2\/media?parent=356"}],"wp:term":[{"taxonomy":"category","embeddable":true,"href":"https:\/\/www.sabine-seyffert.de\/blog\/wp-json\/wp\/v2\/categories?post=356"},{"taxonomy":"post_tag","embeddable":true,"href":"https:\/\/www.sabine-seyffert.de\/blog\/wp-json\/wp\/v2\/tags?post=356"}],"curies":[{"name":"wp","href":"https:\/\/api.w.org\/{rel}","templated":true}]}}