{"id":3547,"date":"2014-01-28T07:24:01","date_gmt":"2014-01-28T05:24:01","guid":{"rendered":"http:\/\/www.sabine-seyffert.de\/blog\/?p=3547"},"modified":"2017-03-02T19:47:07","modified_gmt":"2017-03-02T17:47:07","slug":"ein-kleines-dankeschoen-diy","status":"publish","type":"post","link":"https:\/\/www.sabine-seyffert.de\/blog\/ein-kleines-dankeschoen-diy\/","title":{"rendered":"Ein kleines Dankesch\u00f6n \/ DIY"},"content":{"rendered":"<p style=\"text-align: justify;\"><img loading=\"lazy\" decoding=\"async\" src=\"https:\/\/ssl-vg03.met.vgwort.de\/na\/b040a96d68a14e6fad521c79362d8227\" alt=\"\" width=\"1\" height=\"1\" \/><br \/>\nEinige von Euch wissen bereits, dass die Schule meiner j\u00fcngsten Tochter umziehen musste. Einer der Nachteile ist, das das Geb\u00e4ude, in das die Schule f\u00fcr die n\u00e4chsten Jahre ausweichen muss, fast 5 Kilometer vom jetzigen Standpunkt Ort entfernt liegt. Zu Fu\u00df ist die Schule also f\u00fcr die Kinder nicht mehr erreichbar. Somit war die Aufregung und Gedr\u00e4nge am ersten Tag riesig und der Schulbus im Gegensatz dazu sehr klein.<\/p>\n<p style=\"text-align: center;\"><a href=\"http:\/\/www.sabine-seyffert.de\/blog\/wp-content\/uploads\/2014\/01\/Bus-1.jpg\"><img loading=\"lazy\" decoding=\"async\" class=\"alignnone size-full wp-image-3549\" src=\"http:\/\/www.sabine-seyffert.de\/blog\/wp-content\/uploads\/2014\/01\/Bus-1.jpg\" alt=\"Bus 1\" width=\"800\" height=\"600\" srcset=\"https:\/\/www.sabine-seyffert.de\/blog\/wp-content\/uploads\/2014\/01\/Bus-1.jpg 800w, https:\/\/www.sabine-seyffert.de\/blog\/wp-content\/uploads\/2014\/01\/Bus-1-300x225.jpg 300w\" sizes=\"auto, (max-width: 800px) 100vw, 800px\" \/><\/a><\/p>\n<p style=\"text-align: justify;\">Den Umzug und die damit verbundene Situation m\u00f6chte ich hier nicht weiter thematisieren. Dennoch wollte ich Euch das kleine Dankesch\u00f6n zeigen, was wir f\u00fcr den Busfahrer gebastelt haben. Ein solches Dankesch\u00f6n oder Mitbringsel braucht man immer mal wieder und mit etwas Fantasie l\u00e4sst sich dieses dem gew\u00fcnschten Anlass entsprechend nat\u00fcrlich abwandeln.<\/p>\n<p style=\"text-align: center;\"><a href=\"http:\/\/www.sabine-seyffert.de\/blog\/wp-content\/uploads\/2014\/01\/Bus-2.jpg\"><img loading=\"lazy\" decoding=\"async\" class=\"alignnone size-full wp-image-3550\" src=\"http:\/\/www.sabine-seyffert.de\/blog\/wp-content\/uploads\/2014\/01\/Bus-2.jpg\" alt=\"Bus 2\" width=\"800\" height=\"600\" srcset=\"https:\/\/www.sabine-seyffert.de\/blog\/wp-content\/uploads\/2014\/01\/Bus-2.jpg 800w, https:\/\/www.sabine-seyffert.de\/blog\/wp-content\/uploads\/2014\/01\/Bus-2-300x225.jpg 300w\" sizes=\"auto, (max-width: 800px) 100vw, 800px\" \/><\/a><\/p>\n<p style=\"text-align: justify;\"><strong>Das wird gebraucht:<\/strong><br \/>\nEin leeren Marmeladenglas, etwas Seidenpapier, einen Holzspatel, ggf. Farbe und einen Pinsel, ein Foto oder ausgeschnittenes, f\u00fcr den Anlass passendes Motiv, Klebstoff, Schere, ein kleines St\u00fcck Tonkarton, Kordel und ein paar S\u00fc\u00dfigkeiten zum Bef\u00fcllen<\/p>\n<p style=\"text-align: center;\"><a href=\"http:\/\/www.sabine-seyffert.de\/blog\/wp-content\/uploads\/2014\/01\/Bus-3.jpg\"><img loading=\"lazy\" decoding=\"async\" class=\"alignnone size-full wp-image-3552\" src=\"http:\/\/www.sabine-seyffert.de\/blog\/wp-content\/uploads\/2014\/01\/Bus-3.jpg\" alt=\"Bus 3\" width=\"800\" height=\"600\" srcset=\"https:\/\/www.sabine-seyffert.de\/blog\/wp-content\/uploads\/2014\/01\/Bus-3.jpg 800w, https:\/\/www.sabine-seyffert.de\/blog\/wp-content\/uploads\/2014\/01\/Bus-3-300x225.jpg 300w\" sizes=\"auto, (max-width: 800px) 100vw, 800px\" \/><\/a><\/p>\n<p style=\"text-align: justify;\"><strong>So wird\u2019s gemacht:<\/strong><br \/>\nZuerst w\u00e4hlt man das zum Anlass passende Motiv aus. In unserem Fall war es ein Foto vom <a href=\"http:\/\/www.sabine-seyffert.de\/blog\/?p=2491\" target=\"_blank\">Schulwegtraining<\/a>. Daraus wollten wir ein \u201eStra\u00dfenschild\u201c basteln. Damit es realistischer aussieht, haben wir den Spatel mit wei\u00dfer Farbe bemalt.<\/p>\n<p style=\"text-align: center;\"><a href=\"http:\/\/www.sabine-seyffert.de\/blog\/wp-content\/uploads\/2014\/01\/Bus-4.jpg\"><img loading=\"lazy\" decoding=\"async\" class=\"alignnone size-full wp-image-3553\" src=\"http:\/\/www.sabine-seyffert.de\/blog\/wp-content\/uploads\/2014\/01\/Bus-4.jpg\" alt=\"Bus 4\" width=\"800\" height=\"714\" srcset=\"https:\/\/www.sabine-seyffert.de\/blog\/wp-content\/uploads\/2014\/01\/Bus-4.jpg 800w, https:\/\/www.sabine-seyffert.de\/blog\/wp-content\/uploads\/2014\/01\/Bus-4-300x267.jpg 300w\" sizes=\"auto, (max-width: 800px) 100vw, 800px\" \/><\/a><\/p>\n<p style=\"text-align: justify;\">Dann schneidet man das Motiv aus. Um dies zu stabilisieren ben\u00f6tigt man ein passendes Pendant aus Tonkarton. Das ausgeschnittene Motiv kann man daf\u00fcr auf den Karton legen und vorsichtig mit einem Bleistift den Umriss aufzeichnen.<\/p>\n<p style=\"text-align: center;\"><a href=\"http:\/\/www.sabine-seyffert.de\/blog\/wp-content\/uploads\/2014\/01\/Bus-5.jpg\"><img loading=\"lazy\" decoding=\"async\" class=\"alignnone size-full wp-image-3554\" src=\"http:\/\/www.sabine-seyffert.de\/blog\/wp-content\/uploads\/2014\/01\/Bus-5.jpg\" alt=\"Bus 5\" width=\"600\" height=\"800\" srcset=\"https:\/\/www.sabine-seyffert.de\/blog\/wp-content\/uploads\/2014\/01\/Bus-5.jpg 600w, https:\/\/www.sabine-seyffert.de\/blog\/wp-content\/uploads\/2014\/01\/Bus-5-225x300.jpg 225w\" sizes=\"auto, (max-width: 600px) 100vw, 600px\" \/><\/a><\/p>\n<p style=\"text-align: justify;\">Anschlie\u00dfend bestreicht man das Motiv auf der R\u00fcckseite mit Kleber, legt das obere Ende des Spatels hinein und dr\u00fcckt dann als R\u00fcckseite die ausgeschnittene Tonkartonh\u00e4lfte dagegen.<\/p>\n<p style=\"text-align: center;\"><a href=\"http:\/\/www.sabine-seyffert.de\/blog\/wp-content\/uploads\/2014\/01\/Bus-65.jpg\"><img loading=\"lazy\" decoding=\"async\" class=\"alignnone size-full wp-image-3555\" src=\"http:\/\/www.sabine-seyffert.de\/blog\/wp-content\/uploads\/2014\/01\/Bus-65.jpg\" alt=\"Bus 6,5\" width=\"800\" height=\"600\" srcset=\"https:\/\/www.sabine-seyffert.de\/blog\/wp-content\/uploads\/2014\/01\/Bus-65.jpg 800w, https:\/\/www.sabine-seyffert.de\/blog\/wp-content\/uploads\/2014\/01\/Bus-65-300x225.jpg 300w\" sizes=\"auto, (max-width: 800px) 100vw, 800px\" \/><\/a><\/p>\n<p style=\"text-align: justify;\">Damit der Beschenkte nicht gleich sieht, was im Glas zu finden ist, habe ich dieses mit Seidenpapier ausgekleidet. Nun kann das Glas mit S\u00fc\u00dfigkeiten bef\u00fcllt und mit dem Deckel verschlossen werden. Jetzt platziert man das gebastelte Schild vor dem Glas, wickelt etwas Kordel darum und knotet diese zusammen.<\/p>\n<p><a href=\"http:\/\/www.sabine-seyffert.de\/blog\/wp-content\/uploads\/2014\/01\/Bus-6.jpg\"><img loading=\"lazy\" decoding=\"async\" class=\"size-full wp-image-3556 aligncenter\" src=\"http:\/\/www.sabine-seyffert.de\/blog\/wp-content\/uploads\/2014\/01\/Bus-6.jpg\" alt=\"Bus 6\" width=\"800\" height=\"636\" srcset=\"https:\/\/www.sabine-seyffert.de\/blog\/wp-content\/uploads\/2014\/01\/Bus-6.jpg 800w, https:\/\/www.sabine-seyffert.de\/blog\/wp-content\/uploads\/2014\/01\/Bus-6-300x238.jpg 300w\" sizes=\"auto, (max-width: 800px) 100vw, 800px\" \/><\/a><br \/>\nIn unserem Fall habe ich noch ein selbstgemachtes Etikett mit dem Schriftzug \u201eDanke\u201c daran befestigt.<\/p>\n<p style=\"text-align: center;\"><a href=\"http:\/\/www.sabine-seyffert.de\/blog\/wp-content\/uploads\/2014\/01\/Bus-7.jpg\"><img loading=\"lazy\" decoding=\"async\" class=\"alignnone size-full wp-image-3557\" src=\"http:\/\/www.sabine-seyffert.de\/blog\/wp-content\/uploads\/2014\/01\/Bus-7.jpg\" alt=\"Bus 7\" width=\"600\" height=\"881\" srcset=\"https:\/\/www.sabine-seyffert.de\/blog\/wp-content\/uploads\/2014\/01\/Bus-7.jpg 600w, https:\/\/www.sabine-seyffert.de\/blog\/wp-content\/uploads\/2014\/01\/Bus-7-204x300.jpg 204w\" sizes=\"auto, (max-width: 600px) 100vw, 600px\" \/><\/a><\/p>\n<p style=\"text-align: left;\">Wie jeden Dienstag tummeln sich bei <a href=\"http:\/\/www.creadienstag.de\/2013\/12\/108.html\" target=\"_blank\">Anke<\/a> weitere, kreative Ideen!<\/p>\n<p><a href=\"http:\/\/www.sabine-seyffert.de\/blog\/?page_id=32#urheberrecht\">urheberrechtlich gesch\u00fctzt<\/a>, \u00a9 Sabine Seyffert<\/p>\n","protected":false},"excerpt":{"rendered":"<p>Einige von Euch wissen bereits, dass die Schule meiner j\u00fcngsten Tochter umziehen musste. Einer der Nachteile ist, das das Geb\u00e4ude, in das die Schule f\u00fcr die n\u00e4chsten Jahre ausweichen muss, fast 5 Kilometer vom jetzigen Standpunkt Ort entfernt liegt. Zu Fu\u00df ist die Schule also f\u00fcr die Kinder nicht mehr erreichbar. Somit war die Aufregung&#8230; <a href=\"https:\/\/www.sabine-seyffert.de\/blog\/ein-kleines-dankeschoen-diy\/\" class=\"more-link\">Read more: Ein kleines Dankesch\u00f6n \/ DIY<\/a><\/p>\n","protected":false},"author":2,"featured_media":0,"comment_status":"open","ping_status":"open","sticky":false,"template":"","format":"standard","meta":{"_metis_text_type":"","_metis_text_length":2228,"_post_count":0,"footnotes":""},"categories":[36,47],"tags":[],"class_list":["post-3547","post","type-post","status-publish","format-standard","hentry","category-klitzekleine-geschenkideen","category-upcyceltes"],"_links":{"self":[{"href":"https:\/\/www.sabine-seyffert.de\/blog\/wp-json\/wp\/v2\/posts\/3547","targetHints":{"allow":["GET"]}}],"collection":[{"href":"https:\/\/www.sabine-seyffert.de\/blog\/wp-json\/wp\/v2\/posts"}],"about":[{"href":"https:\/\/www.sabine-seyffert.de\/blog\/wp-json\/wp\/v2\/types\/post"}],"author":[{"embeddable":true,"href":"https:\/\/www.sabine-seyffert.de\/blog\/wp-json\/wp\/v2\/users\/2"}],"replies":[{"embeddable":true,"href":"https:\/\/www.sabine-seyffert.de\/blog\/wp-json\/wp\/v2\/comments?post=3547"}],"version-history":[{"count":6,"href":"https:\/\/www.sabine-seyffert.de\/blog\/wp-json\/wp\/v2\/posts\/3547\/revisions"}],"predecessor-version":[{"id":5862,"href":"https:\/\/www.sabine-seyffert.de\/blog\/wp-json\/wp\/v2\/posts\/3547\/revisions\/5862"}],"wp:attachment":[{"href":"https:\/\/www.sabine-seyffert.de\/blog\/wp-json\/wp\/v2\/media?parent=3547"}],"wp:term":[{"taxonomy":"category","embeddable":true,"href":"https:\/\/www.sabine-seyffert.de\/blog\/wp-json\/wp\/v2\/categories?post=3547"},{"taxonomy":"post_tag","embeddable":true,"href":"https:\/\/www.sabine-seyffert.de\/blog\/wp-json\/wp\/v2\/tags?post=3547"}],"curies":[{"name":"wp","href":"https:\/\/api.w.org\/{rel}","templated":true}]}}