{"id":3472,"date":"2014-01-10T10:28:43","date_gmt":"2014-01-10T08:28:43","guid":{"rendered":"http:\/\/www.sabine-seyffert.de\/blog\/?p=3472"},"modified":"2015-09-21T19:04:52","modified_gmt":"2015-09-21T17:04:52","slug":"willkommen-im-januar","status":"publish","type":"post","link":"https:\/\/www.sabine-seyffert.de\/blog\/willkommen-im-januar\/","title":{"rendered":"Willkommen im Januar"},"content":{"rendered":"<p style=\"text-align: justify;\"><img loading=\"lazy\" decoding=\"async\" src=\"https:\/\/ssl-vg03.met.vgwort.de\/na\/a6b572af9a6a4acb9ec59a457b8ae729\" alt=\"\" width=\"1\" height=\"1\" \/>Das neue Jahr hat begonnen und die Ferien sind hier seit zwei Tagen vorbei. Somit erwacht bei uns der Alltag langsam aus dem \u201eWinterschlaf\u201c. Daher w\u00fcnsche ich euch ein rundum gl\u00fcckliches, gesundes und harmonisches Jahr 2014, das hoffentlich reichlich Sonnenschein und eine gro\u00dfe Portion an erfreulichen, wohltuenden Lichtblicken f\u00fcr alle von Euch bereit halten wird.<\/p>\n<p style=\"text-align: justify;\"><a href=\"http:\/\/www.sabine-seyffert.de\/blog\/wp-content\/uploads\/2014\/01\/Aussicht-1.jpg\"><img loading=\"lazy\" decoding=\"async\" class=\"alignnone size-full wp-image-3473\" src=\"http:\/\/www.sabine-seyffert.de\/blog\/wp-content\/uploads\/2014\/01\/Aussicht-1.jpg\" alt=\"Aussicht 1\" width=\"800\" height=\"560\" srcset=\"https:\/\/www.sabine-seyffert.de\/blog\/wp-content\/uploads\/2014\/01\/Aussicht-1.jpg 800w, https:\/\/www.sabine-seyffert.de\/blog\/wp-content\/uploads\/2014\/01\/Aussicht-1-300x210.jpg 300w\" sizes=\"auto, (max-width: 800px) 100vw, 800px\" \/><\/a><\/p>\n<p style=\"text-align: justify;\">An dieser Stelle m\u00f6chte ich mich noch \u00fcber die liebe Weihnachtspost, die vielen Mails und Gr\u00fc\u00dfe zum Jahreswechsel bedanken, \u00fcber die ich mich ausgesprochen gefreut habe.<\/p>\n<p style=\"text-align: justify;\">Da ich derzeit mitten in einem neuen Buchprojekt stecke, dessen Abgabetermin in K\u00fcrze ansteht, war es hier in den letzten Wochen ruhig. Nun ist das Ende des Projekts in greifbarer N\u00e4he, so dass ich hoffentlich wieder etwas mehr Zeit f\u00fcr diesen Blog finde.<\/p>\n<p style=\"text-align: justify;\">Bis dahin hei\u00dfe ich den Januar herzlich willkommen und w\u00fcnsche euch allen ein ganz entspanntes Wochenende mit viel winterlichem Himmelblau und sch\u00f6nen Aussichten&#8230;<\/p>\n<p style=\"text-align: justify;\">Liebe Januargr\u00fc\u00dfe,<\/p>\n<p style=\"text-align: justify;\">Sabine<\/p>\n<p><a href=\"http:\/\/www.sabine-seyffert.de\/blog\/?page_id=32#urheberrecht\">urheberrechtlich gesch\u00fctzt<\/a>, \u00a9 Sabine Seyffert<\/p>\n","protected":false},"excerpt":{"rendered":"<p>Das neue Jahr hat begonnen und die Ferien sind hier seit zwei Tagen vorbei. Somit erwacht bei uns der Alltag langsam aus dem \u201eWinterschlaf\u201c. Daher w\u00fcnsche ich euch ein rundum gl\u00fcckliches, gesundes und harmonisches Jahr 2014, das hoffentlich reichlich Sonnenschein und eine gro\u00dfe Portion an erfreulichen, wohltuenden Lichtblicken f\u00fcr alle von Euch bereit halten wird&#8230;. <a href=\"https:\/\/www.sabine-seyffert.de\/blog\/willkommen-im-januar\/\" class=\"more-link\">Read more: Willkommen im Januar<\/a><\/p>\n","protected":false},"author":2,"featured_media":0,"comment_status":"open","ping_status":"open","sticky":false,"template":"","format":"standard","meta":{"_metis_text_type":"","_metis_text_length":1033,"_post_count":0,"footnotes":""},"categories":[22],"tags":[],"class_list":["post-3472","post","type-post","status-publish","format-standard","hentry","category-winter"],"_links":{"self":[{"href":"https:\/\/www.sabine-seyffert.de\/blog\/wp-json\/wp\/v2\/posts\/3472","targetHints":{"allow":["GET"]}}],"collection":[{"href":"https:\/\/www.sabine-seyffert.de\/blog\/wp-json\/wp\/v2\/posts"}],"about":[{"href":"https:\/\/www.sabine-seyffert.de\/blog\/wp-json\/wp\/v2\/types\/post"}],"author":[{"embeddable":true,"href":"https:\/\/www.sabine-seyffert.de\/blog\/wp-json\/wp\/v2\/users\/2"}],"replies":[{"embeddable":true,"href":"https:\/\/www.sabine-seyffert.de\/blog\/wp-json\/wp\/v2\/comments?post=3472"}],"version-history":[{"count":10,"href":"https:\/\/www.sabine-seyffert.de\/blog\/wp-json\/wp\/v2\/posts\/3472\/revisions"}],"predecessor-version":[{"id":6158,"href":"https:\/\/www.sabine-seyffert.de\/blog\/wp-json\/wp\/v2\/posts\/3472\/revisions\/6158"}],"wp:attachment":[{"href":"https:\/\/www.sabine-seyffert.de\/blog\/wp-json\/wp\/v2\/media?parent=3472"}],"wp:term":[{"taxonomy":"category","embeddable":true,"href":"https:\/\/www.sabine-seyffert.de\/blog\/wp-json\/wp\/v2\/categories?post=3472"},{"taxonomy":"post_tag","embeddable":true,"href":"https:\/\/www.sabine-seyffert.de\/blog\/wp-json\/wp\/v2\/tags?post=3472"}],"curies":[{"name":"wp","href":"https:\/\/api.w.org\/{rel}","templated":true}]}}