{"id":3464,"date":"2013-12-24T11:25:06","date_gmt":"2013-12-24T09:25:06","guid":{"rendered":"http:\/\/www.sabine-seyffert.de\/blog\/?p=3464"},"modified":"2013-12-24T11:25:06","modified_gmt":"2013-12-24T09:25:06","slug":"lichterglanz-und-weihnachtszauber","status":"publish","type":"post","link":"https:\/\/www.sabine-seyffert.de\/blog\/lichterglanz-und-weihnachtszauber\/","title":{"rendered":"Lichterglanz und Weihnachtszauber\u2026"},"content":{"rendered":"<p style=\"text-align: justify;\"><img loading=\"lazy\" decoding=\"async\" src=\"https:\/\/ssl-vg03.met.vgwort.de\/na\/a6b572af9a6a4acb9ec59a457b8ae729\" alt=\"\" width=\"1\" height=\"1\" \/>\u2026liegt \u00fcberall in der Luft. Man kann ihn deutlich sp\u00fcren, f\u00fchlen und auch sehen. Somit ist es h\u00f6chste Zeit Euch allen ein wundersch\u00f6nes Weihnachtsfest zu w\u00fcnschen. Strahlende Kinderaugen, die auch unsere Herzen zum Leuchten bringen, herrlich duftende Weihnachtspl\u00e4tzchen und ein Hauch von Tannenduft, der zart durch die Luft schwebt.<br \/>\nGenie\u00dft die Zeit in vollen Z\u00fcgen, die Ruhe und den Frieden, vor allem im Kreise derjenigen, die euch am Herzen liegen!<\/p>\n<p style=\"text-align: center;\"><a href=\"http:\/\/www.sabine-seyffert.de\/blog\/wp-content\/uploads\/2013\/12\/Hagen-7.jpg\"><img loading=\"lazy\" decoding=\"async\" class=\"alignnone size-full wp-image-3465\" alt=\"Hagen 7\" src=\"http:\/\/www.sabine-seyffert.de\/blog\/wp-content\/uploads\/2013\/12\/Hagen-7.jpg\" width=\"600\" height=\"800\" srcset=\"https:\/\/www.sabine-seyffert.de\/blog\/wp-content\/uploads\/2013\/12\/Hagen-7.jpg 600w, https:\/\/www.sabine-seyffert.de\/blog\/wp-content\/uploads\/2013\/12\/Hagen-7-225x300.jpg 225w\" sizes=\"auto, (max-width: 600px) 100vw, 600px\" \/><\/a><\/p>\n<p style=\"text-align: justify;\">Au\u00dferdem m\u00f6chte ich zum Jahresende all meinen Lesern danken, die meinen Blog im Laufe des Jahres mit Neugier verfolgt, mit Interesse gelesen, sich Zeit f\u00fcr liebe Worte genommen oder auch gezeigte Ideen nach eigenen Vorstellungen umgesetzt und ausprobiert haben. Ganz lieben Dank daf\u00fcr!<\/p>\n<p style=\"text-align: justify;\">Bevor ich mich in die Weihnachtspause verabschiede, schicke ich noch eine Prise vom weihnachtlichen Zauber direkt zu Euch\u2026<\/p>\n<p style=\"text-align: justify;\">Ganz entspannte Weihnachtsgr\u00fc\u00dfe,<\/p>\n<p style=\"text-align: justify;\">Sabine<\/p>\n<p style=\"text-align: center;\"><a href=\"http:\/\/www.sabine-seyffert.de\/blog\/wp-content\/uploads\/2013\/12\/Hagen-6.jpg\"><img loading=\"lazy\" decoding=\"async\" class=\"alignnone size-full wp-image-3466\" alt=\"Hagen 6\" src=\"http:\/\/www.sabine-seyffert.de\/blog\/wp-content\/uploads\/2013\/12\/Hagen-6.jpg\" width=\"600\" height=\"800\" srcset=\"https:\/\/www.sabine-seyffert.de\/blog\/wp-content\/uploads\/2013\/12\/Hagen-6.jpg 600w, https:\/\/www.sabine-seyffert.de\/blog\/wp-content\/uploads\/2013\/12\/Hagen-6-225x300.jpg 225w\" sizes=\"auto, (max-width: 600px) 100vw, 600px\" \/><\/a><\/p>\n<p style=\"text-align: justify;\"><a href=\"http:\/\/www.sabine-seyffert.de\/blog\/?page_id=32#urheberrecht\">urheberrechtlich gesch\u00fctzt<\/a>, \u00a9 Sabine Seyffert<\/p>\n","protected":false},"excerpt":{"rendered":"<p>\u2026liegt \u00fcberall in der Luft. Man kann ihn deutlich sp\u00fcren, f\u00fchlen und auch sehen. Somit ist es h\u00f6chste Zeit Euch allen ein wundersch\u00f6nes Weihnachtsfest zu w\u00fcnschen. Strahlende Kinderaugen, die auch unsere Herzen zum Leuchten bringen, herrlich duftende Weihnachtspl\u00e4tzchen und ein Hauch von Tannenduft, der zart durch die Luft schwebt. Genie\u00dft die Zeit in vollen Z\u00fcgen,&#8230; <a href=\"https:\/\/www.sabine-seyffert.de\/blog\/lichterglanz-und-weihnachtszauber\/\" class=\"more-link\">Read more: Lichterglanz und Weihnachtszauber\u2026<\/a><\/p>\n","protected":false},"author":2,"featured_media":0,"comment_status":"open","ping_status":"open","sticky":false,"template":"","format":"standard","meta":{"_metis_text_type":"","_metis_text_length":947,"_post_count":0,"footnotes":""},"categories":[41],"tags":[],"class_list":["post-3464","post","type-post","status-publish","format-standard","hentry","category-weihnachten"],"_links":{"self":[{"href":"https:\/\/www.sabine-seyffert.de\/blog\/wp-json\/wp\/v2\/posts\/3464","targetHints":{"allow":["GET"]}}],"collection":[{"href":"https:\/\/www.sabine-seyffert.de\/blog\/wp-json\/wp\/v2\/posts"}],"about":[{"href":"https:\/\/www.sabine-seyffert.de\/blog\/wp-json\/wp\/v2\/types\/post"}],"author":[{"embeddable":true,"href":"https:\/\/www.sabine-seyffert.de\/blog\/wp-json\/wp\/v2\/users\/2"}],"replies":[{"embeddable":true,"href":"https:\/\/www.sabine-seyffert.de\/blog\/wp-json\/wp\/v2\/comments?post=3464"}],"version-history":[{"count":2,"href":"https:\/\/www.sabine-seyffert.de\/blog\/wp-json\/wp\/v2\/posts\/3464\/revisions"}],"predecessor-version":[{"id":3468,"href":"https:\/\/www.sabine-seyffert.de\/blog\/wp-json\/wp\/v2\/posts\/3464\/revisions\/3468"}],"wp:attachment":[{"href":"https:\/\/www.sabine-seyffert.de\/blog\/wp-json\/wp\/v2\/media?parent=3464"}],"wp:term":[{"taxonomy":"category","embeddable":true,"href":"https:\/\/www.sabine-seyffert.de\/blog\/wp-json\/wp\/v2\/categories?post=3464"},{"taxonomy":"post_tag","embeddable":true,"href":"https:\/\/www.sabine-seyffert.de\/blog\/wp-json\/wp\/v2\/tags?post=3464"}],"curies":[{"name":"wp","href":"https:\/\/api.w.org\/{rel}","templated":true}]}}