{"id":3448,"date":"2013-12-20T10:28:49","date_gmt":"2013-12-20T08:28:49","guid":{"rendered":"http:\/\/www.sabine-seyffert.de\/blog\/?p=3448"},"modified":"2015-09-21T18:35:07","modified_gmt":"2015-09-21T16:35:07","slug":"mein-12-blick-im-dezember","status":"publish","type":"post","link":"https:\/\/www.sabine-seyffert.de\/blog\/mein-12-blick-im-dezember\/","title":{"rendered":"Mein 12. Blick im Dezember"},"content":{"rendered":"<p style=\"text-align: center;\"><img loading=\"lazy\" decoding=\"async\" src=\"https:\/\/ssl-vg03.met.vgwort.de\/na\/a6b572af9a6a4acb9ec59a457b8ae729\" alt=\"\" width=\"1\" height=\"1\" \/><a href=\"http:\/\/www.sabine-seyffert.de\/blog\/wp-content\/uploads\/2013\/12\/12.-Blick-landschaft-6.jpg\"><img loading=\"lazy\" decoding=\"async\" class=\"alignnone size-full wp-image-3449\" src=\"http:\/\/www.sabine-seyffert.de\/blog\/wp-content\/uploads\/2013\/12\/12.-Blick-landschaft-6.jpg\" alt=\"12. Blick landschaft 6\" width=\"800\" height=\"600\" srcset=\"https:\/\/www.sabine-seyffert.de\/blog\/wp-content\/uploads\/2013\/12\/12.-Blick-landschaft-6.jpg 800w, https:\/\/www.sabine-seyffert.de\/blog\/wp-content\/uploads\/2013\/12\/12.-Blick-landschaft-6-300x225.jpg 300w\" sizes=\"auto, (max-width: 800px) 100vw, 800px\" \/><\/a><\/p>\n<p style=\"text-align: justify;\">Ob Ihr es glaubt oder nicht \u2013 um die Fotos f\u00fcr meinen 12. Blick im Dezember zu bekommen, habe ich mich ganze drei Mal auf den Weg machen m\u00fcssen. Inzwischen glaube ich, dass es am Abschiedsschmerz liegt. Abschied zu nehmen f\u00e4llt mir in diesem Fall nicht leicht und was eher durch einen Zufall im Januar begann, ist mir in der Zwischenzeit doch sehr ans Herz gewachsen.<\/p>\n<p style=\"text-align: center;\"><a href=\"http:\/\/www.sabine-seyffert.de\/blog\/wp-content\/uploads\/2013\/12\/12.-Blick-landschaft-5.jpg\"><img loading=\"lazy\" decoding=\"async\" class=\"alignnone size-full wp-image-3450\" src=\"http:\/\/www.sabine-seyffert.de\/blog\/wp-content\/uploads\/2013\/12\/12.-Blick-landschaft-5.jpg\" alt=\"12. Blick landschaft 5\" width=\"600\" height=\"800\" srcset=\"https:\/\/www.sabine-seyffert.de\/blog\/wp-content\/uploads\/2013\/12\/12.-Blick-landschaft-5.jpg 600w, https:\/\/www.sabine-seyffert.de\/blog\/wp-content\/uploads\/2013\/12\/12.-Blick-landschaft-5-225x300.jpg 225w\" sizes=\"auto, (max-width: 600px) 100vw, 600px\" \/><\/a><\/p>\n<p style=\"text-align: justify;\">Wie <a href=\"http:\/\/tabea-heinicker.blogspot.de\/\" target=\"_blank\">Tabea<\/a>, die diese wunderbare <a href=\"http:\/\/tabea-heinicker.blogspot.de\/2013\/01\/12tel-blick-fotoprojekt.html\" target=\"_blank\">Aktion des \u201e12. Blicks\u201c<\/a> ins Leben gerufen hat, selbst auf ihrem Blog schreibt, es sch\u00e4rft und trainiert den Blick auf eine gro\u00dfartige Art und Weise.<\/p>\n<p style=\"text-align: center;\"><a href=\"http:\/\/www.sabine-seyffert.de\/blog\/wp-content\/uploads\/2013\/12\/12.-Blick-landschaft-7.jpg\"><img loading=\"lazy\" decoding=\"async\" class=\"alignnone size-full wp-image-3459\" src=\"http:\/\/www.sabine-seyffert.de\/blog\/wp-content\/uploads\/2013\/12\/12.-Blick-landschaft-7.jpg\" alt=\"12. Blick landschaft 7\" width=\"600\" height=\"809\" srcset=\"https:\/\/www.sabine-seyffert.de\/blog\/wp-content\/uploads\/2013\/12\/12.-Blick-landschaft-7.jpg 600w, https:\/\/www.sabine-seyffert.de\/blog\/wp-content\/uploads\/2013\/12\/12.-Blick-landschaft-7-222x300.jpg 222w\" sizes=\"auto, (max-width: 600px) 100vw, 600px\" \/><\/a><\/p>\n<p style=\"text-align: justify;\">Ebenso hilft dieses Fotoprojekt dabei, den inneren Schweinehund zu \u00fcberwinden um des \u00d6fteren mal nach Drau\u00dfen zu gehen um Fotos zu machen.<\/p>\n<p style=\"text-align: center;\"><a href=\"http:\/\/www.sabine-seyffert.de\/blog\/wp-content\/uploads\/2013\/12\/12.-Blick-landschaft-8.jpg\"><img loading=\"lazy\" decoding=\"async\" class=\"alignnone size-full wp-image-3452\" src=\"http:\/\/www.sabine-seyffert.de\/blog\/wp-content\/uploads\/2013\/12\/12.-Blick-landschaft-8.jpg\" alt=\"12. Blick landschaft 8\" width=\"600\" height=\"800\" srcset=\"https:\/\/www.sabine-seyffert.de\/blog\/wp-content\/uploads\/2013\/12\/12.-Blick-landschaft-8.jpg 600w, https:\/\/www.sabine-seyffert.de\/blog\/wp-content\/uploads\/2013\/12\/12.-Blick-landschaft-8-225x300.jpg 225w\" sizes=\"auto, (max-width: 600px) 100vw, 600px\" \/><\/a><\/p>\n<p style=\"text-align: justify;\">Der 1.Versuch war an einem Montagmorgen im Morgengrauen. Gleich zwei Freundinnen spazierten mit und daran lag es wohl, dass die Fotos zwar an den beiden besagten Stellen pflichtbewusst gemacht wurden, aber leider unbrauchbar waren. Denn munter quatschend und mit halber Aufmerksamkeit, waren die Bilder irgendwie unsch\u00f6n\u2026<\/p>\n<p style=\"text-align: center;\"><a href=\"http:\/\/www.sabine-seyffert.de\/blog\/wp-content\/uploads\/2013\/12\/12.-Blick-1.jpg\"><img loading=\"lazy\" decoding=\"async\" class=\"alignnone size-full wp-image-3453\" src=\"http:\/\/www.sabine-seyffert.de\/blog\/wp-content\/uploads\/2013\/12\/12.-Blick-1.jpg\" alt=\"12. Blick 1\" width=\"600\" height=\"800\" srcset=\"https:\/\/www.sabine-seyffert.de\/blog\/wp-content\/uploads\/2013\/12\/12.-Blick-1.jpg 600w, https:\/\/www.sabine-seyffert.de\/blog\/wp-content\/uploads\/2013\/12\/12.-Blick-1-225x300.jpg 225w\" sizes=\"auto, (max-width: 600px) 100vw, 600px\" \/><\/a><\/p>\n<p style=\"text-align: justify;\">Da das Wetter an diesem Tag so wunderbar sonnig war, \u00fcberredete ich meine j\u00fcngste Tochter nach dem Mittagessen zu einem kleinen Spaziergang. Jemanden zu \u00fcberreden ist ausgesprochen ung\u00fcnstig, zumindest was den 12. Blick betrifft. So haben ich die erste Stelle zwar einfangen k\u00f6nnen, aber mit schlechtgelauntem Kind, habe ich den Spaziergang kurzerhand abgebrochen.<\/p>\n<p style=\"text-align: center;\"><a href=\"http:\/\/www.sabine-seyffert.de\/blog\/wp-content\/uploads\/2013\/12\/12.-Blick-1-gesamt-.jpg\"><img loading=\"lazy\" decoding=\"async\" class=\"alignnone size-full wp-image-3454\" src=\"http:\/\/www.sabine-seyffert.de\/blog\/wp-content\/uploads\/2013\/12\/12.-Blick-1-gesamt-.jpg\" alt=\"12. Blick 1 gesamt\" width=\"800\" height=\"800\" srcset=\"https:\/\/www.sabine-seyffert.de\/blog\/wp-content\/uploads\/2013\/12\/12.-Blick-1-gesamt-.jpg 800w, https:\/\/www.sabine-seyffert.de\/blog\/wp-content\/uploads\/2013\/12\/12.-Blick-1-gesamt--150x150.jpg 150w, https:\/\/www.sabine-seyffert.de\/blog\/wp-content\/uploads\/2013\/12\/12.-Blick-1-gesamt--300x300.jpg 300w\" sizes=\"auto, (max-width: 800px) 100vw, 800px\" \/><\/a><\/p>\n<p style=\"text-align: justify;\">Die Zeit wurde knapp, denn der 20. stand kurz bevor. Auch wenn ich es langweilig finde allein durch Wald &amp; Flur zu spazieren, so hat es sich doch gelohnt und gezeigt, dass ein wenig Ruhe alles noch mal ganz anders aussehen l\u00e4sst. Und in diesem Fall hatte ich reichlich Zeit zum Fotografieren.<\/p>\n<p style=\"text-align: center;\"><a href=\"http:\/\/www.sabine-seyffert.de\/blog\/wp-content\/uploads\/2013\/12\/12.-Blick-2.jpg\"><img loading=\"lazy\" decoding=\"async\" class=\"alignnone size-full wp-image-3455\" src=\"http:\/\/www.sabine-seyffert.de\/blog\/wp-content\/uploads\/2013\/12\/12.-Blick-2.jpg\" alt=\"12. Blick 2\" width=\"600\" height=\"800\" srcset=\"https:\/\/www.sabine-seyffert.de\/blog\/wp-content\/uploads\/2013\/12\/12.-Blick-2.jpg 600w, https:\/\/www.sabine-seyffert.de\/blog\/wp-content\/uploads\/2013\/12\/12.-Blick-2-225x300.jpg 225w\" sizes=\"auto, (max-width: 600px) 100vw, 600px\" \/><\/a><\/p>\n<p style=\"text-align: justify;\">Besonders gut getan hat der Sonnenaufgang. Denn der brachte in die eher triste Dezemberlandschaft ein wunderbares, warmes Leuchten.<\/p>\n<p style=\"text-align: center;\"><a href=\"http:\/\/www.sabine-seyffert.de\/blog\/wp-content\/uploads\/2013\/12\/12.-Blick-2-gesamt-.jpg\"><img loading=\"lazy\" decoding=\"async\" class=\"alignnone size-full wp-image-3456\" src=\"http:\/\/www.sabine-seyffert.de\/blog\/wp-content\/uploads\/2013\/12\/12.-Blick-2-gesamt-.jpg\" alt=\"12. Blick 2 gesamt\" width=\"800\" height=\"800\" srcset=\"https:\/\/www.sabine-seyffert.de\/blog\/wp-content\/uploads\/2013\/12\/12.-Blick-2-gesamt-.jpg 800w, https:\/\/www.sabine-seyffert.de\/blog\/wp-content\/uploads\/2013\/12\/12.-Blick-2-gesamt--150x150.jpg 150w, https:\/\/www.sabine-seyffert.de\/blog\/wp-content\/uploads\/2013\/12\/12.-Blick-2-gesamt--300x300.jpg 300w\" sizes=\"auto, (max-width: 800px) 100vw, 800px\" \/><\/a><\/p>\n<p style=\"text-align: justify;\">Alle meine Bilder zum 12. Blick 2013 findet ihr <a href=\"http:\/\/www.sabine-seyffert.de\/blog\/?cat=35\" target=\"_blank\">hier<\/a>.<\/p>\n<p style=\"text-align: center;\"><a href=\"http:\/\/www.sabine-seyffert.de\/blog\/wp-content\/uploads\/2013\/12\/12.-Blick-landschaft-3.jpg\"><img loading=\"lazy\" decoding=\"async\" class=\"alignnone size-full wp-image-3457\" src=\"http:\/\/www.sabine-seyffert.de\/blog\/wp-content\/uploads\/2013\/12\/12.-Blick-landschaft-3.jpg\" alt=\"12. Blick landschaft 3\" width=\"600\" height=\"800\" srcset=\"https:\/\/www.sabine-seyffert.de\/blog\/wp-content\/uploads\/2013\/12\/12.-Blick-landschaft-3.jpg 600w, https:\/\/www.sabine-seyffert.de\/blog\/wp-content\/uploads\/2013\/12\/12.-Blick-landschaft-3-225x300.jpg 225w\" sizes=\"auto, (max-width: 600px) 100vw, 600px\" \/><\/a><\/p>\n<p style=\"text-align: justify;\">Zum Schlu\u00df m\u00f6chte ich mich ganz herzlich bei Tabea Heinicker f\u00fcr die wunderbaren <a href=\"http:\/\/tabea-heinicker.blogspot.de\/2013\/12\/rund-zeigt-her-eure-fotos.html\" target=\"_blank\">12. Blicke<\/a> bedanken!<\/p>\n<p style=\"text-align: center;\"><a href=\"http:\/\/www.sabine-seyffert.de\/blog\/wp-content\/uploads\/2013\/12\/12.-Blick-landschaft-4.jpg\"><img loading=\"lazy\" decoding=\"async\" class=\"alignnone size-full wp-image-3458\" src=\"http:\/\/www.sabine-seyffert.de\/blog\/wp-content\/uploads\/2013\/12\/12.-Blick-landschaft-4.jpg\" alt=\"12. Blick landschaft 4\" width=\"600\" height=\"667\" srcset=\"https:\/\/www.sabine-seyffert.de\/blog\/wp-content\/uploads\/2013\/12\/12.-Blick-landschaft-4.jpg 600w, https:\/\/www.sabine-seyffert.de\/blog\/wp-content\/uploads\/2013\/12\/12.-Blick-landschaft-4-269x300.jpg 269w\" sizes=\"auto, (max-width: 600px) 100vw, 600px\" \/><\/a><\/p>\n<p><a href=\"http:\/\/www.sabine-seyffert.de\/blog\/?page_id=32#urheberrecht\">urheberrechtlich gesch\u00fctzt<\/a>, \u00a9 Sabine Seyffert<\/p>\n","protected":false},"excerpt":{"rendered":"<p>Ob Ihr es glaubt oder nicht \u2013 um die Fotos f\u00fcr meinen 12. Blick im Dezember zu bekommen, habe ich mich ganze drei Mal auf den Weg machen m\u00fcssen. Inzwischen glaube ich, dass es am Abschiedsschmerz liegt. Abschied zu nehmen f\u00e4llt mir in diesem Fall nicht leicht und was eher durch einen Zufall im Januar&#8230; <a href=\"https:\/\/www.sabine-seyffert.de\/blog\/mein-12-blick-im-dezember\/\" class=\"more-link\">Read more: Mein 12. Blick im Dezember<\/a><\/p>\n","protected":false},"author":2,"featured_media":0,"comment_status":"open","ping_status":"open","sticky":false,"template":"","format":"standard","meta":{"_metis_text_type":"","_metis_text_length":2005,"_post_count":0,"footnotes":""},"categories":[41],"tags":[],"class_list":["post-3448","post","type-post","status-publish","format-standard","hentry","category-weihnachten"],"_links":{"self":[{"href":"https:\/\/www.sabine-seyffert.de\/blog\/wp-json\/wp\/v2\/posts\/3448","targetHints":{"allow":["GET"]}}],"collection":[{"href":"https:\/\/www.sabine-seyffert.de\/blog\/wp-json\/wp\/v2\/posts"}],"about":[{"href":"https:\/\/www.sabine-seyffert.de\/blog\/wp-json\/wp\/v2\/types\/post"}],"author":[{"embeddable":true,"href":"https:\/\/www.sabine-seyffert.de\/blog\/wp-json\/wp\/v2\/users\/2"}],"replies":[{"embeddable":true,"href":"https:\/\/www.sabine-seyffert.de\/blog\/wp-json\/wp\/v2\/comments?post=3448"}],"version-history":[{"count":5,"href":"https:\/\/www.sabine-seyffert.de\/blog\/wp-json\/wp\/v2\/posts\/3448\/revisions"}],"predecessor-version":[{"id":6133,"href":"https:\/\/www.sabine-seyffert.de\/blog\/wp-json\/wp\/v2\/posts\/3448\/revisions\/6133"}],"wp:attachment":[{"href":"https:\/\/www.sabine-seyffert.de\/blog\/wp-json\/wp\/v2\/media?parent=3448"}],"wp:term":[{"taxonomy":"category","embeddable":true,"href":"https:\/\/www.sabine-seyffert.de\/blog\/wp-json\/wp\/v2\/categories?post=3448"},{"taxonomy":"post_tag","embeddable":true,"href":"https:\/\/www.sabine-seyffert.de\/blog\/wp-json\/wp\/v2\/tags?post=3448"}],"curies":[{"name":"wp","href":"https:\/\/api.w.org\/{rel}","templated":true}]}}